{"id":49153,"date":"2023-05-08T11:56:39","date_gmt":"2023-05-08T15:56:39","guid":{"rendered":"https:\/\/atento.com.do\/?p=49153"},"modified":"2023-05-08T11:56:39","modified_gmt":"2023-05-08T15:56:39","slug":"leonel-fernandez-juramenta-mas-de-150-mujeres-del-prm-en-madrid","status":"publish","type":"post","link":"https:\/\/lasprimeras.com.do\/index.php\/2023\/05\/08\/leonel-fernandez-juramenta-mas-de-150-mujeres-del-prm-en-madrid\/","title":{"rendered":"Leonel Fern\u00e1ndez juramenta m\u00e1s de 150 mujeres del PRM en Madrid"},"content":{"rendered":"\n<p><strong>Madrid, Espa\u00f1a \u2013<\/strong> El presidente de la Fuerza del Pueblo doctor Leonel Fern\u00e1ndez, jurament\u00f3 m\u00e1s de 150 mujeres en Madrid, provenientes del Partido Revolucionario Moderno (PRM), quienes se unieron oficialmente a la organizaci\u00f3n pol\u00edtica.<\/p>\n\n\n\n<p>Este evento marca el inicio del movimiento \u201cMujeres con Leonel en Europa\u201d, liderado por Corcia Moreno Fa\u00f1a, ex dirigente del PRM en el exterior.<\/p>\n\n\n\n<p>Corcia, &nbsp;destac\u00f3 su compromiso de trabajar junto a Leonel Fern\u00e1ndez para que las voces de las mujeres dominicanas en el exterior sean escuchadas y tomadas en cuenta.<\/p>\n\n\n\n<p>Tambi\u00e9n hizo hincapi\u00e9 en las dificultades que enfrentan las mujeres dominicanas emigrantes para conseguir empleo digno, a pesar de ser profesionales capacitadas.<\/p>\n\n\n\n<figure class=\"wp-block-image size-full\"><img decoding=\"async\" src=\"https:\/\/atento.com.do\/wp-content\/uploads\/2023\/05\/Leonel-Fernandez-Espana.jpg\" alt=\"\" class=\"wp-image-49157\"\/><\/figure>\n\n\n\n<p>Por su parte, Leonel Fern\u00e1ndez se comprometi\u00f3 una vez asuma el gobierno que encabezar\u00e1 la Fuerza del Pueblo el 16 de agosto del 2024.<\/p>\n\n\n\n<p>El ex presidente dominicano, resalt\u00f3 la importancia de este acto, ya que representa el apoyo de antiguos miembros del partido de gobierno a su organizaci\u00f3n pol\u00edtica.<\/p>\n\n\n\n<p>El evento cont\u00f3 con la presencia de 26 mujeres presidentas y miembros de las direcciones central, de base y secretarias en toda Europa del partido.<\/p>\n\n\n\n<figure class=\"wp-block-image size-full\"><img decoding=\"async\" src=\"https:\/\/atento.com.do\/wp-content\/uploads\/2023\/05\/dirigentes-FP.jpg\" alt=\"\" class=\"wp-image-49158\"\/><\/figure>\n\n\n\n<p>Un momento significativo ocurri\u00f3 cuando Marcos Cross, presidente de la Fuerza del Pueblo en Europa y ex diputado de ultramar, tuvo que pedir a los hombres presentes que abandonaran el recinto, debido a que el sal\u00f3n estaba lleno de participantes entusiastas, superando el aforo permitido por las autoridades espa\u00f1olas en Madrid.<\/p>\n\n\n\n<p>La incorporaci\u00f3n de estas mujeres refuerza la posici\u00f3n de la Fuerza del Pueblo y demuestra el compromiso de la organizaci\u00f3n pol\u00edtica con la igualdad de g\u00e9nero y defensa de los derechos de las mujeres dominicanas en Europa.<\/p>\n","protected":false},"excerpt":{"rendered":"<p>Madrid, Espa\u00f1a \u2013 El presidente de la Fuerza del Pueblo doctor Leonel Fern\u00e1ndez, jurament\u00f3 m\u00e1s de 150 mujeres en Madrid, provenientes del Partido Revolucionario Moderno (PRM), quienes se unieron oficialmente&hellip;<\/p>\n","protected":false},"author":1,"featured_media":49156,"comment_status":"open","ping_status":"open","sticky":false,"template":"","format":"standard","meta":{"content-type":"","jetpack_post_was_ever_published":false,"_jetpack_newsletter_access":"","_jetpack_dont_email_post_to_subs":false,"_jetpack_newsletter_tier_id":0,"_jetpack_memberships_contains_paywalled_content":false,"_jetpack_memberships_contains_paid_content":false,"footnotes":""},"categories":[25],"tags":[268,51,835,836,31],"class_list":["post-49153","post","type-post","status-publish","format-standard","has-post-thumbnail","hentry","category-portada","tag-juramenta","tag-leonel-fernandez","tag-madrid-barajas","tag-mujeres","tag-prm"],"jetpack_featured_media_url":"","jetpack-related-posts":[{"id":103234,"url":"https:\/\/lasprimeras.com.do\/index.php\/2025\/07\/13\/leonel-fernandez-desde-bonao-el-gobierno-del-prm-tiene-el-motor-fundido\/","url_meta":{"origin":49153,"position":0},"title":"Leonel Fern\u00e1ndez desde Bonao: el gobierno del PRM tiene el \u201cmotor fundido\u201d","author":"Nelson Feliz","date":"13 de julio de 2025","format":false,"excerpt":"El presidente de la Fuerza del Pueblo y expresidente de la Rep\u00fablica Dominicana, Leonel Fern\u00e1ndez, asegur\u00f3 en un acto pol\u00edtico en esta provincia que el gobierno del Partido Revolucionario Moderno (PRM) tiene, \u201cel motor fundido\u201d. La expresi\u00f3n, que se convirti\u00f3 en el eje del discurso de Fern\u00e1ndez, fue utilizada originalmente\u2026","rel":"","context":"En \u00abPOLITICA\u00bb","block_context":{"text":"POLITICA","link":"https:\/\/lasprimeras.com.do\/index.php\/category\/politica\/"},"img":{"alt_text":"","src":"https:\/\/i0.wp.com\/lasprimeras.com.do\/wp-content\/uploads\/2025\/07\/leonel-2.jpg?resize=350%2C200&ssl=1","width":350,"height":200,"srcset":"https:\/\/i0.wp.com\/lasprimeras.com.do\/wp-content\/uploads\/2025\/07\/leonel-2.jpg?resize=350%2C200&ssl=1 1x, https:\/\/i0.wp.com\/lasprimeras.com.do\/wp-content\/uploads\/2025\/07\/leonel-2.jpg?resize=525%2C300&ssl=1 1.5x, https:\/\/i0.wp.com\/lasprimeras.com.do\/wp-content\/uploads\/2025\/07\/leonel-2.jpg?resize=700%2C400&ssl=1 2x"},"classes":[]},{"id":106464,"url":"https:\/\/lasprimeras.com.do\/index.php\/2025\/08\/15\/regidor-del-prm-se-une-a-la-fuerza-del-pueblo-y-es-juramentado-por-leonel-fernandez\/","url_meta":{"origin":49153,"position":1},"title":"Regidor del PRM se une a la Fuerza del Pueblo y es juramentado por Leonel Fern\u00e1ndez","author":"Nelson Feliz","date":"15 de agosto de 2025","format":false,"excerpt":"En el marco de su visita a la Ciudad Coraz\u00f3n, el presidente del partido Fuerza del Pueblo (FP), Leonel Fern\u00e1ndez, jurament\u00f3 al regidor del Partido Revolucionario Moderno (PRM) de Hatillo Palma, provincia Montecristi, Dany Torres, quien formaliz\u00f3 su ingreso a las filas de la organizaci\u00f3n pol\u00edtica liderada por el exmandatario.\u2026","rel":"","context":"En \u00abPOLITICA\u00bb","block_context":{"text":"POLITICA","link":"https:\/\/lasprimeras.com.do\/index.php\/category\/politica\/"},"img":{"alt_text":"","src":"https:\/\/i0.wp.com\/lasprimeras.com.do\/wp-content\/uploads\/2025\/08\/Dany-Torres.jpg?resize=350%2C200&ssl=1","width":350,"height":200,"srcset":"https:\/\/i0.wp.com\/lasprimeras.com.do\/wp-content\/uploads\/2025\/08\/Dany-Torres.jpg?resize=350%2C200&ssl=1 1x, https:\/\/i0.wp.com\/lasprimeras.com.do\/wp-content\/uploads\/2025\/08\/Dany-Torres.jpg?resize=525%2C300&ssl=1 1.5x, https:\/\/i0.wp.com\/lasprimeras.com.do\/wp-content\/uploads\/2025\/08\/Dany-Torres.jpg?resize=700%2C400&ssl=1 2x"},"classes":[]},{"id":103989,"url":"https:\/\/lasprimeras.com.do\/index.php\/2025\/07\/21\/leonel-juramenta-2-regidores-y-mas-dirigentes-del-pld-prm-y-otras-organizaciones-en-san-cristobal\/","url_meta":{"origin":49153,"position":2},"title":"Leonel juramenta 2 regidores y m\u00e1s dirigentes del PLD, PRM y otras organizaciones en San Crist\u00f3bal","author":"Nelson Feliz","date":"21 de julio de 2025","format":false,"excerpt":"En un acto multitudinario celebrado este domingo 20 de julio en el Club Deportivo Ciro P\u00e9rez, el presidente de la Fuerza del Pueblo (FP), Leonel Fern\u00e1ndez, jurament\u00f3 a dos regidores y decenas de dirigentes provenientes del Partido de la Liberaci\u00f3n Dominicana (PLD), del Partido Revolucionario Moderno (PRM) y de otras\u2026","rel":"","context":"En \u00abPOLITICA\u00bb","block_context":{"text":"POLITICA","link":"https:\/\/lasprimeras.com.do\/index.php\/category\/politica\/"},"img":{"alt_text":"Leonel Fern\u00e1ndez","src":"https:\/\/i0.wp.com\/lasprimeras.com.do\/wp-content\/uploads\/2025\/07\/Leonel-Fernandez-4.jpg?resize=350%2C200&ssl=1","width":350,"height":200,"srcset":"https:\/\/i0.wp.com\/lasprimeras.com.do\/wp-content\/uploads\/2025\/07\/Leonel-Fernandez-4.jpg?resize=350%2C200&ssl=1 1x, https:\/\/i0.wp.com\/lasprimeras.com.do\/wp-content\/uploads\/2025\/07\/Leonel-Fernandez-4.jpg?resize=525%2C300&ssl=1 1.5x, https:\/\/i0.wp.com\/lasprimeras.com.do\/wp-content\/uploads\/2025\/07\/Leonel-Fernandez-4.jpg?resize=700%2C400&ssl=1 2x"},"classes":[]},{"id":107171,"url":"https:\/\/lasprimeras.com.do\/index.php\/2025\/08\/24\/leonel-juramentara-este-domingo-nuevos-miembros-de-la-fp-en-spm\/","url_meta":{"origin":49153,"position":3},"title":"Leonel jurament\u00f3 este domingo nuevos miembros de la FP en SPM","author":"Nelson Feliz","date":"24 de agosto de 2025","format":false,"excerpt":"El presidente del partido Fuerza del Pueblo (FP), Leonel Fern\u00e1ndez, jurament\u00f3 nuevos dirigentes y personalidades en la provincia San Pedro de Macor\u00eds, provenientes del Partido Revolucionario Moderno (PRM) como del Partido de la Liberaci\u00f3n Dominicana (PLD), lo que evidencia el creciente fortalecimiento de esa organizaci\u00f3n. La primera actividad se llev\u00f3\u2026","rel":"","context":"En \u00abPOLITICA\u00bb","block_context":{"text":"POLITICA","link":"https:\/\/lasprimeras.com.do\/index.php\/category\/politica\/"},"img":{"alt_text":"","src":"https:\/\/i0.wp.com\/lasprimeras.com.do\/wp-content\/uploads\/2025\/08\/Leonel-Fernandez.jpg?resize=350%2C200&ssl=1","width":350,"height":200,"srcset":"https:\/\/i0.wp.com\/lasprimeras.com.do\/wp-content\/uploads\/2025\/08\/Leonel-Fernandez.jpg?resize=350%2C200&ssl=1 1x, https:\/\/i0.wp.com\/lasprimeras.com.do\/wp-content\/uploads\/2025\/08\/Leonel-Fernandez.jpg?resize=525%2C300&ssl=1 1.5x, https:\/\/i0.wp.com\/lasprimeras.com.do\/wp-content\/uploads\/2025\/08\/Leonel-Fernandez.jpg?resize=700%2C400&ssl=1 2x"},"classes":[]},{"id":48887,"url":"https:\/\/lasprimeras.com.do\/index.php\/2023\/05\/04\/leonel-fernandez-juramentara-cientos-de-ex-dirigentes-del-prm-en-espana\/","url_meta":{"origin":49153,"position":4},"title":"Leonel Fern\u00e1ndez juramentar\u00e1 cientos de ex dirigentes del PRM en Espa\u00f1a","author":"prenxa100","date":"4 de mayo de 2023","format":false,"excerpt":"Madrid, Espa\u00f1a.-. El presidente de la Fuerza del Pueblo, Leonel Fern\u00e1ndez, lleg\u00f3 hoy a Madrid para celebrar diversos encuentros y tres juramentaciones en el campo intelectual y con dirigentes europeos. El primer evento, al que asistir\u00e1n miembros dirigentes de toda Europa, donde se juramentaran dirigentes del PRSC, del PRM y\u2026","rel":"","context":"En \u00abPORTADA\u00bb","block_context":{"text":"PORTADA","link":"https:\/\/lasprimeras.com.do\/index.php\/category\/portada\/"},"img":{"alt_text":"","src":"","width":0,"height":0},"classes":[]},{"id":115603,"url":"https:\/\/lasprimeras.com.do\/index.php\/2025\/11\/24\/regidor-del-pld-y-dirigentes-del-prm-se-juramentan-en-la-fuerza-del-pueblo\/","url_meta":{"origin":49153,"position":5},"title":"Regidor del PLD y dirigentes del PRM se juramentan en la Fuerza del Pueblo","author":"Nelson Feliz","date":"24 de noviembre de 2025","format":false,"excerpt":"En un acto encabezado por Radham\u00e9s Jim\u00e9nez Pe\u00f1a, l\u00edderes comunitarios, pastores y exdirigentes de varios partidos pol\u00edticos oficializaron su paso a las filas de la Fuerza del Pueblo. En una muestra de reconfiguraci\u00f3n pol\u00edtica en Santo Domingo Norte, un importante grupo de dirigentes y l\u00edderes comunitarios de distintas fuerzas pol\u00edticas\u2026","rel":"","context":"En \u00abPOLITICA\u00bb","block_context":{"text":"POLITICA","link":"https:\/\/lasprimeras.com.do\/index.php\/category\/politica\/"},"img":{"alt_text":"Radham\u00e9s Jim\u00e9nez Pe\u00f1a","src":"https:\/\/i0.wp.com\/lasprimeras.com.do\/wp-content\/uploads\/2025\/11\/Radhames-Jimenez-Pena-1.jpg?resize=350%2C200&ssl=1","width":350,"height":200,"srcset":"https:\/\/i0.wp.com\/lasprimeras.com.do\/wp-content\/uploads\/2025\/11\/Radhames-Jimenez-Pena-1.jpg?resize=350%2C200&ssl=1 1x, https:\/\/i0.wp.com\/lasprimeras.com.do\/wp-content\/uploads\/2025\/11\/Radhames-Jimenez-Pena-1.jpg?resize=525%2C300&ssl=1 1.5x, https:\/\/i0.wp.com\/lasprimeras.com.do\/wp-content\/uploads\/2025\/11\/Radhames-Jimenez-Pena-1.jpg?resize=700%2C400&ssl=1 2x"},"classes":[]}],"jetpack_sharing_enabled":true,"_links":{"self":[{"href":"https:\/\/lasprimeras.com.do\/index.php\/wp-json\/wp\/v2\/posts\/49153","targetHints":{"allow":["GET"]}}],"collection":[{"href":"https:\/\/lasprimeras.com.do\/index.php\/wp-json\/wp\/v2\/posts"}],"about":[{"href":"https:\/\/lasprimeras.com.do\/index.php\/wp-json\/wp\/v2\/types\/post"}],"author":[{"embeddable":true,"href":"https:\/\/lasprimeras.com.do\/index.php\/wp-json\/wp\/v2\/users\/1"}],"replies":[{"embeddable":true,"href":"https:\/\/lasprimeras.com.do\/index.php\/wp-json\/wp\/v2\/comments?post=49153"}],"version-history":[{"count":0,"href":"https:\/\/lasprimeras.com.do\/index.php\/wp-json\/wp\/v2\/posts\/49153\/revisions"}],"wp:featuredmedia":[{"embeddable":true,"href":"https:\/\/lasprimeras.com.do\/index.php\/wp-json\/"}],"wp:attachment":[{"href":"https:\/\/lasprimeras.com.do\/index.php\/wp-json\/wp\/v2\/media?parent=49153"}],"wp:term":[{"taxonomy":"category","embeddable":true,"href":"https:\/\/lasprimeras.com.do\/index.php\/wp-json\/wp\/v2\/categories?post=49153"},{"taxonomy":"post_tag","embeddable":true,"href":"https:\/\/lasprimeras.com.do\/index.php\/wp-json\/wp\/v2\/tags?post=49153"}],"curies":[{"name":"wp","href":"https:\/\/api.w.org\/{rel}","templated":true}]}}