{"id":49164,"date":"2023-05-08T12:38:08","date_gmt":"2023-05-08T16:38:08","guid":{"rendered":"https:\/\/atento.com.do\/?p=49164"},"modified":"2023-05-08T12:38:08","modified_gmt":"2023-05-08T16:38:08","slug":"ministro-de-administracion-publica-visita-las-instalaciones-del-sistema-9-1-1","status":"publish","type":"post","link":"https:\/\/lasprimeras.com.do\/index.php\/2023\/05\/08\/ministro-de-administracion-publica-visita-las-instalaciones-del-sistema-9-1-1\/","title":{"rendered":"Ministro de Administraci\u00f3n P\u00fablica visita las instalaciones del Sistema 9-1-1"},"content":{"rendered":"\n<p><strong>Santo Domingo. \u2013&nbsp;<\/strong>El Sistema Nacional de Atenci\u00f3n a Emergencias y Seguridad 9-1-1 recibi\u00f3 en sus instalaciones la visita del ministro de Administraci\u00f3n P\u00fablica (MAP), Dar\u00edo Castillo Lugo, con el objetivo de mostrarle el modelo de gesti\u00f3n integrada de las operaciones de la entidad.<\/p>\n\n\n\n<p>El director ejecutivo del Sistema 9-1-1, coronel piloto, Randolfo Rijo G\u00f3mez, ERD, acogi\u00f3 al ministro y dentro de un conversatorio resalt\u00f3 la importancia de trabajar en sinergia con otras instituciones, en este caso con el MAP, para el fortalecimiento y profesionalizaci\u00f3n institucional de la administraci\u00f3n p\u00fablica.<\/p>\n\n\n\n<p>&#8220;En el Sistema 9-1-1 estamos comprometidos a fortalecer y profesionalizar nuestras instituciones p\u00fablicas, para poder brindar un servicio eficiente y de calidad a todos los ciudadanos. Creemos que la mejora continua de nuestras pr\u00e1cticas y procesos es clave para lograr una administraci\u00f3n p\u00fablica cada vez m\u00e1s s\u00f3lida y confiable, que inspire confianza en la poblaci\u00f3n y responda a sus necesidades de manera oportuna y efectiva&#8221;, puntualiz\u00f3 Rijo G\u00f3mez.<\/p>\n\n\n\n<p>Durante el encuentro, el ministro Castillo Lugo, manifest\u00f3 su inter\u00e9s de que el MAP y el 9-1-1 trabajen conjuntamente, para continuar elevando la calidad de los servicios de atenci\u00f3n, as\u00ed como incrementar la capacitaci\u00f3n y captaci\u00f3n de recursos humanos, para dar respuesta efectiva a los casos de emergencias.<\/p>\n\n\n\n<p>La visita concluy\u00f3 con un recorrido por los distintos departamentos involucrados en el proceso de atenci\u00f3n a las emergencias, mostrando el protocolo correspondiente al momento de recibir una llamada a trav\u00e9s del n\u00famero telef\u00f3nico 9-1-1, hasta la atenci\u00f3n que amerite la emergencia reportada.<\/p>\n\n\n\n<p>En la reuni\u00f3n tambi\u00e9n estuvo presente el viceministro de Monitoreo y Coordinaci\u00f3n Gubernamental del Ministerio de la Presidencia (MINPRE), Jos\u00e9 Ram\u00f3n Holgu\u00edn y el director Jur\u00eddico del MINPRE, Noel Rafael B\u00e1ez Paredes. <\/p>\n\n\n\n<p>Por parte del MAP estuvo la viceministra de Evaluaci\u00f3n de Desempe\u00f1o Institucional, Hadeline Rosa Matos Castillo y el viceministro de Fortalecimiento Institucional, Jos\u00e9 Eduardo Pimentel Valenzuela. <\/p>\n\n\n\n<p>Adem\u00e1s, por el Sistema 9-1-1 particip\u00f3 la directora de Comunicaciones, Amarfi Peralta; la directora de Recursos Humanos, Raisa Caama\u00f1o; y el director Jur\u00eddico, Rafael Augusto\u00a0Santana\u00a0Vi\u00f1as.<\/p>\n","protected":false},"excerpt":{"rendered":"<p>Santo Domingo. \u2013&nbsp;El Sistema Nacional de Atenci\u00f3n a Emergencias y Seguridad 9-1-1 recibi\u00f3 en sus instalaciones la visita del ministro de Administraci\u00f3n P\u00fablica (MAP), Dar\u00edo Castillo Lugo, con el objetivo&hellip;<\/p>\n","protected":false},"author":1,"featured_media":49165,"comment_status":"open","ping_status":"open","sticky":false,"template":"","format":"standard","meta":{"content-type":"","jetpack_post_was_ever_published":false,"_jetpack_newsletter_access":"","_jetpack_dont_email_post_to_subs":false,"_jetpack_newsletter_tier_id":0,"_jetpack_memberships_contains_paywalled_content":false,"_jetpack_memberships_contains_paid_content":false,"footnotes":""},"categories":[35],"tags":[473,840,373,841,842,843],"class_list":["post-49164","post","type-post","status-publish","format-standard","has-post-thumbnail","hentry","category-nacionales","tag-administracion","tag-instalaciones","tag-ministro","tag-publica","tag-sistema-9-1-1","tag-visita"],"jetpack_featured_media_url":"","jetpack-related-posts":[{"id":54134,"url":"https:\/\/lasprimeras.com.do\/index.php\/2023\/07\/07\/sistema-9-1-1-entrega-ambulancia-al-msp-para-pacientes-con-trastornos-mental\/","url_meta":{"origin":49164,"position":0},"title":"Sistema 9-1-1 entrega ambulancia al MSP para pacientes con trastornos mental","author":"Nelson Feliz","date":"7 de julio de 2023","format":false,"excerpt":"El Sistema Nacional de Atenci\u00f3n a Emergencias y Seguridad 9-1-1, entreg\u00f3 una ambulancia al Ministerio de Salud P\u00fablica (MSP), para brindar atenci\u00f3n oportuna y de calidad a los pacientes con situaciones cr\u00edticas en la salud mental. El acto de entrega fue encabezado por el ministro de Salud P\u00fablica, Dr. Daniel\u2026","rel":"","context":"En \u00abNACIONALES\u00bb","block_context":{"text":"NACIONALES","link":"https:\/\/lasprimeras.com.do\/index.php\/category\/nacionales\/"},"img":{"alt_text":"Sistema 9-1-1 entrega ambulancia al MSP","src":"https:\/\/i0.wp.com\/lasprimeras.com.do\/wp-content\/uploads\/2023\/07\/Sistema-9-1-1-entrega-ambulancia-al-MSP-5.jpg?resize=350%2C200&ssl=1","width":350,"height":200,"srcset":"https:\/\/i0.wp.com\/lasprimeras.com.do\/wp-content\/uploads\/2023\/07\/Sistema-9-1-1-entrega-ambulancia-al-MSP-5.jpg?resize=350%2C200&ssl=1 1x, https:\/\/i0.wp.com\/lasprimeras.com.do\/wp-content\/uploads\/2023\/07\/Sistema-9-1-1-entrega-ambulancia-al-MSP-5.jpg?resize=525%2C300&ssl=1 1.5x, https:\/\/i0.wp.com\/lasprimeras.com.do\/wp-content\/uploads\/2023\/07\/Sistema-9-1-1-entrega-ambulancia-al-MSP-5.jpg?resize=700%2C400&ssl=1 2x"},"classes":[]},{"id":64727,"url":"https:\/\/lasprimeras.com.do\/index.php\/2023\/10\/23\/9-1-1-intercambia-experiencias-en-modelos-operativos-y-tecnologia-avanzada-en-ee-uu\/","url_meta":{"origin":49164,"position":1},"title":"9-1-1 intercambia experiencias en modelos operativos y tecnolog\u00eda avanzada en EE.UU.","author":"Nelson Feliz","date":"23 de octubre de 2023","format":false,"excerpt":"Auspiciada por la Embajada de los Estados Unidos en Rep\u00fablica Dominicana a trav\u00e9s de su programa de la Oficina Internacional de Asistencia Antinarc\u00f3ticos y Cumplimiento de la Ley (INL), una delegaci\u00f3n de alto perfil del Sistema Nacional de Atenci\u00f3n a Emergencias y Seguridad 9-1-1 realiz\u00f3 una visita oficial a instalaciones\u2026","rel":"","context":"En \u00abNACIONALES\u00bb","block_context":{"text":"NACIONALES","link":"https:\/\/lasprimeras.com.do\/index.php\/category\/nacionales\/"},"img":{"alt_text":"9-1-1 intercambia experiencias","src":"https:\/\/i0.wp.com\/lasprimeras.com.do\/wp-content\/uploads\/2023\/10\/Foto-4.jpg?resize=350%2C200&ssl=1","width":350,"height":200,"srcset":"https:\/\/i0.wp.com\/lasprimeras.com.do\/wp-content\/uploads\/2023\/10\/Foto-4.jpg?resize=350%2C200&ssl=1 1x, https:\/\/i0.wp.com\/lasprimeras.com.do\/wp-content\/uploads\/2023\/10\/Foto-4.jpg?resize=525%2C300&ssl=1 1.5x, https:\/\/i0.wp.com\/lasprimeras.com.do\/wp-content\/uploads\/2023\/10\/Foto-4.jpg?resize=700%2C400&ssl=1 2x"},"classes":[]},{"id":54765,"url":"https:\/\/lasprimeras.com.do\/index.php\/2023\/07\/13\/ejercito-recibe-motocicletas-y-equipos-de-comunicacion-por-parte-del-sistema-9-1-1\/","url_meta":{"origin":49164,"position":2},"title":"Ej\u00e9rcito recibe motocicletas y equipos de comunicaci\u00f3n por parte del Sistema 9-1-1","author":"Nelson Feliz","date":"13 de julio de 2023","format":false,"excerpt":"Por Martin Restituyo El Ej\u00e9rcito de Rep\u00fablica Dominicana recibi\u00f3 50 motocicletas todo terreno y 200 radios de comunicaci\u00f3n por parte del Sistema Nacional de Atenci\u00f3n a Emergencias y Seguridad 9-1-1. El Ministro de la Presidencia, Joel Santos Echavarr\u00eda, acompa\u00f1ado del Coronel Rijo G\u00f3mez, Director Ejecutivo del Sistema 9-1-1, entregaron las\u2026","rel":"","context":"En \u00abMILITARES\u00bb","block_context":{"text":"MILITARES","link":"https:\/\/lasprimeras.com.do\/index.php\/category\/militares\/"},"img":{"alt_text":"Joel Santos","src":"https:\/\/i0.wp.com\/lasprimeras.com.do\/wp-content\/uploads\/2023\/07\/Joel-Santos-1.jpg?resize=350%2C200&ssl=1","width":350,"height":200,"srcset":"https:\/\/i0.wp.com\/lasprimeras.com.do\/wp-content\/uploads\/2023\/07\/Joel-Santos-1.jpg?resize=350%2C200&ssl=1 1x, https:\/\/i0.wp.com\/lasprimeras.com.do\/wp-content\/uploads\/2023\/07\/Joel-Santos-1.jpg?resize=525%2C300&ssl=1 1.5x, https:\/\/i0.wp.com\/lasprimeras.com.do\/wp-content\/uploads\/2023\/07\/Joel-Santos-1.jpg?resize=700%2C400&ssl=1 2x"},"classes":[]},{"id":58557,"url":"https:\/\/lasprimeras.com.do\/index.php\/2023\/08\/25\/map-paga-su-nomina-a-traves-del-sistema-integrado-de-gestion-institucional\/","url_meta":{"origin":49164,"position":3},"title":"MAP paga su n\u00f3mina a trav\u00e9s del Sistema Integrado de Gesti\u00f3n Institucional","author":"Nelson Feliz","date":"25 de agosto de 2023","format":false,"excerpt":"El Ministerio de Administraci\u00f3n P\u00fablica (MAP) inform\u00f3 que, por primera vez, pag\u00f3 su n\u00f3mina correspondiente al mes de agosto, utilizando el nuevo Sistema Integrado de Gesti\u00f3n Institucional (SIGEI). De esta forma, el MAP se convierte en la primera instituci\u00f3n en utilizar SIGEI como herramienta para efectuar el pago de n\u00f3mina,\u2026","rel":"","context":"En \u00abECONOM\u00cdA\u00bb","block_context":{"text":"ECONOM\u00cdA","link":"https:\/\/lasprimeras.com.do\/index.php\/category\/economia\/"},"img":{"alt_text":"Dar\u00edo Castillo","src":"https:\/\/i0.wp.com\/lasprimeras.com.do\/wp-content\/uploads\/2023\/08\/Dario-Castillo.jpg?resize=350%2C200&ssl=1","width":350,"height":200,"srcset":"https:\/\/i0.wp.com\/lasprimeras.com.do\/wp-content\/uploads\/2023\/08\/Dario-Castillo.jpg?resize=350%2C200&ssl=1 1x, https:\/\/i0.wp.com\/lasprimeras.com.do\/wp-content\/uploads\/2023\/08\/Dario-Castillo.jpg?resize=525%2C300&ssl=1 1.5x, https:\/\/i0.wp.com\/lasprimeras.com.do\/wp-content\/uploads\/2023\/08\/Dario-Castillo.jpg?resize=700%2C400&ssl=1 2x"},"classes":[]},{"id":67446,"url":"https:\/\/lasprimeras.com.do\/index.php\/2023\/11\/15\/9-1-1-apoya-con-tecnologia-de-interconexion-nuevo-centro-de-mando-y-comando-de-la-digesett\/","url_meta":{"origin":49164,"position":4},"title":"9-1-1 apoya con tecnolog\u00eda de interconexi\u00f3n nuevo Centro de Mando y Comando de la DIGESETT","author":"Nelson Feliz","date":"15 de noviembre de 2023","format":false,"excerpt":"Coronel Rijo G\u00f3mez felicita iniciativa. Por Martin Restituyo El director ejecutivo del Sistema Nacional de Atenci\u00f3n a Emergencias y Seguridad 9-1-1, coronel piloto Randolfo Rijo G\u00f3mez, particip\u00f3 en la inauguraci\u00f3n del Centro de Mando y Comando de la Direcci\u00f3n General de Seguridad de Tr\u00e1nsito y Transporte Terrestre (DIGESETT), respaldado por\u2026","rel":"","context":"En \u00abNACIONALES\u00bb","block_context":{"text":"NACIONALES","link":"https:\/\/lasprimeras.com.do\/index.php\/category\/nacionales\/"},"img":{"alt_text":"Coronel piloto, Randolfo Rijo G\u00f3mez, ERD, recorre las instalaciones del ...","src":"https:\/\/i0.wp.com\/lasprimeras.com.do\/wp-content\/uploads\/2023\/11\/Coronel-piloto-Randolfo-Rijo-Gomez-ERD-junto-al-generald-e-brigada-R.jpg?resize=350%2C200&ssl=1","width":350,"height":200,"srcset":"https:\/\/i0.wp.com\/lasprimeras.com.do\/wp-content\/uploads\/2023\/11\/Coronel-piloto-Randolfo-Rijo-Gomez-ERD-junto-al-generald-e-brigada-R.jpg?resize=350%2C200&ssl=1 1x, https:\/\/i0.wp.com\/lasprimeras.com.do\/wp-content\/uploads\/2023\/11\/Coronel-piloto-Randolfo-Rijo-Gomez-ERD-junto-al-generald-e-brigada-R.jpg?resize=525%2C300&ssl=1 1.5x, https:\/\/i0.wp.com\/lasprimeras.com.do\/wp-content\/uploads\/2023\/11\/Coronel-piloto-Randolfo-Rijo-Gomez-ERD-junto-al-generald-e-brigada-R.jpg?resize=700%2C400&ssl=1 2x"},"classes":[]},{"id":57182,"url":"https:\/\/lasprimeras.com.do\/index.php\/2023\/08\/09\/delegacion-de-guyana-destaca-innovaciones-tecnologicas-y-gestion-operativa-eficiente-del-9-1-1\/","url_meta":{"origin":49164,"position":5},"title":"Delegaci\u00f3n de Guyana destaca innovaciones tecnol\u00f3gicas y gesti\u00f3n operativa eficiente del 9-1-1","author":"Nelson Feliz","date":"9 de agosto de 2023","format":false,"excerpt":"En un esfuerzo por fortalecer la cooperaci\u00f3n regional en materia de seguridad y respuesta a emergencias, el Sistema Nacional de Atenci\u00f3n a Emergencias y Seguridad 9-1-1 recibi\u00f3 en su sede de Santo Domingo una delegaci\u00f3n de la Rep\u00fablica Cooperativa de Guyana, con la presencia del ministro de la Presidencia, Joel\u2026","rel":"","context":"En \u00abNACIONALES\u00bb","block_context":{"text":"NACIONALES","link":"https:\/\/lasprimeras.com.do\/index.php\/category\/nacionales\/"},"img":{"alt_text":"Sistema 9-1-1 recibe delegaci\u00f3n de Guyana (3)","src":"https:\/\/i0.wp.com\/lasprimeras.com.do\/wp-content\/uploads\/2023\/08\/Sistema-9-1-1-recibe-delegacion-de-Guyana-3.jpg?resize=350%2C200&ssl=1","width":350,"height":200,"srcset":"https:\/\/i0.wp.com\/lasprimeras.com.do\/wp-content\/uploads\/2023\/08\/Sistema-9-1-1-recibe-delegacion-de-Guyana-3.jpg?resize=350%2C200&ssl=1 1x, https:\/\/i0.wp.com\/lasprimeras.com.do\/wp-content\/uploads\/2023\/08\/Sistema-9-1-1-recibe-delegacion-de-Guyana-3.jpg?resize=525%2C300&ssl=1 1.5x, https:\/\/i0.wp.com\/lasprimeras.com.do\/wp-content\/uploads\/2023\/08\/Sistema-9-1-1-recibe-delegacion-de-Guyana-3.jpg?resize=700%2C400&ssl=1 2x"},"classes":[]}],"jetpack_sharing_enabled":true,"_links":{"self":[{"href":"https:\/\/lasprimeras.com.do\/index.php\/wp-json\/wp\/v2\/posts\/49164","targetHints":{"allow":["GET"]}}],"collection":[{"href":"https:\/\/lasprimeras.com.do\/index.php\/wp-json\/wp\/v2\/posts"}],"about":[{"href":"https:\/\/lasprimeras.com.do\/index.php\/wp-json\/wp\/v2\/types\/post"}],"author":[{"embeddable":true,"href":"https:\/\/lasprimeras.com.do\/index.php\/wp-json\/wp\/v2\/users\/1"}],"replies":[{"embeddable":true,"href":"https:\/\/lasprimeras.com.do\/index.php\/wp-json\/wp\/v2\/comments?post=49164"}],"version-history":[{"count":0,"href":"https:\/\/lasprimeras.com.do\/index.php\/wp-json\/wp\/v2\/posts\/49164\/revisions"}],"wp:featuredmedia":[{"embeddable":true,"href":"https:\/\/lasprimeras.com.do\/index.php\/wp-json\/"}],"wp:attachment":[{"href":"https:\/\/lasprimeras.com.do\/index.php\/wp-json\/wp\/v2\/media?parent=49164"}],"wp:term":[{"taxonomy":"category","embeddable":true,"href":"https:\/\/lasprimeras.com.do\/index.php\/wp-json\/wp\/v2\/categories?post=49164"},{"taxonomy":"post_tag","embeddable":true,"href":"https:\/\/lasprimeras.com.do\/index.php\/wp-json\/wp\/v2\/tags?post=49164"}],"curies":[{"name":"wp","href":"https:\/\/api.w.org\/{rel}","templated":true}]}}