{"id":49170,"date":"2023-05-08T12:57:36","date_gmt":"2023-05-08T16:57:36","guid":{"rendered":"https:\/\/atento.com.do\/?p=49170"},"modified":"2023-05-08T12:57:36","modified_gmt":"2023-05-08T16:57:36","slug":"tse-aplaza-audiencia-de-impugnacion-resolucion-jce-no-07-23","status":"publish","type":"post","link":"https:\/\/lasprimeras.com.do\/index.php\/2023\/05\/08\/tse-aplaza-audiencia-de-impugnacion-resolucion-jce-no-07-23\/","title":{"rendered":"TSE aplaza audiencia de Impugnaci\u00f3n Resoluci\u00f3n JCE No. 07-23"},"content":{"rendered":"\n<p>Continuar\u00e1 el mi\u00e9rcoles 17 de mayo2023, 9:00 de la ma\u00f1ana<\/p>\n\n\n\n<p><strong>SANTO DOMINGO .-. <\/strong>El Tribunal Superior Electoral aplaz\u00f3 para el pr\u00f3ximo mi\u00e9rcoles 17 de mayo la audiencia sobre la \u201cimpugnaci\u00f3n contra la Resoluci\u00f3n de la Junta Central Electoral No. 07-23, que decidi\u00f3 la solicitud de nueva resoluci\u00f3n sobre el posicionamiento de los partidos pol\u00edticos en la boleta electoral\u201d, que interpuso el Partido de Unidad Nacional (PUN).<\/p>\n\n\n\n<p>El aplazamiento fue para ordenar una comunicaci\u00f3n rec\u00edproca de documentos v\u00eda Secretar\u00eda del Tribunal.<\/p>\n\n\n\n<p>Las partes presentes y representadas quedaron citadas para la pr\u00f3xima audiencia pautada para las 9:00 de la ma\u00f1ana.<\/p>\n\n\n\n<p>En la audiencia, los abogados Juan Emilio Ulloa y Denny D\u00edaz representan a la Junta Central Electoral, mientras que Manuel de Regla Soto Lara, Pedro Le\u00f3nidas Corpor\u00e1n Cabrera, Pedro Emilio Ram\u00edrez Brito y Sunelba Gonell Jim\u00e9nez, al Partido de Unidad Nacional (PUN).<\/p>\n\n\n\n<p>Los jueces, Ygnacio Pascual Camacho Hidalgo, presidente; Juan Alfredo Biaggi Lama; Rosa P\u00e9rez de Garc\u00eda; Pedro P. Yermenos Forastieri y Fernando Fern\u00e1ndez acogieron el pedimento a solicitud de los abogados de la JCE, quienes pidieron tiempo para preparar sus medios de defensa y realizar el dep\u00f3sito de los documentos que har\u00e1n valer en el proceso. El Tribunal concedi\u00f3 la misma oportunidad a la parte impugnante.<\/p>\n\n\n\n<p>La acci\u00f3n de impugnaci\u00f3n fue depositada el pasado mi\u00e9rcoles 26 de abril 2023, y el expediente es el n\u00famero TSE 01-0006-2023.<\/p>\n","protected":false},"excerpt":{"rendered":"<p>Continuar\u00e1 el mi\u00e9rcoles 17 de mayo2023, 9:00 de la ma\u00f1ana SANTO DOMINGO .-. El Tribunal Superior Electoral aplaz\u00f3 para el pr\u00f3ximo mi\u00e9rcoles 17 de mayo la audiencia sobre la \u201cimpugnaci\u00f3n&hellip;<\/p>\n","protected":false},"author":1,"featured_media":49171,"comment_status":"open","ping_status":"open","sticky":false,"template":"","format":"standard","meta":{"content-type":"","jetpack_post_was_ever_published":false,"_jetpack_newsletter_access":"","_jetpack_dont_email_post_to_subs":false,"_jetpack_newsletter_tier_id":0,"_jetpack_memberships_contains_paywalled_content":false,"_jetpack_memberships_contains_paid_content":false,"footnotes":""},"categories":[35,25],"tags":[845,846,847,731,848,183,718,849,370,850],"class_list":["post-49170","post","type-post","status-publish","format-standard","has-post-thumbnail","hentry","category-nacionales","category-portada","tag-aplaza","tag-audiencia","tag-boleta","tag-electoral","tag-impugnacion","tag-jce","tag-partidos","tag-politicos","tag-resolucion","tag-tse"],"jetpack_featured_media_url":"","jetpack-related-posts":[{"id":66747,"url":"https:\/\/lasprimeras.com.do\/index.php\/2023\/11\/09\/tse-deja-en-estado-de-fallo-dos-acciones-contra-el-prm-y-jce\/","url_meta":{"origin":49170,"position":0},"title":"TSE deja en Estado de fallo dos acciones contra el PRM y JCE","author":"Nelson Feliz","date":"9 de noviembre de 2023","format":false,"excerpt":"El Tribunal Superior Electoral, dej\u00f3 en estado de fallo reservado dos procesos incoados contra el Partido Revolucionario Moderno (PRM) y la Junta Central Electoral. Un primer expediente es el n\u00famero TSE-01-0042-2023, sobre la Solicitud de Reconteo incoada por el se\u00f1or Abraham S\u00e1nchez Alc\u00e1ntara contra el Partido Revolucionario Moderno (PRM) y\u2026","rel":"","context":"En \u00abJUSTICIA\u00bb","block_context":{"text":"JUSTICIA","link":"https:\/\/lasprimeras.com.do\/index.php\/category\/justicia\/"},"img":{"alt_text":"TSE","src":"https:\/\/i0.wp.com\/lasprimeras.com.do\/wp-content\/uploads\/2023\/11\/TSE-1.jpg?resize=350%2C200&ssl=1","width":350,"height":200,"srcset":"https:\/\/i0.wp.com\/lasprimeras.com.do\/wp-content\/uploads\/2023\/11\/TSE-1.jpg?resize=350%2C200&ssl=1 1x, https:\/\/i0.wp.com\/lasprimeras.com.do\/wp-content\/uploads\/2023\/11\/TSE-1.jpg?resize=525%2C300&ssl=1 1.5x, https:\/\/i0.wp.com\/lasprimeras.com.do\/wp-content\/uploads\/2023\/11\/TSE-1.jpg?resize=700%2C400&ssl=1 2x"},"classes":[]},{"id":64065,"url":"https:\/\/lasprimeras.com.do\/index.php\/2023\/10\/17\/tse-fusiona-expedientes-aplaza-y-archiva-otros\/","url_meta":{"origin":49170,"position":1},"title":"TSE fusiona expedientes, aplaza y archiva otros","author":"Nelson Feliz","date":"17 de octubre de 2023","format":false,"excerpt":"El Tribunal Superior Electoral conoci\u00f3 catorce (14) audiencias, dentro de las cuales fusion\u00f3 dos expedientes en los que existe identidad de partes, objeto y causa y cancel\u00f3 el rol de ocho por la incomparecencia de las partes, ordenando el archivo de estos \u00faltimos. En los expedientes archivados, los demandados eran\u2026","rel":"","context":"En \u00abSin categor\u00eda\u00bb","block_context":{"text":"Sin categor\u00eda","link":"https:\/\/lasprimeras.com.do\/index.php\/category\/sin-categoria\/"},"img":{"alt_text":"TSE","src":"https:\/\/i0.wp.com\/lasprimeras.com.do\/wp-content\/uploads\/2023\/10\/TSE-1.jpg?resize=350%2C200&ssl=1","width":350,"height":200,"srcset":"https:\/\/i0.wp.com\/lasprimeras.com.do\/wp-content\/uploads\/2023\/10\/TSE-1.jpg?resize=350%2C200&ssl=1 1x, https:\/\/i0.wp.com\/lasprimeras.com.do\/wp-content\/uploads\/2023\/10\/TSE-1.jpg?resize=525%2C300&ssl=1 1.5x"},"classes":[]},{"id":124491,"url":"https:\/\/lasprimeras.com.do\/index.php\/2026\/03\/13\/tse-aplaza-audiencia-sobre-nulidad-de-plenarios-en-fp\/","url_meta":{"origin":49170,"position":2},"title":"TSE aplaza audiencia sobre nulidad de plenarios en FP","author":"Nelson Feliz","date":"13 de marzo de 2026","format":false,"excerpt":"El Tribunal Superior Electoral aplaz\u00f3 para el martes 17 del presente mes, el conocimiento de la audiencia de la demanda en nulidad, recurso de impugnaci\u00f3n y medida cautelar contra el Partido Fuerza del Pueblo en Santo Domingo Norte, concediendo una pr\u00f3rroga de la comunicaci\u00f3n rec\u00edproca de documentos entre las partes.\u2026","rel":"","context":"En \u00abPOLITICA\u00bb","block_context":{"text":"POLITICA","link":"https:\/\/lasprimeras.com.do\/index.php\/category\/politica\/"},"img":{"alt_text":"","src":"https:\/\/i0.wp.com\/lasprimeras.com.do\/wp-content\/uploads\/2026\/03\/Audiencia-Publica-jueves-12-de-marzo-de-2026-1.jpg?resize=350%2C200&ssl=1","width":350,"height":200,"srcset":"https:\/\/i0.wp.com\/lasprimeras.com.do\/wp-content\/uploads\/2026\/03\/Audiencia-Publica-jueves-12-de-marzo-de-2026-1.jpg?resize=350%2C200&ssl=1 1x, https:\/\/i0.wp.com\/lasprimeras.com.do\/wp-content\/uploads\/2026\/03\/Audiencia-Publica-jueves-12-de-marzo-de-2026-1.jpg?resize=525%2C300&ssl=1 1.5x, https:\/\/i0.wp.com\/lasprimeras.com.do\/wp-content\/uploads\/2026\/03\/Audiencia-Publica-jueves-12-de-marzo-de-2026-1.jpg?resize=700%2C400&ssl=1 2x"},"classes":[]},{"id":84286,"url":"https:\/\/lasprimeras.com.do\/index.php\/2024\/06\/05\/reenvian-impugnacion-interpuesta-por-victor-pavon-a-resultados-electorales\/","url_meta":{"origin":49170,"position":3},"title":"Reenv\u00edan impugnaci\u00f3n interpuesta por V\u00edctor Pav\u00f3n a resultados electorales","author":"Nelson Feliz","date":"5 de junio de 2024","format":false,"excerpt":"El Tribunal Superior Electoral(TSE) reenvi\u00f3 para el d\u00eda 11 de junio, la audiencia preliminar en la que se conocer\u00eda un recurso de impugnaci\u00f3n sometido por el ex candidato a diputado de la Fuerza del Pueblo(FP), V\u00edctor Pav\u00f3n, en contra de los resultados electorales emitidos por la Junta Municipal de Santo\u2026","rel":"","context":"En \u00abPORTADA\u00bb","block_context":{"text":"PORTADA","link":"https:\/\/lasprimeras.com.do\/index.php\/category\/portada\/"},"img":{"alt_text":"","src":"https:\/\/i0.wp.com\/lasprimeras.com.do\/wp-content\/uploads\/2024\/06\/reenvian-impugnacion-interpuesta-por-victor-pavon-a-resultados-electorales.jpg?resize=350%2C200&ssl=1","width":350,"height":200,"srcset":"https:\/\/i0.wp.com\/lasprimeras.com.do\/wp-content\/uploads\/2024\/06\/reenvian-impugnacion-interpuesta-por-victor-pavon-a-resultados-electorales.jpg?resize=350%2C200&ssl=1 1x, https:\/\/i0.wp.com\/lasprimeras.com.do\/wp-content\/uploads\/2024\/06\/reenvian-impugnacion-interpuesta-por-victor-pavon-a-resultados-electorales.jpg?resize=525%2C300&ssl=1 1.5x"},"classes":[]},{"id":57713,"url":"https:\/\/lasprimeras.com.do\/index.php\/2023\/08\/15\/tse-declara-inadmisible-recurso-presentado-por-la-diputada-rosa-a-pilarte-contra-el-prm\/","url_meta":{"origin":49170,"position":4},"title":"TSE declara inadmisible recurso presentado por la diputada Rosa A. Pilarte contra el PRM","author":"Nelson Feliz","date":"15 de agosto de 2023","format":false,"excerpt":"El Tribunal Superior Electoral declar\u00f3 inadmisible, por existir otras v\u00edas judiciales para reclamar los derechos alegadamente vulnerados, el \u201cRecurso constitucional de Amparo y Nulidad de la Resoluci\u00f3n No. 049-2023 de fecha 3 de agosto de 2023, de la Comisi\u00f3n Nacional de Elecciones Internas (CNEI) del Partido Revolucionario Moderno (PRM)\u201d incoado\u2026","rel":"","context":"En \u00abNACIONALES\u00bb","block_context":{"text":"NACIONALES","link":"https:\/\/lasprimeras.com.do\/index.php\/category\/nacionales\/"},"img":{"alt_text":"TSE","src":"https:\/\/i0.wp.com\/lasprimeras.com.do\/wp-content\/uploads\/2023\/08\/Tribunal-Superior-Electoral-TSE.jpg?resize=350%2C200&ssl=1","width":350,"height":200,"srcset":"https:\/\/i0.wp.com\/lasprimeras.com.do\/wp-content\/uploads\/2023\/08\/Tribunal-Superior-Electoral-TSE.jpg?resize=350%2C200&ssl=1 1x, https:\/\/i0.wp.com\/lasprimeras.com.do\/wp-content\/uploads\/2023\/08\/Tribunal-Superior-Electoral-TSE.jpg?resize=525%2C300&ssl=1 1.5x"},"classes":[]},{"id":73534,"url":"https:\/\/lasprimeras.com.do\/index.php\/2024\/01\/12\/tribunal-revoca-resolucion-de-impugnacion-a-candidatura-regidor-logan-jimenez-por-la-apd-en-boca-chica\/","url_meta":{"origin":49170,"position":5},"title":"Tribunal revoca resoluci\u00f3n de impugnaci\u00f3n a candidatura regidor Logan Jim\u00e9nez por la APD en Boca Chica","author":"BIMARY DE JES\u00daS Matos","date":"12 de enero de 2024","format":false,"excerpt":"Boca Chica.- El Tribunal Superior Electoral (TSE) revoc\u00f3 este lunes la resoluci\u00f3n de impugnaci\u00f3n a la candidatura a regidor por Boca Chica del periodista Logan Jim\u00e9nez por el partido Alianza por la Democracia (APD), por considerar que cumple con los requisitos establecidos en el literal c, art\u00edculo 37 de la\u2026","rel":"","context":"En \u00abNACIONALES\u00bb","block_context":{"text":"NACIONALES","link":"https:\/\/lasprimeras.com.do\/index.php\/category\/nacionales\/"},"img":{"alt_text":"","src":"https:\/\/i0.wp.com\/lasprimeras.com.do\/wp-content\/uploads\/2024\/01\/WhatsApp-Image-2024-01-12-at-11.59.33-AM.jpeg?resize=350%2C200&ssl=1","width":350,"height":200,"srcset":"https:\/\/i0.wp.com\/lasprimeras.com.do\/wp-content\/uploads\/2024\/01\/WhatsApp-Image-2024-01-12-at-11.59.33-AM.jpeg?resize=350%2C200&ssl=1 1x, https:\/\/i0.wp.com\/lasprimeras.com.do\/wp-content\/uploads\/2024\/01\/WhatsApp-Image-2024-01-12-at-11.59.33-AM.jpeg?resize=525%2C300&ssl=1 1.5x, https:\/\/i0.wp.com\/lasprimeras.com.do\/wp-content\/uploads\/2024\/01\/WhatsApp-Image-2024-01-12-at-11.59.33-AM.jpeg?resize=700%2C400&ssl=1 2x"},"classes":[]}],"jetpack_sharing_enabled":true,"_links":{"self":[{"href":"https:\/\/lasprimeras.com.do\/index.php\/wp-json\/wp\/v2\/posts\/49170","targetHints":{"allow":["GET"]}}],"collection":[{"href":"https:\/\/lasprimeras.com.do\/index.php\/wp-json\/wp\/v2\/posts"}],"about":[{"href":"https:\/\/lasprimeras.com.do\/index.php\/wp-json\/wp\/v2\/types\/post"}],"author":[{"embeddable":true,"href":"https:\/\/lasprimeras.com.do\/index.php\/wp-json\/wp\/v2\/users\/1"}],"replies":[{"embeddable":true,"href":"https:\/\/lasprimeras.com.do\/index.php\/wp-json\/wp\/v2\/comments?post=49170"}],"version-history":[{"count":0,"href":"https:\/\/lasprimeras.com.do\/index.php\/wp-json\/wp\/v2\/posts\/49170\/revisions"}],"wp:featuredmedia":[{"embeddable":true,"href":"https:\/\/lasprimeras.com.do\/index.php\/wp-json\/"}],"wp:attachment":[{"href":"https:\/\/lasprimeras.com.do\/index.php\/wp-json\/wp\/v2\/media?parent=49170"}],"wp:term":[{"taxonomy":"category","embeddable":true,"href":"https:\/\/lasprimeras.com.do\/index.php\/wp-json\/wp\/v2\/categories?post=49170"},{"taxonomy":"post_tag","embeddable":true,"href":"https:\/\/lasprimeras.com.do\/index.php\/wp-json\/wp\/v2\/tags?post=49170"}],"curies":[{"name":"wp","href":"https:\/\/api.w.org\/{rel}","templated":true}]}}