{"id":49180,"date":"2023-05-08T23:42:06","date_gmt":"2023-05-09T03:42:06","guid":{"rendered":"https:\/\/atento.com.do\/?p=49180"},"modified":"2023-05-08T23:42:06","modified_gmt":"2023-05-09T03:42:06","slug":"servicio-militar-voluntario-gradua-mas-de-2400-estudiantes-completaron-programa-de-formacion-en-valores","status":"publish","type":"post","link":"https:\/\/lasprimeras.com.do\/index.php\/2023\/05\/08\/servicio-militar-voluntario-gradua-mas-de-2400-estudiantes-completaron-programa-de-formacion-en-valores\/","title":{"rendered":"Servicio Militar Voluntario grad\u00faa m\u00e1s de 2,400 estudiantes completaron programa de formaci\u00f3n en valores\u00a0"},"content":{"rendered":"\n<p>Por Wilson Perez<\/p>\n\n\n\n<p><strong>SANTO DOMINGO.-<\/strong>El Servicio Militar Voluntario (SMV), del Ministerio de Defensa (MIDE), gradu\u00f3 2,491 j\u00f3venes que completaron el Programa de Formaci\u00f3n en Valores para estudiantes de Educaci\u00f3n Secundaria, un acto encabezado por la Vicepresidenta Raquel Pe\u00f1a y el Ministro de Defensa Teniente General Carlos Luciano D\u00edaz Morfa, ERD. y el Estado Mayor General de las Fuerzas Armadas.<\/p>\n\n\n\n<p>En la actividad, celebrada en el Pabell\u00f3n de Voleibol, Profesor \u201cGioriber Arias\u201d del Centro Ol\u00edmpico \u201cJuan Pablo Duarte\u201d, de Santo Domingo, fue presidida tambi\u00e9n por el director del Servicio Militar Voluntario, Mayor General Am\u00edlcar Fern\u00e1ndez Tejada, ERD. Estuvieron presentes Oficiales del Estado Mayor General, oficiales superiores, subalternos y alistados junto a importantes autoridades civiles y militares.<\/p>\n\n\n\n<p>El Mayor General Am\u00edlcar Fern\u00e1ndez Tejada, ERD., Director General del Servicio Militar Voluntario, al pronunciar las palabras centrales el acto dijo que \u201ccon educar a nuestros j\u00f3venes, no solo les estamos brindando oportunidades de alcanzar un futuro promisorio, sino que tambi\u00e9n, estamos reafirmando y fortaleciendo los cimientos s\u00f3lidos de un Estado libre, soberano, pac\u00edfico y democr\u00e1tico.\u201d<\/p>\n\n\n\n<figure class=\"wp-block-image size-full\"><img decoding=\"async\" src=\"https:\/\/atento.com.do\/wp-content\/uploads\/2023\/05\/SMV-1.jpg\" alt=\"\" class=\"wp-image-49182\"\/><\/figure>\n\n\n\n<p>En el acto fueron premiados como Graduada de Honor la Voluntaria Anayla Rosmeily Rodr\u00edguez Tejeda, del Polit\u00e9cnico Martina Mercedes Zouain, de Santiago, quien recibi\u00f3 una Laptop por obtener las calificaciones m\u00e1s altas a nivel nacional.<\/p>\n\n\n\n<p>Igualmente, los graduados de los 56 centros educativos participantes que obtuvieron las mejores calificaciones recibieron una tableta electr\u00f3nica c\u00f3mo premio y est\u00edmulo al esfuerzo realizado.<\/p>\n\n\n\n<p>Se otorg\u00f3 un reconocimiento p\u00f3stumo a la Doctora Carmen Josefina Lora Iglesias, (Piky) en cuyo honor fue bautizada la XXXIII Promoci\u00f3n, \u201cpor su valiente y laboriosa entrega a la lucha en defensa de las libertades democr\u00e1ticas y la preservaci\u00f3n del patrimonio nacional\u201d.<\/p>\n\n\n\n<p>El reconocimiento a Piky Lora fue recibido por sus hijas, licenciadas Patricia Solano Lora y Laura Acosta Lora, y la doctora Tania Acosta Lora, sus esposos y dem\u00e1s familiares.<\/p>\n","protected":false},"excerpt":{"rendered":"<p>Por Wilson Perez SANTO DOMINGO.-El Servicio Militar Voluntario (SMV), del Ministerio de Defensa (MIDE), gradu\u00f3 2,491 j\u00f3venes que completaron el Programa de Formaci\u00f3n en Valores para estudiantes de Educaci\u00f3n Secundaria,&hellip;<\/p>\n","protected":false},"author":1,"featured_media":49181,"comment_status":"open","ping_status":"open","sticky":false,"template":"","format":"standard","meta":{"content-type":"","jetpack_post_was_ever_published":false,"_jetpack_newsletter_access":"","_jetpack_dont_email_post_to_subs":false,"_jetpack_newsletter_tier_id":0,"_jetpack_memberships_contains_paywalled_content":false,"_jetpack_memberships_contains_paid_content":false,"footnotes":""},"categories":[35],"tags":[861,524,862,863,864,198,865,866],"class_list":["post-49180","post","type-post","status-publish","format-standard","has-post-thumbnail","hentry","category-nacionales","tag-camion-de-valores","tag-estudiantes","tag-formacion","tag-gradua","tag-militar","tag-programa","tag-servicio","tag-voluntario"],"jetpack_featured_media_url":"","jetpack-related-posts":[{"id":124367,"url":"https:\/\/lasprimeras.com.do\/index.php\/2026\/03\/11\/mide-inicia-nuevo-ciclo-de-formacion-del-servicio-militar-voluntario\/","url_meta":{"origin":49180,"position":0},"title":"MIDE inicia nuevo ciclo de formaci\u00f3n del Servicio Militar Voluntario","author":"Nelson Feliz","date":"11 de marzo de 2026","format":false,"excerpt":"El Ministerio de Defensa (MIDE) dio apertura formal al ciclo de entrenamiento correspondiente al per\u00edodo marzo-mayo 2026 del Programa de Formaci\u00f3n en Valores del Servicio Militar Voluntario, mediante un solemne acto de izada de bandera celebrado en el Polit\u00e9cnico Evangelina Santos Berg\u00e9s, ubicado en Ciudad Juan Bosch, Santo Domingo Este.\u2026","rel":"","context":"En \u00abMILITARES\u00bb","block_context":{"text":"MILITARES","link":"https:\/\/lasprimeras.com.do\/index.php\/category\/militares\/"},"img":{"alt_text":"","src":"https:\/\/i0.wp.com\/lasprimeras.com.do\/wp-content\/uploads\/2026\/03\/onofre.jpg?resize=350%2C200&ssl=1","width":350,"height":200,"srcset":"https:\/\/i0.wp.com\/lasprimeras.com.do\/wp-content\/uploads\/2026\/03\/onofre.jpg?resize=350%2C200&ssl=1 1x, https:\/\/i0.wp.com\/lasprimeras.com.do\/wp-content\/uploads\/2026\/03\/onofre.jpg?resize=525%2C300&ssl=1 1.5x, https:\/\/i0.wp.com\/lasprimeras.com.do\/wp-content\/uploads\/2026\/03\/onofre.jpg?resize=700%2C400&ssl=1 2x"},"classes":[]},{"id":101652,"url":"https:\/\/lasprimeras.com.do\/index.php\/2025\/06\/24\/abinader-encabezara-hoy-acto-de-graduacion-del-programa-de-servicio-militar-voluntario\/","url_meta":{"origin":49180,"position":1},"title":"Abinader encabezar\u00e1 hoy acto de graduaci\u00f3n del Programa de Servicio Militar Voluntario","author":"Nelson Feliz","date":"24 de junio de 2025","format":false,"excerpt":"El presidente Luis Abinader participar\u00e1 este mi\u00e9rcoles en el acto de graduaci\u00f3n del Programa de Formaci\u00f3n en Valores del Servicio Militar Voluntario en el Centro de Convenciones de Sans Souc\u00ed. El evento marca la culminaci\u00f3n de la formaci\u00f3n de j\u00f3venes en valores, disciplina y servicio a la naci\u00f3n. Se espera\u2026","rel":"","context":"En \u00abNACIONALES\u00bb","block_context":{"text":"NACIONALES","link":"https:\/\/lasprimeras.com.do\/index.php\/category\/nacionales\/"},"img":{"alt_text":"","src":"https:\/\/i0.wp.com\/lasprimeras.com.do\/wp-content\/uploads\/2025\/06\/Luis-Abinader-2-1.jpg?resize=350%2C200&ssl=1","width":350,"height":200,"srcset":"https:\/\/i0.wp.com\/lasprimeras.com.do\/wp-content\/uploads\/2025\/06\/Luis-Abinader-2-1.jpg?resize=350%2C200&ssl=1 1x, https:\/\/i0.wp.com\/lasprimeras.com.do\/wp-content\/uploads\/2025\/06\/Luis-Abinader-2-1.jpg?resize=525%2C300&ssl=1 1.5x, https:\/\/i0.wp.com\/lasprimeras.com.do\/wp-content\/uploads\/2025\/06\/Luis-Abinader-2-1.jpg?resize=700%2C400&ssl=1 2x"},"classes":[]},{"id":108150,"url":"https:\/\/lasprimeras.com.do\/index.php\/2025\/09\/03\/jovenes-del-barrio-capotillo-inician-entrenamiento-del-servicio-militar-voluntario-del-mide\/","url_meta":{"origin":49180,"position":2},"title":"J\u00f3venes del barrio Capotillo inician entrenamiento del &#8220;Servicio Militar Voluntario&#8221; del MIDE","author":"Nelson Feliz","date":"3 de septiembre de 2025","format":false,"excerpt":"Decenas de j\u00f3venes del sector Capotillo, en el Distrito Nacional, iniciaron formalmente el ciclo de entrenamiento del Programa de Formaci\u00f3n en Valores del Servicio Militar Voluntario (SMV), que impulsa el Ministerio de Defensa (MIDE), reafirmando el compromiso de las Fuerzas Armadas con el desarrollo social y la formaci\u00f3n integral de\u2026","rel":"","context":"En \u00abMILITARES\u00bb","block_context":{"text":"MILITARES","link":"https:\/\/lasprimeras.com.do\/index.php\/category\/militares\/"},"img":{"alt_text":"","src":"https:\/\/i0.wp.com\/lasprimeras.com.do\/wp-content\/uploads\/2025\/09\/mide-1.jpg?resize=350%2C200&ssl=1","width":350,"height":200,"srcset":"https:\/\/i0.wp.com\/lasprimeras.com.do\/wp-content\/uploads\/2025\/09\/mide-1.jpg?resize=350%2C200&ssl=1 1x, https:\/\/i0.wp.com\/lasprimeras.com.do\/wp-content\/uploads\/2025\/09\/mide-1.jpg?resize=525%2C300&ssl=1 1.5x, https:\/\/i0.wp.com\/lasprimeras.com.do\/wp-content\/uploads\/2025\/09\/mide-1.jpg?resize=700%2C400&ssl=1 2x"},"classes":[]},{"id":101724,"url":"https:\/\/lasprimeras.com.do\/index.php\/2025\/06\/25\/abinader-encabeza-graduacion-y-toma-juramento-de-mas-de-5-mil-jovenes-del-servicio-militar-voluntario\/","url_meta":{"origin":49180,"position":3},"title":"Abinader encabeza graduaci\u00f3n y toma juramento de m\u00e1s de 5 mil j\u00f3venes del Servicio Militar Voluntario","author":"Nelson Feliz","date":"25 de junio de 2025","format":false,"excerpt":"Ministro de Defensa califica este programa social y educativo como ejemplo regional de prevenci\u00f3n, superaci\u00f3n y civismo. No con armas, sino con educaci\u00f3n, valores y oportunidades. El presidente Luis Abinader encabez\u00f3 este martes la graduaci\u00f3n y tom\u00f3 el juramento de 5,536 j\u00f3venes de la Trig\u00e9sima S\u00e9ptima Promoci\u00f3n del Programa Formaci\u00f3n\u2026","rel":"","context":"En \u00abNACIONALES\u00bb","block_context":{"text":"NACIONALES","link":"https:\/\/lasprimeras.com.do\/index.php\/category\/nacionales\/"},"img":{"alt_text":"","src":"https:\/\/i0.wp.com\/lasprimeras.com.do\/wp-content\/uploads\/2025\/06\/abinader-1.jpg?resize=350%2C200&ssl=1","width":350,"height":200,"srcset":"https:\/\/i0.wp.com\/lasprimeras.com.do\/wp-content\/uploads\/2025\/06\/abinader-1.jpg?resize=350%2C200&ssl=1 1x, https:\/\/i0.wp.com\/lasprimeras.com.do\/wp-content\/uploads\/2025\/06\/abinader-1.jpg?resize=525%2C300&ssl=1 1.5x, https:\/\/i0.wp.com\/lasprimeras.com.do\/wp-content\/uploads\/2025\/06\/abinader-1.jpg?resize=700%2C400&ssl=1 2x"},"classes":[]},{"id":65103,"url":"https:\/\/lasprimeras.com.do\/index.php\/2023\/10\/25\/ejercito-de-republica-dominicana-gradua-401-soldados\/","url_meta":{"origin":49180,"position":4},"title":"Ej\u00e9rcito de Rep\u00fablica Dominicana grad\u00faa 401 soldados","author":"BIMARY DE JES\u00daS Matos","date":"25 de octubre de 2023","format":false,"excerpt":"Santo Domingo.-En un acto presidido por el Ministro de Defensa, Teniente General Carlos Luciano D\u00edaz Morfa, acompa\u00f1ado del Comandante General del Ej\u00e9rcito de Rep\u00fablica Dominicana, el Mayor General Carlos Antonio Fern\u00e1ndez Onofre, la instituci\u00f3n militar llev\u00f3 a cabo la ceremonia de graduaci\u00f3n de 401 soldados, perteneciente a la 2da. Promoci\u00f3n\u2026","rel":"","context":"En \u00abPORTADA\u00bb","block_context":{"text":"PORTADA","link":"https:\/\/lasprimeras.com.do\/index.php\/category\/portada\/"},"img":{"alt_text":"","src":"https:\/\/i0.wp.com\/lasprimeras.com.do\/wp-content\/uploads\/2023\/10\/WhatsApp-Image-2023-10-25-at-6.14.41-PM.jpeg?resize=350%2C200&ssl=1","width":350,"height":200,"srcset":"https:\/\/i0.wp.com\/lasprimeras.com.do\/wp-content\/uploads\/2023\/10\/WhatsApp-Image-2023-10-25-at-6.14.41-PM.jpeg?resize=350%2C200&ssl=1 1x, https:\/\/i0.wp.com\/lasprimeras.com.do\/wp-content\/uploads\/2023\/10\/WhatsApp-Image-2023-10-25-at-6.14.41-PM.jpeg?resize=525%2C300&ssl=1 1.5x, https:\/\/i0.wp.com\/lasprimeras.com.do\/wp-content\/uploads\/2023\/10\/WhatsApp-Image-2023-10-25-at-6.14.41-PM.jpeg?resize=700%2C400&ssl=1 2x, https:\/\/i0.wp.com\/lasprimeras.com.do\/wp-content\/uploads\/2023\/10\/WhatsApp-Image-2023-10-25-at-6.14.41-PM.jpeg?resize=1050%2C600&ssl=1 3x, https:\/\/i0.wp.com\/lasprimeras.com.do\/wp-content\/uploads\/2023\/10\/WhatsApp-Image-2023-10-25-at-6.14.41-PM.jpeg?resize=1400%2C800&ssl=1 4x"},"classes":[]},{"id":49534,"url":"https:\/\/lasprimeras.com.do\/index.php\/2023\/05\/11\/personal-de-egemerd-participan-en-programa-de-formacion-y-capacitacion\/","url_meta":{"origin":49180,"position":5},"title":"Personal de Egemerd participan en programa de formaci\u00f3n y capacitaci\u00f3n","author":"prenxa100","date":"11 de mayo de 2023","format":false,"excerpt":"Por Wilson P\u00e9rez Santo Domingo.-. El personal docente y administrativo de la Escuela de Graduados de Estudios Militares del Ej\u00e9rcito de Rep\u00fablica Dominicana, (EGEMERD), de la Facultad de Ciencias Militares del Instituto Superior Para la Defensa, (INSUDE) particip\u00f3 en el \u201cprograma de formaci\u00f3n y capacitaci\u00f3n \u201cCapac\u00edtate para el Empleo\u201d, a\u2026","rel":"","context":"En \u00abNACIONALES\u00bb","block_context":{"text":"NACIONALES","link":"https:\/\/lasprimeras.com.do\/index.php\/category\/nacionales\/"},"img":{"alt_text":"","src":"","width":0,"height":0},"classes":[]}],"jetpack_sharing_enabled":true,"_links":{"self":[{"href":"https:\/\/lasprimeras.com.do\/index.php\/wp-json\/wp\/v2\/posts\/49180","targetHints":{"allow":["GET"]}}],"collection":[{"href":"https:\/\/lasprimeras.com.do\/index.php\/wp-json\/wp\/v2\/posts"}],"about":[{"href":"https:\/\/lasprimeras.com.do\/index.php\/wp-json\/wp\/v2\/types\/post"}],"author":[{"embeddable":true,"href":"https:\/\/lasprimeras.com.do\/index.php\/wp-json\/wp\/v2\/users\/1"}],"replies":[{"embeddable":true,"href":"https:\/\/lasprimeras.com.do\/index.php\/wp-json\/wp\/v2\/comments?post=49180"}],"version-history":[{"count":0,"href":"https:\/\/lasprimeras.com.do\/index.php\/wp-json\/wp\/v2\/posts\/49180\/revisions"}],"wp:featuredmedia":[{"embeddable":true,"href":"https:\/\/lasprimeras.com.do\/index.php\/wp-json\/"}],"wp:attachment":[{"href":"https:\/\/lasprimeras.com.do\/index.php\/wp-json\/wp\/v2\/media?parent=49180"}],"wp:term":[{"taxonomy":"category","embeddable":true,"href":"https:\/\/lasprimeras.com.do\/index.php\/wp-json\/wp\/v2\/categories?post=49180"},{"taxonomy":"post_tag","embeddable":true,"href":"https:\/\/lasprimeras.com.do\/index.php\/wp-json\/wp\/v2\/tags?post=49180"}],"curies":[{"name":"wp","href":"https:\/\/api.w.org\/{rel}","templated":true}]}}