{"id":49184,"date":"2023-05-09T06:12:46","date_gmt":"2023-05-09T10:12:46","guid":{"rendered":"https:\/\/atento.com.do\/?p=49184"},"modified":"2023-05-09T06:12:46","modified_gmt":"2023-05-09T10:12:46","slug":"gran-teleton-de-unicef-recauda-13862673-en-su-tercera-edicion","status":"publish","type":"post","link":"https:\/\/lasprimeras.com.do\/index.php\/2023\/05\/09\/gran-teleton-de-unicef-recauda-13862673-en-su-tercera-edicion\/","title":{"rendered":"Gran Telet\u00f3n de UNICEF recauda $13,862,673 en su tercera edici\u00f3n"},"content":{"rendered":"\n<p><strong>SANTO DOMINGO.\u2013 <\/strong>Con j\u00fabilo y algarab\u00eda cerr\u00f3 la tercera edici\u00f3n del Gran Telet\u00f3n del Fondo de las Naciones Unidas para la Infancia (UNICEF) en Rep\u00fablica Dominicana \u2018Juntos por la Ni\u00f1ez\u2019 logrando recaudar el monto de RD$13,862,673.<\/p>\n\n\n\n<p>\u201cEstamos muy contentos y agradecidos con el pueblo dominicano, que se ha sumado por tercer a\u00f1o consecutivo a este gran canto por la esperanza de la ni\u00f1ez en el pa\u00eds superando la cantidad obtenida en el a\u00f1o anterior\u201d, dijo Rosa Elcarte, representante de UNICEF.<\/p>\n\n\n\n<p>\u2018Juntos por la Ni\u00f1ez\u2019, se transmiti\u00f3 el domingo 7 de mayo desde las 12 del mediod\u00eda hasta las 6 de la tarde, con Telesistema Canal 11 como canal oficiales y se sumaron Teleantillas Canal 2 y Coral 39, Color Visi\u00f3n Canal 9, Canal 25, CERTV Canal 4, Canal 17, Grupo Multimedios del Caribe y su canal CDN 37, Teleoperadora del Nordeste (Telenord) y Radio Cadena Comercial (RCC), entre otros.<\/p>\n\n\n\n<p>El productor fue, por segunda vez, Giancarlo Beras-Goico, y la conductora Jatnna Tav\u00e1rez, Embajadora Nacional de Buena Voluntad de UNICEF en el pa\u00eds, y un grupo de comunicadores e influyentes de las redes sociales, tales como Francisco V\u00e1squez, Pamela Sued, Nahiony Reyes, Caroline Aquino, Elianta Quintero, Luz Garc\u00eda.<\/p>\n\n\n\n<p>Tambi\u00e9n Luli Rocha, Luis Jos\u00e9 Germ\u00e1n, Selin\u00e9e M\u00e9ndez, Beba Rojas, Haidy Cruz, Nieves Marte, Nelfa N\u00fa\u00f1ez, Martha Cabral, Erlyn Sa\u00fal, Manuel y Hermes Meccariello, Diana Filpo, Rafaelina Bison\u00f3, B\u00e1rbara Plaza, Denise Pe\u00f1a, Kimberly Castillo, Anthony Tejada, Carmen Mu\u00f1oz.<\/p>\n\n\n\n<p>Tambi\u00e9n reconocidos artistas como Milly Quezada, Yohan Amparo, Pavel N\u00fa\u00f1ez, Techy Fatule, Diego Jaar, Manerra, Eli y Emil, Cristian Allexis, Frank Ceara y Xiomara Fortuna, entre otros.<\/p>\n\n\n\n<p>El cuerpo de baile de la escuela de Carlos Veit\u00eda (Academia Ballet Concierto), el grupo de Sophia Gabriela, la agrupaci\u00f3n infantil Topi Tok, todos participaron en este Telet\u00f3n brindando su talento a favor de la ni\u00f1ez.<\/p>\n\n\n\n<p>Elcarte destac\u00f3 que los recursos recaudados ser\u00e1n imprescindibles para seguir implementando programas que apoyen a la naci\u00f3n dominicana en la reducci\u00f3n de la desnutrici\u00f3n infantil aguda, la mortalidad materna y neonatal.<\/p>\n","protected":false},"excerpt":{"rendered":"<p>SANTO DOMINGO.\u2013 Con j\u00fabilo y algarab\u00eda cerr\u00f3 la tercera edici\u00f3n del Gran Telet\u00f3n del Fondo de las Naciones Unidas para la Infancia (UNICEF) en Rep\u00fablica Dominicana \u2018Juntos por la Ni\u00f1ez\u2019&hellip;<\/p>\n","protected":false},"author":1,"featured_media":49185,"comment_status":"open","ping_status":"open","sticky":false,"template":"","format":"standard","meta":{"content-type":"","jetpack_post_was_ever_published":false,"_jetpack_newsletter_access":"","_jetpack_dont_email_post_to_subs":false,"_jetpack_newsletter_tier_id":0,"_jetpack_memberships_contains_paywalled_content":false,"_jetpack_memberships_contains_paid_content":false,"footnotes":""},"categories":[39],"tags":[867],"class_list":["post-49184","post","type-post","status-publish","format-standard","has-post-thumbnail","hentry","category-economia","tag-gran-teleton-de-unicef"],"jetpack_featured_media_url":"","jetpack-related-posts":[{"id":51517,"url":"https:\/\/lasprimeras.com.do\/index.php\/2023\/05\/31\/aumenta-la-inversion-publica-en-ninez-y-adolescencia-dominicana\/","url_meta":{"origin":49184,"position":0},"title":"Aumenta la inversi\u00f3n p\u00fablica en ni\u00f1ez y adolescencia dominicana","author":"prenxa100","date":"31 de mayo de 2023","format":false,"excerpt":"SANTO DOMINGO.- Tres entidades oficiales y y el Fondo de las Naciones Unidas para la Infancia (UNICEF) presentaron el estudio \u201cLa inversi\u00f3n p\u00fablica dirigida a la ni\u00f1ez y adolescencia en Rep\u00fablica Dominicana en el 2021\u201d. La presentaci\u00f3n se realiz\u00f3 en el Palacio Nacional, con el auspicio del Gabinete de Ni\u00f1ez\u2026","rel":"","context":"En \u00abECONOM\u00cdA\u00bb","block_context":{"text":"ECONOM\u00cdA","link":"https:\/\/lasprimeras.com.do\/index.php\/category\/economia\/"},"img":{"alt_text":"","src":"","width":0,"height":0},"classes":[]},{"id":95865,"url":"https:\/\/lasprimeras.com.do\/index.php\/2025\/03\/21\/federacion-hara-teleton-en-ny-en-busca-de-us-200-mil-para-auxiliar-sectores-necesitados-rd\/","url_meta":{"origin":49184,"position":1},"title":"Federaci\u00f3n har\u00e1 Telet\u00f3n en NY en busca de US$ 200 mil para auxiliar sectores necesitados RD","author":"Nelson Feliz","date":"21 de marzo de 2025","format":false,"excerpt":"Por Ram\u00f3n Mercedes NUEVA YORK.- La Federaci\u00f3n Global de Medios (Global Media Federation), presidida por el destacado artista y productor Ra\u00fal Acosta, anunci\u00f3 esta semana la celebraci\u00f3n del \u00abTelet\u00f3n 2025\u00bb en esta ciudad, con el prop\u00f3sito de recaudar 200 mil d\u00f3lares para ser invertidos en sectores necesitados de la RD\u2026","rel":"","context":"En \u00abECONOM\u00cdA\u00bb","block_context":{"text":"ECONOM\u00cdA","link":"https:\/\/lasprimeras.com.do\/index.php\/category\/economia\/"},"img":{"alt_text":"Federaci\u00f3n en NY har\u00e1 Telet\u00f3n buscar 200 mil d\u00f3lares e invertir en sectores necesitados RD","src":"https:\/\/i0.wp.com\/lasprimeras.com.do\/wp-content\/uploads\/2025\/03\/WhatsApp-Image-2025-03-21-at-5.30.09-AM-1.jpeg?resize=350%2C200&ssl=1","width":350,"height":200,"srcset":"https:\/\/i0.wp.com\/lasprimeras.com.do\/wp-content\/uploads\/2025\/03\/WhatsApp-Image-2025-03-21-at-5.30.09-AM-1.jpeg?resize=350%2C200&ssl=1 1x, https:\/\/i0.wp.com\/lasprimeras.com.do\/wp-content\/uploads\/2025\/03\/WhatsApp-Image-2025-03-21-at-5.30.09-AM-1.jpeg?resize=525%2C300&ssl=1 1.5x, https:\/\/i0.wp.com\/lasprimeras.com.do\/wp-content\/uploads\/2025\/03\/WhatsApp-Image-2025-03-21-at-5.30.09-AM-1.jpeg?resize=700%2C400&ssl=1 2x"},"classes":[]},{"id":76355,"url":"https:\/\/lasprimeras.com.do\/index.php\/2024\/02\/09\/inaipi-y-unicef-acuerdan-fortalecer-modelo-de-atencion-integral-a-la-primera-infancia\/","url_meta":{"origin":49184,"position":2},"title":"Inaipi y Unicef acuerdan fortalecer modelo de atenci\u00f3n integral a la primera infancia","author":"Nelson Feliz","date":"9 de febrero de 2024","format":false,"excerpt":"Por Mart\u00edn Restituyo El Instituto Nacional de Atenci\u00f3n Integral a la Primera Infancia (Inaipi) y el Fondo de las Naciones Unidas para la Infancia (Unicef) firmaron un acuerdo de colaboraci\u00f3n interinstitucional para continuar fortaleciendo el modelo de atenci\u00f3n integral, dirigidos a ni\u00f1os y ni\u00f1as con edades de 0 a 5\u2026","rel":"","context":"En \u00abNACIONALES\u00bb","block_context":{"text":"NACIONALES","link":"https:\/\/lasprimeras.com.do\/index.php\/category\/nacionales\/"},"img":{"alt_text":"Inaipi y Unicef","src":"https:\/\/i0.wp.com\/lasprimeras.com.do\/wp-content\/uploads\/2024\/02\/Inaipi-y-Unicef.jpg?resize=350%2C200&ssl=1","width":350,"height":200,"srcset":"https:\/\/i0.wp.com\/lasprimeras.com.do\/wp-content\/uploads\/2024\/02\/Inaipi-y-Unicef.jpg?resize=350%2C200&ssl=1 1x, https:\/\/i0.wp.com\/lasprimeras.com.do\/wp-content\/uploads\/2024\/02\/Inaipi-y-Unicef.jpg?resize=525%2C300&ssl=1 1.5x"},"classes":[]},{"id":86232,"url":"https:\/\/lasprimeras.com.do\/index.php\/2024\/07\/21\/unicef-alerta-nuevo-codigo-penal-sugiere-violencia-en-menores\/","url_meta":{"origin":49184,"position":3},"title":"Unicef alerta nuevo C\u00f3digo Penal sugiere violencia en menores","author":"Nelson Feliz","date":"21 de julio de 2024","format":false,"excerpt":"El Fondo de las Naciones Unidas para la Infancia (Unicef) advirti\u00f3 este domingo que el proyecto de un nuevo C\u00f3digo Penal que estudia el Congreso Nacional de Rep\u00fablica Dominicana \u00absugiere\u00bb ejercer violencia hacia los ni\u00f1os, lo que entra en contradicci\u00f3n con la Convenci\u00f3n de los Derechos del Ni\u00f1o, del cual\u2026","rel":"","context":"En \u00abNACIONALES\u00bb","block_context":{"text":"NACIONALES","link":"https:\/\/lasprimeras.com.do\/index.php\/category\/nacionales\/"},"img":{"alt_text":"","src":"https:\/\/i0.wp.com\/lasprimeras.com.do\/wp-content\/uploads\/2024\/07\/unicef.jpg?resize=350%2C200&ssl=1","width":350,"height":200,"srcset":"https:\/\/i0.wp.com\/lasprimeras.com.do\/wp-content\/uploads\/2024\/07\/unicef.jpg?resize=350%2C200&ssl=1 1x, https:\/\/i0.wp.com\/lasprimeras.com.do\/wp-content\/uploads\/2024\/07\/unicef.jpg?resize=525%2C300&ssl=1 1.5x"},"classes":[]},{"id":64679,"url":"https:\/\/lasprimeras.com.do\/index.php\/2023\/10\/22\/haiti-iglesias-recolectan-fondos-para-construir-canal-del-rio-masacre\/","url_meta":{"origin":49184,"position":4},"title":"Hait\u00ed: Iglesias recolectan fondos para construir canal del r\u00edo Masacre","author":"Nelson Feliz","date":"22 de octubre de 2023","format":false,"excerpt":"La construcci\u00f3n del canal \"es una se\u00f1al de que un nuevo Hait\u00ed es posible\", declar\u00f3 el pastor Jean Baptiste Jean-Claude. AGENCIA EFE Puerto Pr\u00edncipe, Hait\u00ed.-. Iglesias haitianas realizaron este domingo un acto para recaudar fondos para terminar la construcci\u00f3n de un canal que busca desviar agua del r\u00edo Masacre, frontera\u2026","rel":"","context":"En \u00abSin categor\u00eda\u00bb","block_context":{"text":"Sin categor\u00eda","link":"https:\/\/lasprimeras.com.do\/index.php\/category\/sin-categoria\/"},"img":{"alt_text":"Canal Rio Masacre","src":"https:\/\/i0.wp.com\/lasprimeras.com.do\/wp-content\/uploads\/2023\/10\/Canal-Rio-Masacre.jpeg?resize=350%2C200&ssl=1","width":350,"height":200,"srcset":"https:\/\/i0.wp.com\/lasprimeras.com.do\/wp-content\/uploads\/2023\/10\/Canal-Rio-Masacre.jpeg?resize=350%2C200&ssl=1 1x, https:\/\/i0.wp.com\/lasprimeras.com.do\/wp-content\/uploads\/2023\/10\/Canal-Rio-Masacre.jpeg?resize=525%2C300&ssl=1 1.5x, https:\/\/i0.wp.com\/lasprimeras.com.do\/wp-content\/uploads\/2023\/10\/Canal-Rio-Masacre.jpeg?resize=700%2C400&ssl=1 2x"},"classes":[]},{"id":54524,"url":"https:\/\/lasprimeras.com.do\/index.php\/2023\/07\/11\/emplaza-a-unicef-aclarar-si-furgones-sanitarios-en-dajabon-seran-para-atender-haitianas\/","url_meta":{"origin":49184,"position":5},"title":"Emplaza a UNICEF aclarar si furgones sanitarios en Dajab\u00f3n ser\u00e1n para atender haitianas","author":"Nelson Feliz","date":"11 de julio de 2023","format":false,"excerpt":"El presidente de la Uni\u00f3n Dem\u00f3crata Cristiana -UDC-, Luis Acosta Moreta, Luis \u201cEl Gallo\u201d, emplaz\u00f3 hoy al Fondo de las Naciones Unidas para la Infancia (UNICEF) a que diga con verdad y claridad si ser\u00e1 para atender haitianas, un complejo sanitario en furgones que se est\u00e1 proyectando para Dajab\u00f3n. Indic\u00f3\u2026","rel":"","context":"En \u00abPORTADA\u00bb","block_context":{"text":"PORTADA","link":"https:\/\/lasprimeras.com.do\/index.php\/category\/portada\/"},"img":{"alt_text":"Luis Acosta Moreta","src":"https:\/\/i0.wp.com\/lasprimeras.com.do\/wp-content\/uploads\/2023\/07\/Luis-Acosta-Moreta-1-1.jpg?resize=350%2C200&ssl=1","width":350,"height":200,"srcset":"https:\/\/i0.wp.com\/lasprimeras.com.do\/wp-content\/uploads\/2023\/07\/Luis-Acosta-Moreta-1-1.jpg?resize=350%2C200&ssl=1 1x, https:\/\/i0.wp.com\/lasprimeras.com.do\/wp-content\/uploads\/2023\/07\/Luis-Acosta-Moreta-1-1.jpg?resize=525%2C300&ssl=1 1.5x, https:\/\/i0.wp.com\/lasprimeras.com.do\/wp-content\/uploads\/2023\/07\/Luis-Acosta-Moreta-1-1.jpg?resize=700%2C400&ssl=1 2x"},"classes":[]}],"jetpack_sharing_enabled":true,"_links":{"self":[{"href":"https:\/\/lasprimeras.com.do\/index.php\/wp-json\/wp\/v2\/posts\/49184","targetHints":{"allow":["GET"]}}],"collection":[{"href":"https:\/\/lasprimeras.com.do\/index.php\/wp-json\/wp\/v2\/posts"}],"about":[{"href":"https:\/\/lasprimeras.com.do\/index.php\/wp-json\/wp\/v2\/types\/post"}],"author":[{"embeddable":true,"href":"https:\/\/lasprimeras.com.do\/index.php\/wp-json\/wp\/v2\/users\/1"}],"replies":[{"embeddable":true,"href":"https:\/\/lasprimeras.com.do\/index.php\/wp-json\/wp\/v2\/comments?post=49184"}],"version-history":[{"count":0,"href":"https:\/\/lasprimeras.com.do\/index.php\/wp-json\/wp\/v2\/posts\/49184\/revisions"}],"wp:featuredmedia":[{"embeddable":true,"href":"https:\/\/lasprimeras.com.do\/index.php\/wp-json\/"}],"wp:attachment":[{"href":"https:\/\/lasprimeras.com.do\/index.php\/wp-json\/wp\/v2\/media?parent=49184"}],"wp:term":[{"taxonomy":"category","embeddable":true,"href":"https:\/\/lasprimeras.com.do\/index.php\/wp-json\/wp\/v2\/categories?post=49184"},{"taxonomy":"post_tag","embeddable":true,"href":"https:\/\/lasprimeras.com.do\/index.php\/wp-json\/wp\/v2\/tags?post=49184"}],"curies":[{"name":"wp","href":"https:\/\/api.w.org\/{rel}","templated":true}]}}