{"id":49187,"date":"2023-05-09T06:19:00","date_gmt":"2023-05-09T10:19:00","guid":{"rendered":"https:\/\/atento.com.do\/?p=49187"},"modified":"2023-05-09T06:19:00","modified_gmt":"2023-05-09T10:19:00","slug":"registran-20120-conflictos-violentos-entre-estudiantes-en-ocho-meses","status":"publish","type":"post","link":"https:\/\/lasprimeras.com.do\/index.php\/2023\/05\/09\/registran-20120-conflictos-violentos-entre-estudiantes-en-ocho-meses\/","title":{"rendered":"Registran 20,120 conflictos violentos entre estudiantes en ocho meses"},"content":{"rendered":"\n<p>SANTO DOMINGO, RD.-. De acuerdo con un informe de la Direcci\u00f3n de Orientaci\u00f3n y Psicolog\u00eda del Ministerio de Educaci\u00f3n, se registraron al menos 20,120 conflictos violentos entre estudiantes y 1,724 enfrentamientos entre alumnos y docentes desde septiembre de 2022 (inicio del a\u00f1o escolar vigente) hasta el pasado mes de abril.<\/p>\n\n\n\n<p>El informe se\u00f1ala tambi\u00e9n que ocurrieron 297 hechos violentos entre los alumnos y personal de apoyo y\/o administrativo; Mientras que entre profesores y familiares de estudiantes sucedieron 322 conflictos.Adem\u00e1s, de docente a docente fueron 177 hechos violentos.<\/p>\n\n\n\n<p>Presentan c\u00f3digo de \u00e9tica<\/p>\n\n\n\n<p>Las cifras fueron ofrecidas durante una rueda de prensa en el Ministerio de Educaci\u00f3n, donde se present\u00f3 un borr\u00f3n de un C\u00f3digo de \u00c9tica que regularizar\u00e1 las relaciones entre el personal docente y administrativo con los alumnos del sistema de educaci\u00f3n preuniversitario, en sus distintos niveles, modalidades y subsistemas tanto en el sector educativo p\u00fablico como privado.<\/p>\n\n\n\n<p>Las autoridades educativas indicaron que el borrador instruye que los docentes y administrativos han de relacionarse con los estudiantes en el espacio escolar teniendo en cuenta las disposiciones de la Ley General de Educaci\u00f3n 66-97 y el C\u00f3digo para el Sistema de Protecci\u00f3n de Ni\u00f1os, Ni\u00f1as y Adolescentes, Ley 136-03.<\/p>\n\n\n\n<p>El c\u00f3digo de \u00e9tica indica que en el uso de las herramientas digitales con fines formativos, el docente no puede relacionarse de forma individual; en los encuentros virtuales, los docentes y cuerpo administrativo deben vestir formalmente; y la Polic\u00eda Escolar y el personal de seguridad ha de mantener un comportamiento coherente con los lineamientos \u00e9ticos que rigen el funcionamiento de los centros educativos.<\/p>\n\n\n\n<p>El c\u00f3digo prohibir\u00eda a docentes y administrativos acciones violentas de cualquier \u00edndole contra los estudiantes; no admite por parte del docente el uso de calificativos que inciten a la discriminaci\u00f3n contra el escolar; y proh\u00edbe cualquier tipo de acoso y de soborno.<\/p>\n\n\n\n<p>En ese sentido, la norma impide que los maestros y otras autoridades de la escuela utilicen los horarios de clases o el centro educativo para desarrollar discursos pol\u00edticos, religiosos, comerciales, de sexualidad o tratar temas personales con los estudiantes.<\/p>\n\n\n\n<p>No es una &#8220;acci\u00f3n reactiva&#8221;<\/p>\n\n\n\n<p>En los \u00faltimos meses se han registrado varias situaciones entre estudiantes y entre alumnos y docentes que han trascendido a la opini\u00f3n p\u00fablica, desde una profesora que utiliz\u00f3 la imagen de dos de sus estudiantes en la p\u00e1gina de contenido para adultos Only Fans hasta la muerte de una estudiante de 16 a\u00f1os, en Hig\u00fcey, tras ir a la playa con uno de sus docentes.<\/p>\n\n\n\n<p>Sin embargo, al ser cuestionado por los medios de comunicaci\u00f3n el viceministro de Acreditaci\u00f3n y Certificaci\u00f3n Docente de ese Ministerio, Francisco D&#8217;Oleo, se\u00f1al\u00f3 que la entidad no est\u00e1 actuando de &#8220;forma reactiva&#8221;, sino que el C\u00f3digo era un plan del ministro \u00c1ngel Hern\u00e1ndez desde el inicio de su gesti\u00f3n.<\/p>\n\n\n\n<p>El borr\u00f3n ser\u00e1 socializado ante diferentes entidades gubernamentales y actores de la sociedad civil y se espera que est\u00e9 listo para su aplicaci\u00f3n y ejecuci\u00f3n para el inicio del a\u00f1o escolar 2023-2024.<\/p>\n\n\n\n<p>Ausencia del Ministro<\/p>\n\n\n\n<p>La rueda de prensa se realiz\u00f3 sin la presencia del titular de ese Ministerio, \u00c1ngel Hern\u00e1ndez, quien fue excusado por los presentes porque &#8220;fue convocado para una reuni\u00f3n en el Palacio Nacional&#8221;.<\/p>\n\n\n\n<p>Fuente Listin Diario<\/p>\n","protected":false},"excerpt":{"rendered":"<p>SANTO DOMINGO, RD.-. De acuerdo con un informe de la Direcci\u00f3n de Orientaci\u00f3n y Psicolog\u00eda del Ministerio de Educaci\u00f3n, se registraron al menos 20,120 conflictos violentos entre estudiantes y 1,724&hellip;<\/p>\n","protected":false},"author":1,"featured_media":49188,"comment_status":"open","ping_status":"open","sticky":false,"template":"","format":"standard","meta":{"content-type":"","jetpack_post_was_ever_published":false,"_jetpack_newsletter_access":"","_jetpack_dont_email_post_to_subs":false,"_jetpack_newsletter_tier_id":0,"_jetpack_memberships_contains_paywalled_content":false,"_jetpack_memberships_contains_paid_content":false,"footnotes":""},"categories":[1],"tags":[868],"class_list":["post-49187","post","type-post","status-publish","format-standard","has-post-thumbnail","hentry","category-sin-categoria","tag-conflictos-violentos"],"jetpack_featured_media_url":"","jetpack-related-posts":[{"id":91576,"url":"https:\/\/lasprimeras.com.do\/index.php\/2024\/11\/27\/ministro-de-educacion-defiende-acciones-de-profesores-violadores-spm\/","url_meta":{"origin":49187,"position":0},"title":"Ministro de Educaci\u00f3n defiende acciones de profesores violadores SPM","author":"Nelson Feliz","date":"27 de noviembre de 2024","format":false,"excerpt":"Profesores ten\u00edan una \"relaci\u00f3n impropia\" con estudiante de 13 a\u00f1os, dice \u00c1ngel Hern\u00e1ndez El ministro de Educaci\u00f3n, \u00c1ngel Hern\u00e1ndez, asegur\u00f3 este mi\u00e9rcoles que se pudo \"verificar\" que los dos docentes de la escuela La Siria en la provincia San Pedro de Macor\u00eds, acusados de abusar sexualmente a una estudiante, \"ten\u00edan\u2026","rel":"","context":"En \u00abNACIONALES\u00bb","block_context":{"text":"NACIONALES","link":"https:\/\/lasprimeras.com.do\/index.php\/category\/nacionales\/"},"img":{"alt_text":"\u00c1ngel Hern\u00e1ndez","src":"https:\/\/i0.wp.com\/lasprimeras.com.do\/wp-content\/uploads\/2024\/09\/Angel-Hernandez.jpg?resize=350%2C200&ssl=1","width":350,"height":200,"srcset":"https:\/\/i0.wp.com\/lasprimeras.com.do\/wp-content\/uploads\/2024\/09\/Angel-Hernandez.jpg?resize=350%2C200&ssl=1 1x, https:\/\/i0.wp.com\/lasprimeras.com.do\/wp-content\/uploads\/2024\/09\/Angel-Hernandez.jpg?resize=525%2C300&ssl=1 1.5x"},"classes":[]},{"id":114842,"url":"https:\/\/lasprimeras.com.do\/index.php\/2025\/11\/17\/adp-dispone-asistencia-legal-en-favor-de-profesora-agredida-por-estudiante-en-hato-mayor\/","url_meta":{"origin":49187,"position":1},"title":"ADP dispone asistencia legal en favor de profesora agredida por estudiante en Hato Mayor","author":"Nelson Feliz","date":"17 de noviembre de 2025","format":false,"excerpt":"La Asociaci\u00f3n Dominicana de Profesores (ADP) inform\u00f3 que puso a disposici\u00f3n asistencia legal y acompa\u00f1amiento institucional para la profesora Iris Darlenys Cordero, quien result\u00f3 herida mientras intentaba intervenir en un conflicto entre estudiantes en la Escuela Primaria Catarey Adentro, en Sabana de la Mar, provincia Hato Mayor. La docente sufri\u00f3\u2026","rel":"","context":"En \u00abNACIONALES\u00bb","block_context":{"text":"NACIONALES","link":"https:\/\/lasprimeras.com.do\/index.php\/category\/nacionales\/"},"img":{"alt_text":"","src":"https:\/\/i0.wp.com\/lasprimeras.com.do\/wp-content\/uploads\/2025\/11\/ADP.jpg?resize=350%2C200&ssl=1","width":350,"height":200,"srcset":"https:\/\/i0.wp.com\/lasprimeras.com.do\/wp-content\/uploads\/2025\/11\/ADP.jpg?resize=350%2C200&ssl=1 1x, https:\/\/i0.wp.com\/lasprimeras.com.do\/wp-content\/uploads\/2025\/11\/ADP.jpg?resize=525%2C300&ssl=1 1.5x, https:\/\/i0.wp.com\/lasprimeras.com.do\/wp-content\/uploads\/2025\/11\/ADP.jpg?resize=700%2C400&ssl=1 2x"},"classes":[]},{"id":117396,"url":"https:\/\/lasprimeras.com.do\/index.php\/2025\/12\/10\/educacion-y-caracter-la-deuda-que-la-republica-dominicana-ya-no-puede-posponer\/","url_meta":{"origin":49187,"position":2},"title":"Educaci\u00f3n y car\u00e1cter: la deuda que la Rep\u00fablica Dominicana ya no puede posponer","author":"Nelson Feliz","date":"10 de diciembre de 2025","format":false,"excerpt":"Dr. Isa\u00edas Ramos Santiago nos golpe\u00f3 con dos tragedias que el pa\u00eds no puede normalizar. Noelvin Jerem\u00edas Cabrera, de 14 a\u00f1os, muri\u00f3 tras un conflicto vinculado al entorno escolar luego de salir del Polit\u00e9cnico Sim\u00f3n Antonio Luciano Castillo; otro adolescente guarda prisi\u00f3n preventiva mientras se conoce el proceso. D\u00edas despu\u00e9s,\u2026","rel":"","context":"En \u00abOPINI\u00d3N\u00bb","block_context":{"text":"OPINI\u00d3N","link":"https:\/\/lasprimeras.com.do\/index.php\/category\/opinion\/"},"img":{"alt_text":"Isa\u00edas Ramos","src":"https:\/\/i0.wp.com\/lasprimeras.com.do\/wp-content\/uploads\/2025\/05\/Isaias-Ramos.jpg?resize=350%2C200&ssl=1","width":350,"height":200,"srcset":"https:\/\/i0.wp.com\/lasprimeras.com.do\/wp-content\/uploads\/2025\/05\/Isaias-Ramos.jpg?resize=350%2C200&ssl=1 1x, https:\/\/i0.wp.com\/lasprimeras.com.do\/wp-content\/uploads\/2025\/05\/Isaias-Ramos.jpg?resize=525%2C300&ssl=1 1.5x, https:\/\/i0.wp.com\/lasprimeras.com.do\/wp-content\/uploads\/2025\/05\/Isaias-Ramos.jpg?resize=700%2C400&ssl=1 2x"},"classes":[]},{"id":111774,"url":"https:\/\/lasprimeras.com.do\/index.php\/2025\/10\/13\/condenan-profesor-a-10-anos-de-prision-por-agresion-sexual-contra-estudiantes\/","url_meta":{"origin":49187,"position":3},"title":"Condenan profesor a 10 a\u00f1os de prisi\u00f3n por agresi\u00f3n sexual contra estudiantes","author":"Nelson Feliz","date":"13 de octubre de 2025","format":false,"excerpt":"El Cuarto Tribunal Colegiado de Santiago impuso 10 a\u00f1os de prisi\u00f3n contra un profesor procesado que result\u00f3 culpable de cargos de agresi\u00f3n sexual, acoso sexual, y abuso psicol\u00f3gico y sexual en perjuicio de 13 estudiantes. La condena contra Jos\u00e9 Antonio Grull\u00f3n Polanco, arrestado en el 2022 a ra\u00edz de los\u2026","rel":"","context":"En \u00abJUSTICIA\u00bb","block_context":{"text":"JUSTICIA","link":"https:\/\/lasprimeras.com.do\/index.php\/category\/justicia\/"},"img":{"alt_text":"","src":"","width":0,"height":0},"classes":[]},{"id":55440,"url":"https:\/\/lasprimeras.com.do\/index.php\/2023\/07\/21\/tasa-de-homicidios-baja-a-8-4-por-cada-100-mil-habitantes\/","url_meta":{"origin":49187,"position":4},"title":"Tasa de homicidios baja a 8.4 por cada 100 mil habitantes","author":"Nelson Feliz","date":"21 de julio de 2023","format":false,"excerpt":"La tasa acumulada del a\u00f1o se sit\u00faa en 11.7. Por Mart\u00edn Restituyo Las medidas preventivas conjuntas, implementadas por la Polic\u00eda Nacional, Fuerzas Armadas, Direcci\u00f3n Nacional de Control de Drogas (DNCD) y Ministerio P\u00fablico, han reducido la tasa de homicidios por cada 100 mil habitantes en el pa\u00eds. Las autoridades castrenses\u2026","rel":"","context":"En \u00abMILITARES\u00bb","block_context":{"text":"MILITARES","link":"https:\/\/lasprimeras.com.do\/index.php\/category\/militares\/"},"img":{"alt_text":"MUERTE","src":"https:\/\/i0.wp.com\/lasprimeras.com.do\/wp-content\/uploads\/2023\/07\/MUERTE.jpg?resize=350%2C200&ssl=1","width":350,"height":200,"srcset":"https:\/\/i0.wp.com\/lasprimeras.com.do\/wp-content\/uploads\/2023\/07\/MUERTE.jpg?resize=350%2C200&ssl=1 1x, https:\/\/i0.wp.com\/lasprimeras.com.do\/wp-content\/uploads\/2023\/07\/MUERTE.jpg?resize=525%2C300&ssl=1 1.5x"},"classes":[]},{"id":126154,"url":"https:\/\/lasprimeras.com.do\/index.php\/2026\/03\/30\/minerd-reporta-63-de-avance-en-la-cuarta-etapa-de-la-evaluacion-de-desempeno-docente-2025-2026\/","url_meta":{"origin":49187,"position":5},"title":"MINERD reporta 63 % de avance en la cuarta etapa de la &#8220;Evaluaci\u00f3n de Desempe\u00f1o Docente 2025-2026&#8221;","author":"Nelson Feliz","date":"30 de marzo de 2026","format":false,"excerpt":"_Hasta la fecha, el 63 % de los 115,553 docentes de todo el pa\u00eds a quienes va dirigida esta etapa ya la han completado_ El Ministerio de Educaci\u00f3n de la Rep\u00fablica Dominicana (MINERD) inform\u00f3 que la cuarta etapa de la Evaluaci\u00f3n de Desempe\u00f1o Docente (EDD) 2025-2026, correspondiente a la Evaluaci\u00f3n\u2026","rel":"","context":"En \u00abNACIONALES\u00bb","block_context":{"text":"NACIONALES","link":"https:\/\/lasprimeras.com.do\/index.php\/category\/nacionales\/"},"img":{"alt_text":"Minerd","src":"https:\/\/i0.wp.com\/lasprimeras.com.do\/wp-content\/uploads\/2024\/04\/crop-w1096-h731-acuerdo-minerd-y-adp-han-sido-nombrados-9355-nuevos-docentes-focus-0-0-375-240.jpg?resize=350%2C200&ssl=1","width":350,"height":200},"classes":[]}],"jetpack_sharing_enabled":true,"_links":{"self":[{"href":"https:\/\/lasprimeras.com.do\/index.php\/wp-json\/wp\/v2\/posts\/49187","targetHints":{"allow":["GET"]}}],"collection":[{"href":"https:\/\/lasprimeras.com.do\/index.php\/wp-json\/wp\/v2\/posts"}],"about":[{"href":"https:\/\/lasprimeras.com.do\/index.php\/wp-json\/wp\/v2\/types\/post"}],"author":[{"embeddable":true,"href":"https:\/\/lasprimeras.com.do\/index.php\/wp-json\/wp\/v2\/users\/1"}],"replies":[{"embeddable":true,"href":"https:\/\/lasprimeras.com.do\/index.php\/wp-json\/wp\/v2\/comments?post=49187"}],"version-history":[{"count":0,"href":"https:\/\/lasprimeras.com.do\/index.php\/wp-json\/wp\/v2\/posts\/49187\/revisions"}],"wp:featuredmedia":[{"embeddable":true,"href":"https:\/\/lasprimeras.com.do\/index.php\/wp-json\/"}],"wp:attachment":[{"href":"https:\/\/lasprimeras.com.do\/index.php\/wp-json\/wp\/v2\/media?parent=49187"}],"wp:term":[{"taxonomy":"category","embeddable":true,"href":"https:\/\/lasprimeras.com.do\/index.php\/wp-json\/wp\/v2\/categories?post=49187"},{"taxonomy":"post_tag","embeddable":true,"href":"https:\/\/lasprimeras.com.do\/index.php\/wp-json\/wp\/v2\/tags?post=49187"}],"curies":[{"name":"wp","href":"https:\/\/api.w.org\/{rel}","templated":true}]}}