{"id":49193,"date":"2023-05-09T06:54:59","date_gmt":"2023-05-09T10:54:59","guid":{"rendered":"https:\/\/atento.com.do\/?p=49193"},"modified":"2023-05-09T06:54:59","modified_gmt":"2023-05-09T10:54:59","slug":"washington-juramentan-equipo-campana-guido-gomez-mazara","status":"publish","type":"post","link":"https:\/\/lasprimeras.com.do\/index.php\/2023\/05\/09\/washington-juramentan-equipo-campana-guido-gomez-mazara\/","title":{"rendered":"WASHINGTON: juramentan equipo campa\u00f1a Guido G\u00f3mez Mazara"},"content":{"rendered":"\n<p><strong>Por FRANCIS PEREZ<\/strong><\/p>\n\n\n\n<p>WASHINGTON.- El coordinador general en ultramar del Proyecto Guido Presidente 2024- 2028, Javier Fuentes, encabez\u00f3 este domingo la juramentaci\u00f3n en Maryland del equipo que coordinar\u00e1 los trabajos proselitistas del precandidato presidencial del Partido Revolucionario Moderno (PRM), Guido G\u00f3mez Mazara, de cara a las primarias de esa organizaci\u00f3n.<\/p>\n\n\n\n<p>Asimismo, instruy\u00f3 sobre los trabajos de afiliaci\u00f3n e inscripci\u00f3n en el padr\u00f3n del PRM de nuevos miembros y votantes, a trav\u00e9s de la jornada que han denominado &#8220;Si no te han cumplido, vota por Guido&#8221;.<\/p>\n\n\n\n<p>Fuentes, quien pronunci\u00f3 el discurso central, exhort\u00f3 al grupo a que trabajen arduamente para lograr la victoria en la convenci\u00f3n del PRM y en las elecciones presidenciales, ya que &#8220;Guido cuenta en su programa de gobierno con una f\u00f3rmula que permitir\u00e1 que los dominicanos que residen en el exterior regresen al pa\u00eds y permanezcan en tranquilidad, jugando domin\u00f3 debajo de un \u00e1rbol&#8221;.<\/p>\n\n\n\n<p>\u201cLa Rep\u00fablica Dominicana no debe seguir votando por candidatos que tienen recursos econ\u00f3micos pero no cuentan con sensibilidad, capacidad y conocimiento de lo que se vaya hacer desde la C\u00e1mara de Diputados, de la Presidencia y de las alcald\u00edas. No siempre el dinero gana\u201d, destac\u00f3.<\/p>\n\n\n\n<p>Fuentes deplor\u00f3 la \u201csituaci\u00f3n de violencia y criminalidad en Rep\u00fablica Dominicana. &#8220;Es un problema que heredamos de a\u00f1os atr\u00e1s y que los gobiernos han mostrado incapacidad para solucionar&#8221;.<\/p>\n\n\n\n<p>Explic\u00f3 que la violencia y criminalidad &#8220;se alimenta de la misma situaci\u00f3n de car\u00e1cter social por las faltas de oportunidades, en especial para los j\u00f3venes, dado que no todos han tenido acceso a la educaci\u00f3n para prepararse en algunas \u00e1reas, debido a la carencia de programas de inserci\u00f3n&#8221;.<\/p>\n\n\n\n<p>&#8220;El auge de la criminalidad en Rep\u00fablica Dominicana nos preocupa y provoca miedo a los que vivimos en otros pa\u00edses&#8221;, expres\u00f3.<\/p>\n\n\n\n<p>Indic\u00f3 que &#8220;muchos de los que residimos aqu\u00ed anhelamos poder regresar de nuevo a nuestro pa\u00eds y quedarnos a vivir all\u00e1, pero no lo hacemos por la inseguridad y el miedo que existe, ya que tenemos temor ser atracados o de que nos maten para quitarnos un celular&#8221;.<\/p>\n\n\n\n<p>\u201cEs penoso ver a una persona que no quiere delinquir y se est\u00e1 ganando el sustento de su familia en un motorcito de concho y la matan para quitarle su veh\u00edculo&#8221;, subray\u00f3.<\/p>\n\n\n\n<p>Dijo que &#8220;a la juventud dominicana no se le puede negar la oportunidad de capacitarse y educarse, porque si se le niega se le est\u00e1 mandando a delinquir.<\/p>\n\n\n\n<p><strong>LOS JURAMENTADOS<\/strong><\/p>\n\n\n\n<p>Wellington Catano, quien fue juramentado como coordinador del Proyecto en los estados Maryland, Virginia y el Distrito de Columbia, Wellington Catano, aprovecho el acto para anunciar su precandidatura a la alcald\u00eda de San Crist\u00f3bal, en la Rep\u00fablica Dominicana.<\/p>\n\n\n\n<p>Adem\u00e1s de Catano, quien organiz\u00f3 la actividad, fueron juramentados Braulio Arias, director ejecutivo; Oscar M. Zapata, director adjunto; Eliecer Ram\u00edrez, director pol\u00edtico; Carlos del Rosario, encargado de finanzas; Edwin Dionicio, tecnolog\u00eda; Antonio Familia, director t\u00e9cnico; Aneudy Tejeda, director de la juventud; Wendy Serrano, directora de las mujeres; Lauren Janet Eusebio, directora adjunta de las mujeres; Juan Duverg\u00e9, director sector externo, y Belkis Serrano, directora de cultos.<\/p>\n\n\n\n<p>En el acto tambi\u00e9n hablaron Xiomara G\u00f3mez, directora ejecutiva en ultramar del Proyecto Guido Presidente 2024- 2028; Lilliam G\u00f3mez, coordinadora de las mujeres en ultramar.<\/p>\n\n\n\n<p>La comisi\u00f3n que viaj\u00f3 a Mariland estuvo integrada, adem\u00e1s, por Ram\u00f3n Marte, encargado de Organizaci\u00f3n; el precandidato a diputado Pedro Julio Pe\u00f1a, director operativo, y Te\u00f3dulo L\u00f3pez, director de Educaci\u00f3n Electoral.<\/p>\n","protected":false},"excerpt":{"rendered":"<p>Por FRANCIS PEREZ WASHINGTON.- El coordinador general en ultramar del Proyecto Guido Presidente 2024- 2028, Javier Fuentes, encabez\u00f3 este domingo la juramentaci\u00f3n en Maryland del equipo que coordinar\u00e1 los trabajos&hellip;<\/p>\n","protected":false},"author":1,"featured_media":49194,"comment_status":"open","ping_status":"open","sticky":false,"template":"","format":"standard","meta":{"content-type":"","jetpack_post_was_ever_published":false,"_jetpack_newsletter_access":"","_jetpack_dont_email_post_to_subs":false,"_jetpack_newsletter_tier_id":0,"_jetpack_memberships_contains_paywalled_content":false,"_jetpack_memberships_contains_paid_content":false,"footnotes":""},"categories":[25],"tags":[874],"class_list":["post-49193","post","type-post","status-publish","format-standard","has-post-thumbnail","hentry","category-portada","tag-guido-gomez-mazara"],"jetpack_featured_media_url":"","jetpack-related-posts":[{"id":119358,"url":"https:\/\/lasprimeras.com.do\/index.php\/2026\/01\/11\/gomez-mazara-advierte-criticas-de-pacheco-pueden-ser-usadas-por-adversarios-naturales-del-prm\/","url_meta":{"origin":49193,"position":0},"title":"G\u00f3mez Mazara advierte cr\u00edticas de Pacheco pueden ser usadas por &#8220;adversarios naturales&#8221; del PRM","author":"Nelson Feliz","date":"11 de enero de 2026","format":false,"excerpt":"\"Nosotros tenemos que ser cuidadosos cuando las criticas leg\u00edtimas, variadas, ponderadas e inteligentes, pueden ser usadas por los adversarios naturales del partido\", expres\u00f3. El presidente del Consejo Directivo del Instituto Dominicano de las Telecomunicaciones (Indotel), Guido Gomez Mazara, reaccion\u00f3 a las quejas titular de la C\u00e1mara de Diputados, Alfredo Pacheco,\u2026","rel":"","context":"En \u00abPOLITICA\u00bb","block_context":{"text":"POLITICA","link":"https:\/\/lasprimeras.com.do\/index.php\/category\/politica\/"},"img":{"alt_text":"Guido G\u00f3mez Mazara","src":"https:\/\/i0.wp.com\/lasprimeras.com.do\/wp-content\/uploads\/2023\/10\/Guido-Gomez-Mazara.jpg?resize=350%2C200&ssl=1","width":350,"height":200,"srcset":"https:\/\/i0.wp.com\/lasprimeras.com.do\/wp-content\/uploads\/2023\/10\/Guido-Gomez-Mazara.jpg?resize=350%2C200&ssl=1 1x, https:\/\/i0.wp.com\/lasprimeras.com.do\/wp-content\/uploads\/2023\/10\/Guido-Gomez-Mazara.jpg?resize=525%2C300&ssl=1 1.5x, https:\/\/i0.wp.com\/lasprimeras.com.do\/wp-content\/uploads\/2023\/10\/Guido-Gomez-Mazara.jpg?resize=700%2C400&ssl=1 2x"},"classes":[]},{"id":57711,"url":"https:\/\/lasprimeras.com.do\/index.php\/2023\/08\/15\/guido-gomez-mazara-formaliza-su-inscripcion-como-precandidato-presidencial-del-prm\/","url_meta":{"origin":49193,"position":1},"title":"Guido G\u00f3mez Mazara formaliza su inscripci\u00f3n como precandidato presidencial del PRM","author":"Nelson Feliz","date":"15 de agosto de 2023","format":false,"excerpt":"El dirigente del Partido Revolucionario Moderno (PRM) Guido G\u00f3mez Mazara formaliz\u00f3 su inscripci\u00f3n a la precandidatura presidencial, de cara a las primarias internas de esa organizaci\u00f3n pol\u00edtica. \u00a0 G\u00f3mez Mazara asisti\u00f3 acompa\u00f1ado de su madre Carmen Mazara, as\u00ed como otras personalidades ante la Comisi\u00f3n Nacional de Elecciones Internas del PRM,\u2026","rel":"","context":"En \u00abSin categor\u00eda\u00bb","block_context":{"text":"Sin categor\u00eda","link":"https:\/\/lasprimeras.com.do\/index.php\/category\/sin-categoria\/"},"img":{"alt_text":"Guido Gomez Mazara","src":"https:\/\/i0.wp.com\/lasprimeras.com.do\/wp-content\/uploads\/2023\/07\/Guido-Gomez-Mazara-1.jpg?resize=350%2C200&ssl=1","width":350,"height":200,"srcset":"https:\/\/i0.wp.com\/lasprimeras.com.do\/wp-content\/uploads\/2023\/07\/Guido-Gomez-Mazara-1.jpg?resize=350%2C200&ssl=1 1x, https:\/\/i0.wp.com\/lasprimeras.com.do\/wp-content\/uploads\/2023\/07\/Guido-Gomez-Mazara-1.jpg?resize=525%2C300&ssl=1 1.5x"},"classes":[]},{"id":48516,"url":"https:\/\/lasprimeras.com.do\/index.php\/2023\/05\/01\/pensilvania-juramentan-nucleo-y-comando-campana-guido-gomez\/","url_meta":{"origin":49193,"position":2},"title":"PENSILVANIA: Juramentan n\u00facleo y comando campa\u00f1a Guido G\u00f3mez","author":"prenxa100","date":"1 de mayo de 2023","format":false,"excerpt":"Por Francis P\u00e9rez PENSILVANIA.- El Proyecto Guido Presidente 2024-28 jurament\u00f3 este domingo un n\u00facleo de trabajo en la ciudad Shenandoah y su comando de campa\u00f1a en Hazleton, Pensilvania, en sendos actos organizados por Pedro Julio Pe\u00f1a, director operativo internacional. Ambos equipos fueron juramentados por Javier Fuentes, coordinador general en ultramar\u2026","rel":"","context":"En \u00abPORTADA\u00bb","block_context":{"text":"PORTADA","link":"https:\/\/lasprimeras.com.do\/index.php\/category\/portada\/"},"img":{"alt_text":"","src":"","width":0,"height":0},"classes":[]},{"id":107462,"url":"https:\/\/lasprimeras.com.do\/index.php\/2025\/08\/26\/guido-gomez-mazara-resalta-logros-y-avances-durante-primer-ano-de-gestion-en-indotel\/","url_meta":{"origin":49193,"position":3},"title":"Guido G\u00f3mez Mazara resalta logros y avances durante primer a\u00f1o de gesti\u00f3n en INDOTEL","author":"Nelson Feliz","date":"26 de agosto de 2025","format":false,"excerpt":"Figuran entre principales logros: Destacamentos Conectados, Proyecto de Conectividad a Internet de Fibra \u00d3ptica Regi\u00f3n Sur y UASD Conectada El presidente del Consejo Directivo del Instituto Dominicano de las Telecomunicaciones (INDOTEL), Guido G\u00f3mez Mazara, se\u00f1al\u00f3 que en su primer a\u00f1o de gesti\u00f3n frente a esta instituci\u00f3n ha transformado de manera\u2026","rel":"","context":"En \u00abNACIONALES\u00bb","block_context":{"text":"NACIONALES","link":"https:\/\/lasprimeras.com.do\/index.php\/category\/nacionales\/"},"img":{"alt_text":"","src":"https:\/\/i0.wp.com\/lasprimeras.com.do\/wp-content\/uploads\/2025\/08\/Guido-Gomez-Mazara-1.jpg?resize=350%2C200&ssl=1","width":350,"height":200,"srcset":"https:\/\/i0.wp.com\/lasprimeras.com.do\/wp-content\/uploads\/2025\/08\/Guido-Gomez-Mazara-1.jpg?resize=350%2C200&ssl=1 1x, https:\/\/i0.wp.com\/lasprimeras.com.do\/wp-content\/uploads\/2025\/08\/Guido-Gomez-Mazara-1.jpg?resize=525%2C300&ssl=1 1.5x, https:\/\/i0.wp.com\/lasprimeras.com.do\/wp-content\/uploads\/2025\/08\/Guido-Gomez-Mazara-1.jpg?resize=700%2C400&ssl=1 2x"},"classes":[]},{"id":113397,"url":"https:\/\/lasprimeras.com.do\/index.php\/2025\/11\/02\/guido-gomez-acusa-a-partidos-de-oposicion-de-difundir-contenido-falso-durante-el-paso-de-melissa\/","url_meta":{"origin":49193,"position":4},"title":"Guido G\u00f3mez acusa a partidos de oposici\u00f3n de difundir contenido falso durante el paso de Melissa","author":"Nelson Feliz","date":"2 de noviembre de 2025","format":false,"excerpt":"El titular del Indotel hizo un llamado a la poblaci\u00f3n a fin de que se verifique la informaci\u00f3n que circula en redes sociales. El presidente del Consejo Directivo del Instituto Dominicano de las Telecomunicaciones (Indotel), Guido G\u00f3mez Mazara, advirti\u00f3 este domingo que era falso el 67 % de la informaci\u00f3n\u2026","rel":"","context":"En \u00abNACIONALES\u00bb","block_context":{"text":"NACIONALES","link":"https:\/\/lasprimeras.com.do\/index.php\/category\/nacionales\/"},"img":{"alt_text":"","src":"https:\/\/i0.wp.com\/lasprimeras.com.do\/wp-content\/uploads\/2025\/11\/GUIDO.jpeg?resize=350%2C200&ssl=1","width":350,"height":200,"srcset":"https:\/\/i0.wp.com\/lasprimeras.com.do\/wp-content\/uploads\/2025\/11\/GUIDO.jpeg?resize=350%2C200&ssl=1 1x, https:\/\/i0.wp.com\/lasprimeras.com.do\/wp-content\/uploads\/2025\/11\/GUIDO.jpeg?resize=525%2C300&ssl=1 1.5x, https:\/\/i0.wp.com\/lasprimeras.com.do\/wp-content\/uploads\/2025\/11\/GUIDO.jpeg?resize=700%2C400&ssl=1 2x, https:\/\/i0.wp.com\/lasprimeras.com.do\/wp-content\/uploads\/2025\/11\/GUIDO.jpeg?resize=1050%2C600&ssl=1 3x, https:\/\/i0.wp.com\/lasprimeras.com.do\/wp-content\/uploads\/2025\/11\/GUIDO.jpeg?resize=1400%2C800&ssl=1 4x"},"classes":[]},{"id":54489,"url":"https:\/\/lasprimeras.com.do\/index.php\/2023\/07\/11\/guido-gomez-mazara-endurece-su-discurso-en-contra-el-prm-y-abinader\/","url_meta":{"origin":49193,"position":5},"title":"Guido G\u00f3mez Mazara endurece su discurso en contra el PRM y Abinader","author":"Nelson Feliz","date":"11 de julio de 2023","format":false,"excerpt":"El precandidato presidencial del oficialista Partido Revolucionario Moderno (PRM), Guido G\u00f3mez Mazara, ha endurecido su discurso en contra de su propio gobierno y organizaci\u00f3n. A medidas que se acerca el proceso de selecci\u00f3n interna del candidato presidencial del PRM, G\u00f3mez Mazara ha ido subiendo el tono de las cr\u00edticas internas,\u2026","rel":"","context":"En \u00abPORTADA\u00bb","block_context":{"text":"PORTADA","link":"https:\/\/lasprimeras.com.do\/index.php\/category\/portada\/"},"img":{"alt_text":"","src":"","width":0,"height":0},"classes":[]}],"jetpack_sharing_enabled":true,"_links":{"self":[{"href":"https:\/\/lasprimeras.com.do\/index.php\/wp-json\/wp\/v2\/posts\/49193","targetHints":{"allow":["GET"]}}],"collection":[{"href":"https:\/\/lasprimeras.com.do\/index.php\/wp-json\/wp\/v2\/posts"}],"about":[{"href":"https:\/\/lasprimeras.com.do\/index.php\/wp-json\/wp\/v2\/types\/post"}],"author":[{"embeddable":true,"href":"https:\/\/lasprimeras.com.do\/index.php\/wp-json\/wp\/v2\/users\/1"}],"replies":[{"embeddable":true,"href":"https:\/\/lasprimeras.com.do\/index.php\/wp-json\/wp\/v2\/comments?post=49193"}],"version-history":[{"count":0,"href":"https:\/\/lasprimeras.com.do\/index.php\/wp-json\/wp\/v2\/posts\/49193\/revisions"}],"wp:featuredmedia":[{"embeddable":true,"href":"https:\/\/lasprimeras.com.do\/index.php\/wp-json\/"}],"wp:attachment":[{"href":"https:\/\/lasprimeras.com.do\/index.php\/wp-json\/wp\/v2\/media?parent=49193"}],"wp:term":[{"taxonomy":"category","embeddable":true,"href":"https:\/\/lasprimeras.com.do\/index.php\/wp-json\/wp\/v2\/categories?post=49193"},{"taxonomy":"post_tag","embeddable":true,"href":"https:\/\/lasprimeras.com.do\/index.php\/wp-json\/wp\/v2\/tags?post=49193"}],"curies":[{"name":"wp","href":"https:\/\/api.w.org\/{rel}","templated":true}]}}