{"id":49196,"date":"2023-05-09T06:58:22","date_gmt":"2023-05-09T10:58:22","guid":{"rendered":"https:\/\/atento.com.do\/?p=49196"},"modified":"2023-05-09T06:58:22","modified_gmt":"2023-05-09T10:58:22","slug":"fmi-considera-que-la-economia-dominicana-fue-la-mas-dinamica-en-america-latina","status":"publish","type":"post","link":"https:\/\/lasprimeras.com.do\/index.php\/2023\/05\/09\/fmi-considera-que-la-economia-dominicana-fue-la-mas-dinamica-en-america-latina\/","title":{"rendered":"FMI considera que la econom\u00eda dominicana fue la m\u00e1s din\u00e1mica en Am\u00e9rica Latina"},"content":{"rendered":"\n<p><strong>Santo Domingo.-.<\/strong> Una misi\u00f3n del Fondo Monetario Internacional (FMI) consider\u00f3 que la econom\u00eda dominicana fue la m\u00e1s \u00abdin\u00e1mica\u00bb y \u00abresiliente\u00bb de las \u00faltimas dos d\u00e9cadas en Am\u00e9rica Latina, gracias a su buena implementaci\u00f3n de pol\u00edtica monetaria, un sistema financiero robusto y unos s\u00f3lidos fundamentos macroecon\u00f3micos.<\/p>\n\n\n\n<p>Seg\u00fan un comunicado emitido por el Banco Central de Rep\u00fablica Dominicana tras la reuni\u00f3n que mantuvieron la delegaci\u00f3n del FMI y el gobernador de la entidad emisora, H\u00e9ctor Valdez Albizu, el jefe de la misi\u00f3n del Fondo Monetario, Emilio Fern\u00e1ndez-Corugedo, dijo que la econom\u00eda dominicana sigue mostrando un panorama positivo, es proactiva en la regulaci\u00f3n y supervisi\u00f3n del sistema financiero y exhibe un buen clima de negocios,<\/p>\n\n\n\n<p>Se\u00f1al\u00f3 que esto se produce en Rep\u00fablica Dominicana a pesar de un panorama internacional \u00abmuy complejo\u00bb que incide en la mayor\u00eda de las econom\u00edas, provocando una desaceleraci\u00f3n en la actividad econ\u00f3mica mundial.<\/p>\n\n\n\n<p>Por su parte, Valdez Albizu explic\u00f3 a la misi\u00f3n del FMI que la econom\u00eda del pa\u00eds caribe\u00f1o mantuvo un buen dinamismo en 2022 al crecer un 4,9 %, impulsada por la fortaleza de la demanda interna y de las actividades generadoras de divisas, en especial el turismo.<\/p>\n\n\n\n<p>Agreg\u00f3 que \u00ablos resultados preliminares del primer trimestre del a\u00f1o 2023 muestran que el indicador mensual de actividad econ\u00f3mica (IMAE) tuvo una expansi\u00f3n interanual promedio de 1,4 %, consistente con la variaci\u00f3n de 0,4 % de enero, 1,8 % de febrero y 2,1 % de marzo\u00bb.<\/p>\n\n\n\n<p>En cuanto al turismo, Valdez Albizu destac\u00f3 que la actividad de mayor contribuci\u00f3n al resultado del producto interior bruto (PIB) en 2022 fue la de hoteles, bares y restaurantes, con una expansi\u00f3n interanual del 24,0 % en su valor agregado real.<\/p>\n\n\n\n<p>Indic\u00f3 que las perspectivas del sector se mantienen favorables, de manera que, \u00abde continuar esta tendencia, se estima una llegada de 7,8 millones de pasajeros no residentes v\u00eda a\u00e9rea al cierre del a\u00f1o 2023\u00bb.<\/p>\n\n\n\n<p>Asimismo, resalt\u00f3 que la inflaci\u00f3n se ha reducido de un m\u00e1ximo del 9,64 % en abril de 2022 al 5,15 % de abril pasado y que se espera una convergencia al rango meta de 4 % \u00b1 1 % este mismo mayo.<\/p>\n\n\n\n<p>Durante la reuni\u00f3n se convers\u00f3 sobre el dinamismo del sector externo y las actividades generadoras de divisas, principalmente el turismo, que el a\u00f1o pasado produjo ingresos por valor de casi 8.500 millones de d\u00f3lares y un crecimiento de las exportaciones totales del 10,5 % interanual, influenciadas por una expansi\u00f3n del 9,1 % en las de zonas francas.<\/p>\n","protected":false},"excerpt":{"rendered":"<p>Santo Domingo.-. Una misi\u00f3n del Fondo Monetario Internacional (FMI) consider\u00f3 que la econom\u00eda dominicana fue la m\u00e1s \u00abdin\u00e1mica\u00bb y \u00abresiliente\u00bb de las \u00faltimas dos d\u00e9cadas en Am\u00e9rica Latina, gracias a&hellip;<\/p>\n","protected":false},"author":1,"featured_media":3867,"comment_status":"open","ping_status":"open","sticky":false,"template":"","format":"standard","meta":{"content-type":"","jetpack_post_was_ever_published":false,"_jetpack_newsletter_access":"","_jetpack_dont_email_post_to_subs":false,"_jetpack_newsletter_tier_id":0,"_jetpack_memberships_contains_paywalled_content":false,"_jetpack_memberships_contains_paid_content":false,"footnotes":""},"categories":[39,25],"tags":[875,876,549,514,877],"class_list":["post-49196","post","type-post","status-publish","format-standard","has-post-thumbnail","hentry","category-economia","category-portada","tag-america-latina","tag-dinamica","tag-dominicana","tag-economia-2","tag-fmi"],"jetpack_featured_media_url":"","jetpack-related-posts":[{"id":108467,"url":"https:\/\/lasprimeras.com.do\/index.php\/2025\/09\/05\/ejecutivos-de-banreservas-reciben-delegacion-del-fmi\/","url_meta":{"origin":49196,"position":0},"title":"Ejecutivos de Banreservas reciben delegaci\u00f3n del FMI","author":"Nelson Feliz","date":"5 de septiembre de 2025","format":false,"excerpt":"Este acercamiento resalta el importante rol de la instituci\u00f3n para la estabilidad financiera y el crecimiento econ\u00f3mico del pa\u00eds Representantes del Fondo Monetario Internacional (FMI) sostuvieron una reuni\u00f3n con ejecutivos del Banco de Reservas para intercambiar impresiones sobre la din\u00e1mica del sector financiero en Rep\u00fablica Dominicana y las perspectivas para\u2026","rel":"","context":"En \u00abECONOM\u00cdA\u00bb","block_context":{"text":"ECONOM\u00cdA","link":"https:\/\/lasprimeras.com.do\/index.php\/category\/economia\/"},"img":{"alt_text":"","src":"https:\/\/i0.wp.com\/lasprimeras.com.do\/wp-content\/uploads\/2025\/09\/fmi.jpg?resize=350%2C200&ssl=1","width":350,"height":200,"srcset":"https:\/\/i0.wp.com\/lasprimeras.com.do\/wp-content\/uploads\/2025\/09\/fmi.jpg?resize=350%2C200&ssl=1 1x, https:\/\/i0.wp.com\/lasprimeras.com.do\/wp-content\/uploads\/2025\/09\/fmi.jpg?resize=525%2C300&ssl=1 1.5x, https:\/\/i0.wp.com\/lasprimeras.com.do\/wp-content\/uploads\/2025\/09\/fmi.jpg?resize=700%2C400&ssl=1 2x"},"classes":[]},{"id":50669,"url":"https:\/\/lasprimeras.com.do\/index.php\/2023\/05\/23\/mision-del-fmi-califica-de-positiva-la-gestion-fiscal-de-republica-dominicana\/","url_meta":{"origin":49196,"position":1},"title":"Misi\u00f3n del FMI califica de positiva la gesti\u00f3n fiscal de Rep\u00fablica Dominicana","author":"prenxa100","date":"23 de mayo de 2023","format":false,"excerpt":"SANTO DOMINGO-. La misi\u00f3n del Fondo Monetario Internacional (FMI) en Rep\u00fablica Dominicana calific\u00f3 como positivo el manejo fiscal que ha tenido el Gobierno dominicano, durante una visita al Ministerio de Hacienda en cumplimiento del Art\u00edculo IV sobre las consultas anuales, para pasar balance a la econom\u00eda. El equipo del FMI\u2026","rel":"","context":"En \u00abECONOM\u00cdA\u00bb","block_context":{"text":"ECONOM\u00cdA","link":"https:\/\/lasprimeras.com.do\/index.php\/category\/economia\/"},"img":{"alt_text":"","src":"","width":0,"height":0},"classes":[]},{"id":108720,"url":"https:\/\/lasprimeras.com.do\/index.php\/2025\/09\/10\/adafp-se-reune-con-mision-del-fmi-para-analizar-los-avances-y-retos-del-sistema-de-pensiones\/","url_meta":{"origin":49196,"position":2},"title":"ADAFP se re\u00fane con &#8220;Misi\u00f3n del FMI&#8221; para analizar los avances y retos del sistema de pensiones","author":"Nelson Feliz","date":"10 de septiembre de 2025","format":false,"excerpt":"En el encuentro realizado en la sede de ADAFP, se analizaron los avances y retos del sistema cuyo patrimonio supera DOP 1.180 Billones, clave en el crecimiento y desarrollo econ\u00f3mico del pa\u00eds y ha favorecido a m\u00e1s de 495 mil personas. La Asociaci\u00f3n Dominicana de Administradoras de Fondos de Pensiones\u2026","rel":"","context":"En \u00abECONOM\u00cdA\u00bb","block_context":{"text":"ECONOM\u00cdA","link":"https:\/\/lasprimeras.com.do\/index.php\/category\/economia\/"},"img":{"alt_text":"","src":"https:\/\/i0.wp.com\/lasprimeras.com.do\/wp-content\/uploads\/2025\/09\/ADAFP.jpg?resize=350%2C200&ssl=1","width":350,"height":200,"srcset":"https:\/\/i0.wp.com\/lasprimeras.com.do\/wp-content\/uploads\/2025\/09\/ADAFP.jpg?resize=350%2C200&ssl=1 1x, https:\/\/i0.wp.com\/lasprimeras.com.do\/wp-content\/uploads\/2025\/09\/ADAFP.jpg?resize=525%2C300&ssl=1 1.5x, https:\/\/i0.wp.com\/lasprimeras.com.do\/wp-content\/uploads\/2025\/09\/ADAFP.jpg?resize=700%2C400&ssl=1 2x"},"classes":[]},{"id":49730,"url":"https:\/\/lasprimeras.com.do\/index.php\/2023\/05\/13\/temistocles-montas-dinamismo-economico-no-es-nada-nuevo\/","url_meta":{"origin":49196,"position":3},"title":"Temistocles Mont\u00e1s: Dinamismo econ\u00f3mico no es nada nuevo","author":"prenxa100","date":"13 de mayo de 2023","format":false,"excerpt":"Santo Domingo.-. Las evaluaciones de las misiones del Fondo Monetario Internacional (FMI) realizadas durante los Gobiernos del Partido de la Liberaci\u00f3n Dominicana (PLD) del 2004 al 2020, ponen de relieve la buena gesti\u00f3n a\u00fan en medio de las crisis recurrentes. El vicepresidente del Partido de la Liberaci\u00f3n Dominicana (PLD), Temistocles\u2026","rel":"","context":"En \u00abECONOM\u00cdA\u00bb","block_context":{"text":"ECONOM\u00cdA","link":"https:\/\/lasprimeras.com.do\/index.php\/category\/economia\/"},"img":{"alt_text":"","src":"","width":0,"height":0},"classes":[]},{"id":111919,"url":"https:\/\/lasprimeras.com.do\/index.php\/2025\/10\/15\/ministro-magin-diaz-desarrolla-amplia-agenda-de-trabajo-en-las-reuniones-anuales-del-banco-mundial-y-el-fmi\/","url_meta":{"origin":49196,"position":4},"title":"Ministro Mag\u00edn D\u00edaz desarrolla amplia agenda de trabajo en las Reuniones Anuales del Banco Mundial y el FMI","author":"Nelson Feliz","date":"15 de octubre de 2025","format":false,"excerpt":"El encuentro macroecon\u00f3mico se celebra desde el 13 de octubre con la participaci\u00f3n de autoridades monetarias y financieras El ministro de Hacienda y Econom\u00eda, Mag\u00edn D\u00edaz, desarrolla esta semana una amplia agenda de trabajo en las Reuniones Anuales 2025 del Grupo Banco Mundial y el Fondo Monetario Internacional (FMI), que\u2026","rel":"","context":"En \u00abECONOM\u00cdA\u00bb","block_context":{"text":"ECONOM\u00cdA","link":"https:\/\/lasprimeras.com.do\/index.php\/category\/economia\/"},"img":{"alt_text":"","src":"https:\/\/i0.wp.com\/lasprimeras.com.do\/wp-content\/uploads\/2025\/10\/Anabel-Gonzalez-vicepresidenta-de-Paises-del-BID-y-Magin-Diaz-ministro-de-Hacienda-y-Economia.jpg?resize=350%2C200&ssl=1","width":350,"height":200,"srcset":"https:\/\/i0.wp.com\/lasprimeras.com.do\/wp-content\/uploads\/2025\/10\/Anabel-Gonzalez-vicepresidenta-de-Paises-del-BID-y-Magin-Diaz-ministro-de-Hacienda-y-Economia.jpg?resize=350%2C200&ssl=1 1x, https:\/\/i0.wp.com\/lasprimeras.com.do\/wp-content\/uploads\/2025\/10\/Anabel-Gonzalez-vicepresidenta-de-Paises-del-BID-y-Magin-Diaz-ministro-de-Hacienda-y-Economia.jpg?resize=525%2C300&ssl=1 1.5x, https:\/\/i0.wp.com\/lasprimeras.com.do\/wp-content\/uploads\/2025\/10\/Anabel-Gonzalez-vicepresidenta-de-Paises-del-BID-y-Magin-Diaz-ministro-de-Hacienda-y-Economia.jpg?resize=700%2C400&ssl=1 2x"},"classes":[]},{"id":67158,"url":"https:\/\/lasprimeras.com.do\/index.php\/2023\/11\/13\/fmi-ve-muy-buena-expectativa-para-economia-de-r-dominicana\/","url_meta":{"origin":49196,"position":5},"title":"FMI ve muy buena expectativa para econom\u00eda de R. Dominicana","author":"Nelson Feliz","date":"13 de noviembre de 2023","format":false,"excerpt":"El equipo t\u00e9cnico del Fondo Monetario Internacional (FMI) que esta semana visita Rep\u00fablica Dominicana destac\u00f3 este lunes el comportamiento y la resiliencia de la econom\u00eda del pa\u00eds y afirm\u00f3 que las expectativas de la misma son muy buenas. En su reuni\u00f3n con el gobernador del Banco Central de Rep\u00fablica Dominicana,\u2026","rel":"","context":"En \u00abECONOM\u00cdA\u00bb","block_context":{"text":"ECONOM\u00cdA","link":"https:\/\/lasprimeras.com.do\/index.php\/category\/economia\/"},"img":{"alt_text":"banco central rd","src":"https:\/\/i0.wp.com\/lasprimeras.com.do\/wp-content\/uploads\/2023\/11\/banco-central-rd.jpg?resize=350%2C200&ssl=1","width":350,"height":200,"srcset":"https:\/\/i0.wp.com\/lasprimeras.com.do\/wp-content\/uploads\/2023\/11\/banco-central-rd.jpg?resize=350%2C200&ssl=1 1x, https:\/\/i0.wp.com\/lasprimeras.com.do\/wp-content\/uploads\/2023\/11\/banco-central-rd.jpg?resize=525%2C300&ssl=1 1.5x, https:\/\/i0.wp.com\/lasprimeras.com.do\/wp-content\/uploads\/2023\/11\/banco-central-rd.jpg?resize=700%2C400&ssl=1 2x"},"classes":[]}],"jetpack_sharing_enabled":true,"_links":{"self":[{"href":"https:\/\/lasprimeras.com.do\/index.php\/wp-json\/wp\/v2\/posts\/49196","targetHints":{"allow":["GET"]}}],"collection":[{"href":"https:\/\/lasprimeras.com.do\/index.php\/wp-json\/wp\/v2\/posts"}],"about":[{"href":"https:\/\/lasprimeras.com.do\/index.php\/wp-json\/wp\/v2\/types\/post"}],"author":[{"embeddable":true,"href":"https:\/\/lasprimeras.com.do\/index.php\/wp-json\/wp\/v2\/users\/1"}],"replies":[{"embeddable":true,"href":"https:\/\/lasprimeras.com.do\/index.php\/wp-json\/wp\/v2\/comments?post=49196"}],"version-history":[{"count":0,"href":"https:\/\/lasprimeras.com.do\/index.php\/wp-json\/wp\/v2\/posts\/49196\/revisions"}],"wp:featuredmedia":[{"embeddable":true,"href":"https:\/\/lasprimeras.com.do\/index.php\/wp-json\/"}],"wp:attachment":[{"href":"https:\/\/lasprimeras.com.do\/index.php\/wp-json\/wp\/v2\/media?parent=49196"}],"wp:term":[{"taxonomy":"category","embeddable":true,"href":"https:\/\/lasprimeras.com.do\/index.php\/wp-json\/wp\/v2\/categories?post=49196"},{"taxonomy":"post_tag","embeddable":true,"href":"https:\/\/lasprimeras.com.do\/index.php\/wp-json\/wp\/v2\/tags?post=49196"}],"curies":[{"name":"wp","href":"https:\/\/api.w.org\/{rel}","templated":true}]}}