{"id":49201,"date":"2023-05-09T07:17:28","date_gmt":"2023-05-09T11:17:28","guid":{"rendered":"https:\/\/atento.com.do\/?p=49201"},"modified":"2023-05-09T07:17:28","modified_gmt":"2023-05-09T11:17:28","slug":"pld-reitera-rechazo-al-borrador-de-resolucion-de-la-jce-sobre-reservas-de-candidatura","status":"publish","type":"post","link":"https:\/\/lasprimeras.com.do\/index.php\/2023\/05\/09\/pld-reitera-rechazo-al-borrador-de-resolucion-de-la-jce-sobre-reservas-de-candidatura\/","title":{"rendered":"PLD reitera rechazo al borrador de resoluci\u00f3n de la JCE sobre reservas de candidatura"},"content":{"rendered":"\n<p>CP del PLD ratifica comisi\u00f3n para abordar el tema relativo a las reservas de candidaturas. Danilo Medina, Charles Mariotti, Abel Mart\u00ednez y Francisco Javier Garc\u00eda, la integran.<\/p>\n\n\n\n<p><strong>SANTO DOMINGO.-.<\/strong>El Comit\u00e9 Pol\u00edtico del Partido de la Liberaci\u00f3n Dominicana (PLD) en la reuni\u00f3n ordinaria de este d\u00eda ratific\u00f3 la conformaci\u00f3n de una comisi\u00f3n que hab\u00eda sido designada con anterioridad para abordar el tema relativo a las reservas de candidaturas.<\/p>\n\n\n\n<p>Esa comisi\u00f3n est\u00e1 integrada por Danilo Medina, quien es el Presidente del PLD, Charles Mariotti, Secretario General, Abel Mart\u00ednez, candidato Presidencial del PLD y Francisco Javier Garc\u00eda, Coordinador Nacional de Campa\u00f1a.<\/p>\n\n\n\n<p>\u201cA esta comisi\u00f3n se le est\u00e1n otorgando potestades para que realicen todo lo que tengan que hacer para la conformaci\u00f3n de las boletas en los diferentes niveles congresual y municipal\u201d dijo Charles Mariotti al final de la reuni\u00f3n del Comit\u00e9 Pol\u00edtico de este lunes.<\/p>\n\n\n\n<p>Acompa\u00f1aron a Mariotti en la rueda de prensa al final de la reuni\u00f3n del Comit\u00e9 Pol\u00edtico, Maribel Acosta, Yv\u00e1n Lorenzo, Karen Ricardo, Jos\u00e9 Dantes D\u00edaz y Cristina Lizardo.<\/p>\n\n\n\n<p>Con 38 de los 45 miembros del Partido de la Liberaci\u00f3n Dominicana (PLD) se realiz\u00f3 la reuni\u00f3n ordinaria correspondiente a mayo de su Comit\u00e9 Pol\u00edtico, cumpliendo as\u00ed su resoluci\u00f3n de sostener, por los menos sostener un encuentro al mes.<\/p>\n\n\n\n<p>La reuni\u00f3n inici\u00f3 a las 10 y 40 de la ma\u00f1ana luego del retiro de la representaci\u00f3n de los medios de comunicaci\u00f3n, quienes tomaron para sus respectivos medias las im\u00e1genes del inicio de la reuni\u00f3n y concluy\u00f3 a las 12.50 de la tarde con el resumen a los comunicadores a cargo del Secretario General, Charles Mariotti.<\/p>\n\n\n\n<p>\u201cAprobamos que as\u00ed como la Junta Central Electoral someti\u00f3 un borrador de resoluci\u00f3n donde nos quiere imponer camisas de fuerza a los partidos pol\u00edticos, nosotros vamos a trabajar y operar en funci\u00f3n de la reserva del 20 por ciento de la totalidad de los puestos que ser\u00e1n sometidos a elecci\u00f3n\u201d, dijo al resumir las conclusiones arribadas por el organismo ejecutivo pol\u00edtico del Comit\u00e9 Central.<\/p>\n\n\n\n<p>Dijo que como se trata de un borrador lo Junta Central Electoral, eso significa que \u201cno es una resoluci\u00f3n definitiva, a pesar del apoyo claro y manifiesto del PRM que de manera insistente desde el primer d\u00eda que se dio a conocer el borrado andan de risitas y muy orondos. Cuando la gente anda tan contenta es porque entienden que eso le va bien y le conviene\u201d, argument\u00f3.<\/p>\n\n\n\n<p>Reiter\u00f3 que el PLD rechaza categ\u00f3ricamente el borrador de la Junta Central Electoral explicando que se someti\u00f3 las objeciones al organismo en funci\u00f3n del plazo antes de las 12:00 del d\u00eda de hoy.<\/p>\n\n\n\n<p>\u201cEstamos encabezando la resistencia conjuntamente con 25 o 26 partidos de la Rep\u00fablica Dominicana que tambi\u00e9n coinciden con nosotros en cuanto a la oposici\u00f3n tajante y militante de que se convierta en resoluci\u00f3n este borrador\u201d, dijo.<\/p>\n\n\n\n<p>Charles Mariotti cerr\u00f3 sus declaraciones recordando que el porcentaje para las reservas de candidatura de 20 por ciento es sobre la totalidad de los puestos que ser\u00e1n sometidos a elecci\u00f3n. \u201ceso es lo que dicen las diferentes normativas vigentes sobre el tema electoral y todo lo que tiene que ver con los Partidos, Movimientos y Agrupaciones Pol\u00edticas\u201d dijo.<\/p>\n","protected":false},"excerpt":{"rendered":"<p>CP del PLD ratifica comisi\u00f3n para abordar el tema relativo a las reservas de candidaturas. Danilo Medina, Charles Mariotti, Abel Mart\u00ednez y Francisco Javier Garc\u00eda, la integran. SANTO DOMINGO.-.El Comit\u00e9&hellip;<\/p>\n","protected":false},"author":1,"featured_media":49202,"comment_status":"open","ping_status":"open","sticky":false,"template":"","format":"standard","meta":{"content-type":"","jetpack_post_was_ever_published":false,"_jetpack_newsletter_access":"","_jetpack_dont_email_post_to_subs":false,"_jetpack_newsletter_tier_id":0,"_jetpack_memberships_contains_paywalled_content":false,"_jetpack_memberships_contains_paid_content":false,"footnotes":""},"categories":[25],"tags":[367,870,183,269,369,370],"class_list":["post-49201","post","type-post","status-publish","format-standard","has-post-thumbnail","hentry","category-portada","tag-borrador","tag-candidatura","tag-jce","tag-pld","tag-reservas","tag-resolucion"],"jetpack_featured_media_url":"","jetpack-related-posts":[{"id":113898,"url":"https:\/\/lasprimeras.com.do\/index.php\/2025\/11\/06\/organizando-los-elementos-para-garantizar-el-triunfo-del-pld\/","url_meta":{"origin":49201,"position":0},"title":"Organizando los elementos para garantizar el triunfo del PLD","author":"Nelson Feliz","date":"6 de noviembre de 2025","format":false,"excerpt":"La Comisi\u00f3n del PLD conformada para trabajar el Protocolo de Aspirantes Presidenciales se re\u00fane con Francisco Javier Garc\u00eda. La comisi\u00f3n encargada de trabajar el Protocolo de Aspirantes Presidenciales del Partido de la Liberaci\u00f3n Dominicana (PLD) sostuvo un encuentro con Francisco Javier Garc\u00eda, miembro del Comit\u00e9 Pol\u00edtico, en el que se\u2026","rel":"","context":"En \u00abPOLITICA\u00bb","block_context":{"text":"POLITICA","link":"https:\/\/lasprimeras.com.do\/index.php\/category\/politica\/"},"img":{"alt_text":"","src":"https:\/\/i0.wp.com\/lasprimeras.com.do\/wp-content\/uploads\/2025\/11\/pld.jpg?resize=350%2C200&ssl=1","width":350,"height":200,"srcset":"https:\/\/i0.wp.com\/lasprimeras.com.do\/wp-content\/uploads\/2025\/11\/pld.jpg?resize=350%2C200&ssl=1 1x, https:\/\/i0.wp.com\/lasprimeras.com.do\/wp-content\/uploads\/2025\/11\/pld.jpg?resize=525%2C300&ssl=1 1.5x, https:\/\/i0.wp.com\/lasprimeras.com.do\/wp-content\/uploads\/2025\/11\/pld.jpg?resize=700%2C400&ssl=1 2x"},"classes":[]},{"id":115060,"url":"https:\/\/lasprimeras.com.do\/index.php\/2025\/11\/18\/danilo-medina-se-reune-con-aspirantes-presidenciales-pld\/","url_meta":{"origin":49201,"position":1},"title":"Danilo Medina se re\u00fane con aspirantes presidenciales PLD","author":"Nelson Feliz","date":"18 de noviembre de 2025","format":false,"excerpt":"El presidente del Partido de la Liberaci\u00f3n Dominicana (PLD) Danilo Medina, se reuni\u00f3 con los aspirantes presidenciales de esta organizaci\u00f3n pol\u00edtica. Participaron los aspirantes y miembros del Comit\u00e9 Pol\u00edtico, Francisco Dom\u00ednguez Brito, Francisco Javier Garc\u00eda, Abel Mart\u00ednez y Charlie Mariotti. \u201cSe consensu\u00f3 el protocolo de trabajo que regir\u00e1 la competencia\u2026","rel":"","context":"En \u00abPOLITICA\u00bb","block_context":{"text":"POLITICA","link":"https:\/\/lasprimeras.com.do\/index.php\/category\/politica\/"},"img":{"alt_text":"","src":"https:\/\/i0.wp.com\/lasprimeras.com.do\/wp-content\/uploads\/2025\/11\/danilo.jpeg?resize=350%2C200&ssl=1","width":350,"height":200,"srcset":"https:\/\/i0.wp.com\/lasprimeras.com.do\/wp-content\/uploads\/2025\/11\/danilo.jpeg?resize=350%2C200&ssl=1 1x, https:\/\/i0.wp.com\/lasprimeras.com.do\/wp-content\/uploads\/2025\/11\/danilo.jpeg?resize=525%2C300&ssl=1 1.5x, https:\/\/i0.wp.com\/lasprimeras.com.do\/wp-content\/uploads\/2025\/11\/danilo.jpeg?resize=700%2C400&ssl=1 2x, https:\/\/i0.wp.com\/lasprimeras.com.do\/wp-content\/uploads\/2025\/11\/danilo.jpeg?resize=1050%2C600&ssl=1 3x"},"classes":[]},{"id":121420,"url":"https:\/\/lasprimeras.com.do\/index.php\/2026\/02\/04\/charles-mariottiel-pld-esta-haciendo-lo-que-tiene-que-hacer\/","url_meta":{"origin":49201,"position":2},"title":"Charles Mariotti:El PLD est\u00e1 haciendo lo que tiene que hacer","author":"Nelson Feliz","date":"4 de febrero de 2026","format":false,"excerpt":"Mariotti considera que los partidos y agrupaciones pol\u00edticas en los momentos actuales deben concentrarse en dise\u00f1ar su estrategia y evaluar sus resultados. El miembro del Comit\u00e9 Pol\u00edtico del Partido de la Liberaci\u00f3n Dominicana (PLD), Charles Mariotti, defendi\u00f3 la postura del expresidente, Danilo Medina, al explicar que el PLD est\u00e1 abierto\u2026","rel":"","context":"En \u00abPOLITICA\u00bb","block_context":{"text":"POLITICA","link":"https:\/\/lasprimeras.com.do\/index.php\/category\/politica\/"},"img":{"alt_text":"","src":"https:\/\/i0.wp.com\/lasprimeras.com.do\/wp-content\/uploads\/2025\/11\/Charles-Mariotti.jpg?resize=350%2C200&ssl=1","width":350,"height":200,"srcset":"https:\/\/i0.wp.com\/lasprimeras.com.do\/wp-content\/uploads\/2025\/11\/Charles-Mariotti.jpg?resize=350%2C200&ssl=1 1x, https:\/\/i0.wp.com\/lasprimeras.com.do\/wp-content\/uploads\/2025\/11\/Charles-Mariotti.jpg?resize=525%2C300&ssl=1 1.5x, https:\/\/i0.wp.com\/lasprimeras.com.do\/wp-content\/uploads\/2025\/11\/Charles-Mariotti.jpg?resize=700%2C400&ssl=1 2x"},"classes":[]},{"id":49204,"url":"https:\/\/lasprimeras.com.do\/index.php\/2023\/05\/09\/charles-mariotti-la-reserva-de-candidaturas-es-general\/","url_meta":{"origin":49201,"position":3},"title":"Charles Mariotti: La reserva de candidaturas es general","author":"prenxa100","date":"9 de mayo de 2023","format":false,"excerpt":"Charles Mariotti informa que el PLD present\u00f3 sus observaciones al borrador de resoluci\u00f3n de la JCE sobre la aplicaci\u00f3n del porcentaje en las reservas de candidaturas. SANTO DOMINGO.-.El Partido de la Liberaci\u00f3n Dominicana (PLD) present\u00f3 las observaciones al borrador de resoluci\u00f3n sobre la aplicaci\u00f3n del porcentaje de las reservas de\u2026","rel":"","context":"En \u00abSin categor\u00eda\u00bb","block_context":{"text":"Sin categor\u00eda","link":"https:\/\/lasprimeras.com.do\/index.php\/category\/sin-categoria\/"},"img":{"alt_text":"","src":"","width":0,"height":0},"classes":[]},{"id":125632,"url":"https:\/\/lasprimeras.com.do\/index.php\/2026\/03\/24\/pld-conforma-comision-de-consulta-sobre-aspirantes-presidenciales\/","url_meta":{"origin":49201,"position":4},"title":"PLD conforma Comisi\u00f3n de Consulta sobre Aspirantes Presidenciales","author":"Nelson Feliz","date":"24 de marzo de 2026","format":false,"excerpt":"Comit\u00e9 Pol\u00edtico escoge la fecha del domingo 18 de octubre para la realizaci\u00f3n de la Consulta. El Partido de la Liberaci\u00f3n Dominicana (PLD) conform\u00f3 la comisi\u00f3n que organizar\u00e1 el proceso de consulta para la escogencia del aspirante presidencial. La informaci\u00f3n fue dada por el secretario general del PLD, Johnny Pujos,\u2026","rel":"","context":"En \u00abPOLITICA\u00bb","block_context":{"text":"POLITICA","link":"https:\/\/lasprimeras.com.do\/index.php\/category\/politica\/"},"img":{"alt_text":"","src":"https:\/\/i0.wp.com\/lasprimeras.com.do\/wp-content\/uploads\/2026\/03\/1-24.jpg?resize=350%2C200&ssl=1","width":350,"height":200,"srcset":"https:\/\/i0.wp.com\/lasprimeras.com.do\/wp-content\/uploads\/2026\/03\/1-24.jpg?resize=350%2C200&ssl=1 1x, https:\/\/i0.wp.com\/lasprimeras.com.do\/wp-content\/uploads\/2026\/03\/1-24.jpg?resize=525%2C300&ssl=1 1.5x, https:\/\/i0.wp.com\/lasprimeras.com.do\/wp-content\/uploads\/2026\/03\/1-24.jpg?resize=700%2C400&ssl=1 2x"},"classes":[]},{"id":65824,"url":"https:\/\/lasprimeras.com.do\/index.php\/2023\/10\/31\/charles-mariotti-resalta-lealtad-del-companero-francisco-javier-garcia\/","url_meta":{"origin":49201,"position":5},"title":"Charles Mariotti resalta lealtad del compa\u00f1ero Francisco Javier Garc\u00eda","author":"Nelson Feliz","date":"31 de octubre de 2023","format":false,"excerpt":"El secretario general del Partido de la Liberaci\u00f3n Dominicana (PLD), Charles Mariotti, destac\u00f3 la dedicaci\u00f3n, entrega y lealtad de su compa\u00f1ero de organismo, Francisco Javier Garc\u00eda, hacia el PLD y en el caso de la actual coyuntura electoral, el respeto e identificaci\u00f3n con las candidaturas partidarias. En unas declaraciones p\u00fablicas,\u2026","rel":"","context":"En \u00abSin categor\u00eda\u00bb","block_context":{"text":"Sin categor\u00eda","link":"https:\/\/lasprimeras.com.do\/index.php\/category\/sin-categoria\/"},"img":{"alt_text":"","src":"https:\/\/i0.wp.com\/lasprimeras.com.do\/wp-content\/uploads\/2023\/10\/Charles-Mariotti-3.jpg?resize=350%2C200&ssl=1","width":350,"height":200,"srcset":"https:\/\/i0.wp.com\/lasprimeras.com.do\/wp-content\/uploads\/2023\/10\/Charles-Mariotti-3.jpg?resize=350%2C200&ssl=1 1x, https:\/\/i0.wp.com\/lasprimeras.com.do\/wp-content\/uploads\/2023\/10\/Charles-Mariotti-3.jpg?resize=525%2C300&ssl=1 1.5x, https:\/\/i0.wp.com\/lasprimeras.com.do\/wp-content\/uploads\/2023\/10\/Charles-Mariotti-3.jpg?resize=700%2C400&ssl=1 2x"},"classes":[]}],"jetpack_sharing_enabled":true,"_links":{"self":[{"href":"https:\/\/lasprimeras.com.do\/index.php\/wp-json\/wp\/v2\/posts\/49201","targetHints":{"allow":["GET"]}}],"collection":[{"href":"https:\/\/lasprimeras.com.do\/index.php\/wp-json\/wp\/v2\/posts"}],"about":[{"href":"https:\/\/lasprimeras.com.do\/index.php\/wp-json\/wp\/v2\/types\/post"}],"author":[{"embeddable":true,"href":"https:\/\/lasprimeras.com.do\/index.php\/wp-json\/wp\/v2\/users\/1"}],"replies":[{"embeddable":true,"href":"https:\/\/lasprimeras.com.do\/index.php\/wp-json\/wp\/v2\/comments?post=49201"}],"version-history":[{"count":0,"href":"https:\/\/lasprimeras.com.do\/index.php\/wp-json\/wp\/v2\/posts\/49201\/revisions"}],"wp:featuredmedia":[{"embeddable":true,"href":"https:\/\/lasprimeras.com.do\/index.php\/wp-json\/"}],"wp:attachment":[{"href":"https:\/\/lasprimeras.com.do\/index.php\/wp-json\/wp\/v2\/media?parent=49201"}],"wp:term":[{"taxonomy":"category","embeddable":true,"href":"https:\/\/lasprimeras.com.do\/index.php\/wp-json\/wp\/v2\/categories?post=49201"},{"taxonomy":"post_tag","embeddable":true,"href":"https:\/\/lasprimeras.com.do\/index.php\/wp-json\/wp\/v2\/tags?post=49201"}],"curies":[{"name":"wp","href":"https:\/\/api.w.org\/{rel}","templated":true}]}}