{"id":49206,"date":"2023-05-09T07:33:28","date_gmt":"2023-05-09T11:33:28","guid":{"rendered":"https:\/\/atento.com.do\/?p=49206"},"modified":"2023-05-09T07:33:28","modified_gmt":"2023-05-09T11:33:28","slug":"adp-espera-segundo-aumento-salarial-pactado-en-2021","status":"publish","type":"post","link":"https:\/\/lasprimeras.com.do\/index.php\/2023\/05\/09\/adp-espera-segundo-aumento-salarial-pactado-en-2021\/","title":{"rendered":"ADP espera segundo aumento salarial pactado en 2021"},"content":{"rendered":"\n<p><strong>SANTO DOMINGO.-.<\/strong>La Asociaci\u00f3n Dominicana de Profesores (ADP) espera que el segundo aumento salarial pactado en 2021 con el Ministerio de Educaci\u00f3n -con el presidente Luis Abinader como testigo- se aplique en este a\u00f1o, tal como fue acordado.<\/p>\n\n\n\n<p>Este fue uno de los puntos tratados en una reuni\u00f3n del Comit\u00e9 Ejecutivo Nacional del gremio con el ministro de Educaci\u00f3n \u00c1ngel Hern\u00e1ndez, quien se comprometi\u00f3 a estudiar la propuesta, de acuerdo a la circular informativa n\u00famero 34 del sindicato.<\/p>\n\n\n\n<p>El aumento salarial para los docentes est\u00e1 dentro de los compromisos pactados bajo acuerdo el 30 de junio del 2021, que incluy\u00f3 adem\u00e1s, mejorar la calidad educativa, continuar con el mantenimiento e infraestructura escolar, la dignificaci\u00f3n docente, el concurso de oposici\u00f3n, la seguridad social, el tribunal de la carrera docente y otros compromisos mutuos.<\/p>\n\n\n\n<p>&#8220;Sobre el aumento salarial establecido en el acuerdo del 30\/06\/2021, la ADP propone que se aplique en el presente a\u00f1o 2023 y que el incentivo por evaluaci\u00f3n del desempe\u00f1o, pendiente de realizarse, se aplique en el a\u00f1o 2024. El Minerd dice que estudiar\u00e1 dicha propuesta&#8221;, expresa la circular del gremio.<\/p>\n\n\n\n<p>El primer aumento al salario de los docentes se aplic\u00f3 en junio de 2022, luego de una serie de movilizaciones y paros de labores a nivel nacional realizadas por la ADP.<\/p>\n","protected":false},"excerpt":{"rendered":"<p>SANTO DOMINGO.-.La Asociaci\u00f3n Dominicana de Profesores (ADP) espera que el segundo aumento salarial pactado en 2021 con el Ministerio de Educaci\u00f3n -con el presidente Luis Abinader como testigo- se aplique&hellip;<\/p>\n","protected":false},"author":1,"featured_media":41548,"comment_status":"open","ping_status":"open","sticky":false,"template":"","format":"standard","meta":{"content-type":"","jetpack_post_was_ever_published":false,"_jetpack_newsletter_access":"","_jetpack_dont_email_post_to_subs":false,"_jetpack_newsletter_tier_id":0,"_jetpack_memberships_contains_paywalled_content":false,"_jetpack_memberships_contains_paid_content":false,"footnotes":""},"categories":[39],"tags":[882],"class_list":["post-49206","post","type-post","status-publish","format-standard","has-post-thumbnail","hentry","category-economia","tag-adp"],"jetpack_featured_media_url":"","jetpack-related-posts":[{"id":119036,"url":"https:\/\/lasprimeras.com.do\/index.php\/2026\/01\/06\/adp-asegura-que-el-reinicio-de-las-clases-por-feriado-de-navidad-debe-el-7-de-enero\/","url_meta":{"origin":49206,"position":0},"title":"ADP asegura que el reinicio de las clases por feriado de navidad debe el 7 de enero","author":"Nelson Feliz","date":"6 de enero de 2026","format":false,"excerpt":"La Asociaci\u00f3n Dominicana de Profesores (ADP) llam\u00f3 al Ministerio de Educaci\u00f3n (MINERD) a cumplir lo establecido en su propio comunicado a los medios y en el calendario escolar, en su p\u00e1gina 39, con respecto al reinicio de las clases por el feriado de Navidad que debe ser el mi\u00e9rcoles 7\u2026","rel":"","context":"En \u00abNACIONALES\u00bb","block_context":{"text":"NACIONALES","link":"https:\/\/lasprimeras.com.do\/index.php\/category\/nacionales\/"},"img":{"alt_text":"","src":"https:\/\/i0.wp.com\/lasprimeras.com.do\/wp-content\/uploads\/2025\/09\/ADP-1.jpg?resize=350%2C200&ssl=1","width":350,"height":200,"srcset":"https:\/\/i0.wp.com\/lasprimeras.com.do\/wp-content\/uploads\/2025\/09\/ADP-1.jpg?resize=350%2C200&ssl=1 1x, https:\/\/i0.wp.com\/lasprimeras.com.do\/wp-content\/uploads\/2025\/09\/ADP-1.jpg?resize=525%2C300&ssl=1 1.5x, https:\/\/i0.wp.com\/lasprimeras.com.do\/wp-content\/uploads\/2025\/09\/ADP-1.jpg?resize=700%2C400&ssl=1 2x"},"classes":[]},{"id":80189,"url":"https:\/\/lasprimeras.com.do\/index.php\/2024\/04\/05\/gobierno-plantea-un-aumento-de-4-a-7-del-salario-de-20-que-espera-adp\/","url_meta":{"origin":49206,"position":1},"title":"Gobierno plantea un aumento de 4 a 7 % del salario, de 20 que espera ADP","author":"BIMARY DE JES\u00daS Matos","date":"5 de abril de 2024","format":false,"excerpt":"Santo Domingo.-Tras una revisi\u00f3n exhaustiva sobre la disponibilidad presupuestaria que maneja el Ministerio de Educaci\u00f3n, este le ofert\u00f3 un incremento salarial de un 4 a un 7 por ciento al sector magisterial de un 20 que plantea a la Asociaci\u00f3n Dominicana de Profesores (ADP). El tema qued\u00f3 para ser discutido\u2026","rel":"","context":"En \u00abPORTADA\u00bb","block_context":{"text":"PORTADA","link":"https:\/\/lasprimeras.com.do\/index.php\/category\/portada\/"},"img":{"alt_text":"","src":"https:\/\/i0.wp.com\/lasprimeras.com.do\/wp-content\/uploads\/2024\/04\/4_Nacionales_5_1p01.jpg?resize=350%2C200&ssl=1","width":350,"height":200,"srcset":"https:\/\/i0.wp.com\/lasprimeras.com.do\/wp-content\/uploads\/2024\/04\/4_Nacionales_5_1p01.jpg?resize=350%2C200&ssl=1 1x, https:\/\/i0.wp.com\/lasprimeras.com.do\/wp-content\/uploads\/2024\/04\/4_Nacionales_5_1p01.jpg?resize=525%2C300&ssl=1 1.5x, https:\/\/i0.wp.com\/lasprimeras.com.do\/wp-content\/uploads\/2024\/04\/4_Nacionales_5_1p01.jpg?resize=700%2C400&ssl=1 2x, https:\/\/i0.wp.com\/lasprimeras.com.do\/wp-content\/uploads\/2024\/04\/4_Nacionales_5_1p01.jpg?resize=1050%2C600&ssl=1 3x, https:\/\/i0.wp.com\/lasprimeras.com.do\/wp-content\/uploads\/2024\/04\/4_Nacionales_5_1p01.jpg?resize=1400%2C800&ssl=1 4x"},"classes":[]},{"id":81647,"url":"https:\/\/lasprimeras.com.do\/index.php\/2024\/04\/23\/cientos-de-maestros-se-manifiestan-frente-al-ministerio-de-educacion-para-exigir-un-aumento-salarial\/","url_meta":{"origin":49206,"position":2},"title":"Cientos de maestros se manifiestan frente al Ministerio de Educaci\u00f3n para exigir un aumento salarial","author":"BIMARY DE JES\u00daS Matos","date":"23 de abril de 2024","format":false,"excerpt":"Santo Domingo.- Con pancartas en mano, centros de maestros y maestras se est\u00e1n manifestando en estos momentos frente a la sede del Ministerio de Educaci\u00f3n de la Rep\u00fablica (Minerd), exigiendo un aumento salarial del 20% que fue acordado con las autoridades. Bajo el lema \u00abADP (Asociaci\u00f3n Dominicana de Profesores) unida,\u2026","rel":"","context":"En \u00abNACIONALES\u00bb","block_context":{"text":"NACIONALES","link":"https:\/\/lasprimeras.com.do\/index.php\/category\/nacionales\/"},"img":{"alt_text":"","src":"https:\/\/i0.wp.com\/lasprimeras.com.do\/wp-content\/uploads\/2024\/04\/WhatsApp-Image-2024-04-23-at-10.32.54-AM-1.jpeg?resize=350%2C200&ssl=1","width":350,"height":200,"srcset":"https:\/\/i0.wp.com\/lasprimeras.com.do\/wp-content\/uploads\/2024\/04\/WhatsApp-Image-2024-04-23-at-10.32.54-AM-1.jpeg?resize=350%2C200&ssl=1 1x, https:\/\/i0.wp.com\/lasprimeras.com.do\/wp-content\/uploads\/2024\/04\/WhatsApp-Image-2024-04-23-at-10.32.54-AM-1.jpeg?resize=525%2C300&ssl=1 1.5x"},"classes":[]},{"id":81778,"url":"https:\/\/lasprimeras.com.do\/index.php\/2024\/04\/24\/adp-reafirma-su-disposicion-al-dialogo-ante-preocupacion-de-foro-socioeducativo\/","url_meta":{"origin":49206,"position":3},"title":"ADP reafirma su disposici\u00f3n al di\u00e1logo ante preocupaci\u00f3n de Foro Socioeducativo","author":"Nelson Feliz","date":"24 de abril de 2024","format":false,"excerpt":"El presidente de la Asociaci\u00f3n Dominicana de Profesores (ADP) Eduardo Hidalgo reafirm\u00f3 que el sindicato siempre ha estado abierto al di\u00e1logo por la mejora de la educaci\u00f3n y las condiciones de las escuelas p\u00fablicas. Hidalgo espera de la convocatoria de la mesa de negociaci\u00f3n con el Minerd, ante la preocupaci\u00f3n\u2026","rel":"","context":"En \u00abNACIONALES\u00bb","block_context":{"text":"NACIONALES","link":"https:\/\/lasprimeras.com.do\/index.php\/category\/nacionales\/"},"img":{"alt_text":"Eduardo Hidalgo","src":"https:\/\/i0.wp.com\/lasprimeras.com.do\/wp-content\/uploads\/2024\/04\/Eduardo-Hidalgo-2.jpg?resize=350%2C200&ssl=1","width":350,"height":200,"srcset":"https:\/\/i0.wp.com\/lasprimeras.com.do\/wp-content\/uploads\/2024\/04\/Eduardo-Hidalgo-2.jpg?resize=350%2C200&ssl=1 1x, https:\/\/i0.wp.com\/lasprimeras.com.do\/wp-content\/uploads\/2024\/04\/Eduardo-Hidalgo-2.jpg?resize=525%2C300&ssl=1 1.5x, https:\/\/i0.wp.com\/lasprimeras.com.do\/wp-content\/uploads\/2024\/04\/Eduardo-Hidalgo-2.jpg?resize=700%2C400&ssl=1 2x"},"classes":[]},{"id":81685,"url":"https:\/\/lasprimeras.com.do\/index.php\/2024\/04\/23\/adp-advierte-endurecera-lucha-por-una-mejor-educacion\/","url_meta":{"origin":49206,"position":4},"title":"ADP advierte endurecer\u00e1 lucha por una mejor educaci\u00f3n","author":"Nelson Feliz","date":"23 de abril de 2024","format":false,"excerpt":"El gremio magisterial condicion\u00f3 que se llegue a un acuerdo sobre el aumento salarial y la evaluaci\u00f3n de desempe\u00f1o en un plazo de una semana. Por Martin Restituyo El presidente de la Asociaci\u00f3n de Profesores (ADP) Eduardo Hidalgo advirti\u00f3 que, si en un plazo de una semana las autoridades no\u2026","rel":"","context":"En \u00abNACIONALES\u00bb","block_context":{"text":"NACIONALES","link":"https:\/\/lasprimeras.com.do\/index.php\/category\/nacionales\/"},"img":{"alt_text":"Eduardo Hidalgo","src":"https:\/\/i0.wp.com\/lasprimeras.com.do\/wp-content\/uploads\/2024\/04\/Eduardo-Hidalgo-1.jpg?resize=350%2C200&ssl=1","width":350,"height":200,"srcset":"https:\/\/i0.wp.com\/lasprimeras.com.do\/wp-content\/uploads\/2024\/04\/Eduardo-Hidalgo-1.jpg?resize=350%2C200&ssl=1 1x, https:\/\/i0.wp.com\/lasprimeras.com.do\/wp-content\/uploads\/2024\/04\/Eduardo-Hidalgo-1.jpg?resize=525%2C300&ssl=1 1.5x, https:\/\/i0.wp.com\/lasprimeras.com.do\/wp-content\/uploads\/2024\/04\/Eduardo-Hidalgo-1.jpg?resize=700%2C400&ssl=1 2x"},"classes":[]},{"id":80768,"url":"https:\/\/lasprimeras.com.do\/index.php\/2024\/04\/12\/adp-dice-aumento-salarial-fue-acuerdo-del-ano-pasado\/","url_meta":{"origin":49206,"position":5},"title":"ADP dice aumento salarial fue acuerdo del a\u00f1o pasado","author":"BIMARY DE JES\u00daS Matos","date":"12 de abril de 2024","format":false,"excerpt":"Santo Domingo.-El presidente de la Asociaci\u00f3n Dominicana de Profesores (ADP), Eduardo Hidalgo, declar\u00f3 que el aumento salarial a los maestros activos no es una novedad, debido a que fue un compromiso que las autoridades asumieron en la firma del \u201cAcuerdo por la Defensa y Derecho a la Educaci\u00f3n\u201d el 24\u2026","rel":"","context":"En \u00abNACIONALES\u00bb","block_context":{"text":"NACIONALES","link":"https:\/\/lasprimeras.com.do\/index.php\/category\/nacionales\/"},"img":{"alt_text":"","src":"https:\/\/i0.wp.com\/lasprimeras.com.do\/wp-content\/uploads\/2024\/04\/DANILO-CRUZ-PICHARDO-1-800x500-3.webp?resize=350%2C200&ssl=1","width":350,"height":200,"srcset":"https:\/\/i0.wp.com\/lasprimeras.com.do\/wp-content\/uploads\/2024\/04\/DANILO-CRUZ-PICHARDO-1-800x500-3.webp?resize=350%2C200&ssl=1 1x, https:\/\/i0.wp.com\/lasprimeras.com.do\/wp-content\/uploads\/2024\/04\/DANILO-CRUZ-PICHARDO-1-800x500-3.webp?resize=525%2C300&ssl=1 1.5x"},"classes":[]}],"jetpack_sharing_enabled":true,"_links":{"self":[{"href":"https:\/\/lasprimeras.com.do\/index.php\/wp-json\/wp\/v2\/posts\/49206","targetHints":{"allow":["GET"]}}],"collection":[{"href":"https:\/\/lasprimeras.com.do\/index.php\/wp-json\/wp\/v2\/posts"}],"about":[{"href":"https:\/\/lasprimeras.com.do\/index.php\/wp-json\/wp\/v2\/types\/post"}],"author":[{"embeddable":true,"href":"https:\/\/lasprimeras.com.do\/index.php\/wp-json\/wp\/v2\/users\/1"}],"replies":[{"embeddable":true,"href":"https:\/\/lasprimeras.com.do\/index.php\/wp-json\/wp\/v2\/comments?post=49206"}],"version-history":[{"count":0,"href":"https:\/\/lasprimeras.com.do\/index.php\/wp-json\/wp\/v2\/posts\/49206\/revisions"}],"wp:featuredmedia":[{"embeddable":true,"href":"https:\/\/lasprimeras.com.do\/index.php\/wp-json\/"}],"wp:attachment":[{"href":"https:\/\/lasprimeras.com.do\/index.php\/wp-json\/wp\/v2\/media?parent=49206"}],"wp:term":[{"taxonomy":"category","embeddable":true,"href":"https:\/\/lasprimeras.com.do\/index.php\/wp-json\/wp\/v2\/categories?post=49206"},{"taxonomy":"post_tag","embeddable":true,"href":"https:\/\/lasprimeras.com.do\/index.php\/wp-json\/wp\/v2\/tags?post=49206"}],"curies":[{"name":"wp","href":"https:\/\/api.w.org\/{rel}","templated":true}]}}