{"id":49210,"date":"2023-05-09T07:51:10","date_gmt":"2023-05-09T11:51:10","guid":{"rendered":"https:\/\/atento.com.do\/?p=49210"},"modified":"2023-05-09T07:51:10","modified_gmt":"2023-05-09T11:51:10","slug":"anadegas-pide-al-gobierno-elimine-tramites-burocraticos-y-establezca-subcidio-al-transporte","status":"publish","type":"post","link":"https:\/\/lasprimeras.com.do\/index.php\/2023\/05\/09\/anadegas-pide-al-gobierno-elimine-tramites-burocraticos-y-establezca-subcidio-al-transporte\/","title":{"rendered":"Anadegas pide al Gobierno elimine tr\u00e1mites burocr\u00e1ticos y establezca subcidio al transporte"},"content":{"rendered":"\n<p><strong>SANTO DOMINGO.-.<\/strong>El presidente de la Asociaci\u00f3n Nacional de Detallistas de Gasolina (Anadegas), Juan Matos, entiende que el Gobierno debe eliminar los tr\u00e1mites burocr\u00e1ticos y a su vez establecer el subsidio al transporte mediante una tarjeta de bono di\u00e9sel.<\/p>\n\n\n\n<p>Matos, dijo que con estas medidas se mejorar\u00eda la rentabilidad en el sector, lo que se traducir\u00eda a un mejor control y se se evitar\u00eda el dispendio de recursos, que bien podr\u00edan ir al Presupuesto Nacional.<\/p>\n\n\n\n<p>Estas conclusiones fueron tomadas al finalizar recientemente la 60\u00b0 Cumbre de la Comisi\u00f3n Latinoamericana de Empresarios del Combustible en Rep\u00fablica Dominicana (CLAEC).<\/p>\n\n\n\n<p>Tambi\u00e9n se determin\u00f3 categorizar el sector en margen regulado para que no se incluya en las ventas brutas, ya que existen reglas que establecen par\u00e1metros y que las tarjetas de cr\u00e9ditos no cobren una tasa tan alta, ya que esto afecta grandemente la rentabilidad y de lo contrario las estaciones podr\u00edan desaparecer.<\/p>\n\n\n\n<p>\u201cEsto \u00faltimo ser\u00eda una pena, ya que la mayor\u00eda de las estaciones de combustibles son negocios de familias que tienen m\u00e1s de tres generaciones laborando, por eso le pedimos al mandatario nos ayude a que nuestra rentabilidad pueda volver a la normalidad con una tasa m\u00e1s baja\u201d, aclar\u00f3 Matos.<\/p>\n\n\n\n<p>No obstante, Matos felicit\u00f3 al Gobierno por mantener el precio de los combustibles estable. \u201cAunque el precio del petr\u00f3leo ha estado en baja, entendemos que todav\u00eda no es el momento para que tengan una disminuci\u00f3n, saludamos que desde que el Gobierno tenga una oportunidad rebaje el precio de los combustibles al pueblo dominicano que tanto lo desea\u201d, expres\u00f3.<\/p>\n\n\n\n<p>La agenda de la cumbre de la CLAEC incluy\u00f3 varias mesas de trabajo, en las que se trataron los temas: el marco regulatorio versus su rentabilidad, la movilidad el\u00e9ctrica, las tarjetas de cr\u00e9ditos y el relevo generacional.<\/p>\n","protected":false},"excerpt":{"rendered":"<p>SANTO DOMINGO.-.El presidente de la Asociaci\u00f3n Nacional de Detallistas de Gasolina (Anadegas), Juan Matos, entiende que el Gobierno debe eliminar los tr\u00e1mites burocr\u00e1ticos y a su vez establecer el subsidio&hellip;<\/p>\n","protected":false},"author":1,"featured_media":3872,"comment_status":"open","ping_status":"open","sticky":false,"template":"","format":"standard","meta":{"content-type":"","jetpack_post_was_ever_published":false,"_jetpack_newsletter_access":"","_jetpack_dont_email_post_to_subs":false,"_jetpack_newsletter_tier_id":0,"_jetpack_memberships_contains_paywalled_content":false,"_jetpack_memberships_contains_paid_content":false,"footnotes":""},"categories":[39],"tags":[506,884,885,171,510,886,887],"class_list":["post-49210","post","type-post","status-publish","format-standard","has-post-thumbnail","hentry","category-economia","tag-anadegas","tag-burocraticos","tag-elimine","tag-gobierno","tag-subcidio","tag-tramites","tag-transporte"],"jetpack_featured_media_url":"","jetpack-related-posts":[{"id":71639,"url":"https:\/\/lasprimeras.com.do\/index.php\/2023\/12\/21\/anadegas-asegura-gasolinas-deberan-bajar-16-y-11-pesos-en-semana-del-23-al-29\/","url_meta":{"origin":49210,"position":0},"title":"Anadegas asegura gasolinas deber\u00e1n bajar 16 y 11 pesos en semana del 23 al 29","author":"Nelson Feliz","date":"21 de diciembre de 2023","format":false,"excerpt":"Solicitan al presidente Luis Abinader regalar a la poblaci\u00f3n rebajas justas en precios de carburantes. La tendencia de las gasolinas es que sus precios deber\u00e1n bajar 16 y 11 pesos por gal\u00f3n en la semana del 23 al.29 de.diciembre, asegur\u00f3 hoy la Asociacion Nacional de Detallistas de Gasolinas (Anadegas). El\u00edas\u2026","rel":"","context":"En \u00abECONOM\u00cdA\u00bb","block_context":{"text":"ECONOM\u00cdA","link":"https:\/\/lasprimeras.com.do\/index.php\/category\/economia\/"},"img":{"alt_text":"ANADEGAS","src":"https:\/\/i0.wp.com\/lasprimeras.com.do\/wp-content\/uploads\/2023\/12\/ANADEGAS.jpg?resize=350%2C200&ssl=1","width":350,"height":200,"srcset":"https:\/\/i0.wp.com\/lasprimeras.com.do\/wp-content\/uploads\/2023\/12\/ANADEGAS.jpg?resize=350%2C200&ssl=1 1x, https:\/\/i0.wp.com\/lasprimeras.com.do\/wp-content\/uploads\/2023\/12\/ANADEGAS.jpg?resize=525%2C300&ssl=1 1.5x, https:\/\/i0.wp.com\/lasprimeras.com.do\/wp-content\/uploads\/2023\/12\/ANADEGAS.jpg?resize=700%2C400&ssl=1 2x"},"classes":[]},{"id":83114,"url":"https:\/\/lasprimeras.com.do\/index.php\/2024\/05\/11\/anadegas-recibe-visita-del-director-de-indocal\/","url_meta":{"origin":49210,"position":1},"title":"Anadegas recibe visita del director de INDOCAL","author":"Nelson Feliz","date":"11 de mayo de 2024","format":false,"excerpt":"Solicitan pr\u00f3rroga para re-certificaci\u00f3n de t\u00e9cnicos. La Asociaci\u00f3n Nacional de Detallistas de Gasolina (ANADEGAS) recibi\u00f3 en sus instalaciones la visita del director del Instituto Dominicano para la Calidad (INDOCAL), ingeniero Lorenzo Ram\u00edrez. Miembros de esa entidad, expresaron sus preocupaciones sobre algunas irregularidades que han afectado a varias estaciones de combustibles\u2026","rel":"","context":"En \u00abECONOM\u00cdA\u00bb","block_context":{"text":"ECONOM\u00cdA","link":"https:\/\/lasprimeras.com.do\/index.php\/category\/economia\/"},"img":{"alt_text":"ANADEGAS","src":"https:\/\/i0.wp.com\/lasprimeras.com.do\/wp-content\/uploads\/2024\/05\/ANADEGAS.jpg?resize=350%2C200&ssl=1","width":350,"height":200,"srcset":"https:\/\/i0.wp.com\/lasprimeras.com.do\/wp-content\/uploads\/2024\/05\/ANADEGAS.jpg?resize=350%2C200&ssl=1 1x, https:\/\/i0.wp.com\/lasprimeras.com.do\/wp-content\/uploads\/2024\/05\/ANADEGAS.jpg?resize=525%2C300&ssl=1 1.5x, https:\/\/i0.wp.com\/lasprimeras.com.do\/wp-content\/uploads\/2024\/05\/ANADEGAS.jpg?resize=700%2C400&ssl=1 2x"},"classes":[]},{"id":48850,"url":"https:\/\/lasprimeras.com.do\/index.php\/2023\/05\/04\/asesor-de-anadegas-denuncia-irregularidades-en-el-subcidio-de-combustible\/","url_meta":{"origin":49210,"position":2},"title":"Asesor de Anadegas denuncia irregularidades en el subcidio de combustible","author":"prenxa100","date":"4 de mayo de 2023","format":false,"excerpt":"Santo Domingo.-. El asesor de la Asociaci\u00f3n Nacional de Detallistas de Gasolina (ANADEGAS), Juan Ignacio Espalliat, declar\u00f3 que no hay transparencia en el manejo del subsidio al combustible. El ex presidente de ANADEGAS, manifest\u00f3 que el ministerio de Industria y Comercio se ha coaligado con los operadores de terminales y\u2026","rel":"","context":"En \u00abECONOM\u00cdA\u00bb","block_context":{"text":"ECONOM\u00cdA","link":"https:\/\/lasprimeras.com.do\/index.php\/category\/economia\/"},"img":{"alt_text":"","src":"","width":0,"height":0},"classes":[]},{"id":67639,"url":"https:\/\/lasprimeras.com.do\/index.php\/2023\/11\/17\/gasolina-premium-y-regular-deben-bajar-rd22-y-rd14-en-esta-semana-segun-anadegas\/","url_meta":{"origin":49210,"position":3},"title":"Gasolina premium y regular deben bajar RD$22 y RD$14 en esta semana, seg\u00fan Anadegas","author":"BIMARY DE JES\u00daS Matos","date":"17 de noviembre de 2023","format":false,"excerpt":"Santo Domingo.-Para la semana del 18 al 24 de noviembre, la Asociaci\u00f3n Nacional de Detallistas de Gasolina (Anadegas) espera que las gasolinas y otros combustibles bajen de precios, despu\u00e9s de que el barril de petr\u00f3leo abriera ayer con una bajada del 0.6% hasta 76.2 d\u00f3lares. Seg\u00fan Anadegas, la gasolina premium\u2026","rel":"","context":"En \u00abNACIONALES\u00bb","block_context":{"text":"NACIONALES","link":"https:\/\/lasprimeras.com.do\/index.php\/category\/nacionales\/"},"img":{"alt_text":"","src":"https:\/\/i0.wp.com\/lasprimeras.com.do\/wp-content\/uploads\/2023\/11\/valentin-27.jpg?resize=350%2C200&ssl=1","width":350,"height":200,"srcset":"https:\/\/i0.wp.com\/lasprimeras.com.do\/wp-content\/uploads\/2023\/11\/valentin-27.jpg?resize=350%2C200&ssl=1 1x, https:\/\/i0.wp.com\/lasprimeras.com.do\/wp-content\/uploads\/2023\/11\/valentin-27.jpg?resize=525%2C300&ssl=1 1.5x, https:\/\/i0.wp.com\/lasprimeras.com.do\/wp-content\/uploads\/2023\/11\/valentin-27.jpg?resize=700%2C400&ssl=1 2x"},"classes":[]},{"id":70353,"url":"https:\/\/lasprimeras.com.do\/index.php\/2023\/12\/11\/pese-a-la-baja-pronosticada-por-analistas-los-combustibles-siguen-caros\/","url_meta":{"origin":49210,"position":4},"title":"Pese a la baja pronosticada por analistas los combustibles siguen caros","author":"BIMARY DE JES\u00daS Matos","date":"11 de diciembre de 2023","format":false,"excerpt":"Un estudio realizado por la Asociaci\u00f3n Nacional de Detallistas de Gasolina (Anadegas) hab\u00eda previsto un descenso de al menos RD$22 en los precios de los combustibles para el pasado fin de semana, tomando en cuenta la bahja en el precio del barril de petr\u00f3leo en los mercados internacionales. La Anadegas,\u2026","rel":"","context":"En \u00abNACIONALES\u00bb","block_context":{"text":"NACIONALES","link":"https:\/\/lasprimeras.com.do\/index.php\/category\/nacionales\/"},"img":{"alt_text":"","src":"https:\/\/i0.wp.com\/lasprimeras.com.do\/wp-content\/uploads\/2023\/12\/WhatsApp-Image-2023-12-10-at-11.56.33-AM.jpeg-4.jpg?resize=350%2C200&ssl=1","width":350,"height":200,"srcset":"https:\/\/i0.wp.com\/lasprimeras.com.do\/wp-content\/uploads\/2023\/12\/WhatsApp-Image-2023-12-10-at-11.56.33-AM.jpeg-4.jpg?resize=350%2C200&ssl=1 1x, https:\/\/i0.wp.com\/lasprimeras.com.do\/wp-content\/uploads\/2023\/12\/WhatsApp-Image-2023-12-10-at-11.56.33-AM.jpeg-4.jpg?resize=525%2C300&ssl=1 1.5x, https:\/\/i0.wp.com\/lasprimeras.com.do\/wp-content\/uploads\/2023\/12\/WhatsApp-Image-2023-12-10-at-11.56.33-AM.jpeg-4.jpg?resize=700%2C400&ssl=1 2x"},"classes":[]},{"id":109341,"url":"https:\/\/lasprimeras.com.do\/index.php\/2025\/09\/16\/republica-dominicana-entre-los-paises-con-menor-carga-burocratica-en-el-indice-de-burocracia-2025\/","url_meta":{"origin":49210,"position":5},"title":"Rep\u00fablica Dominicana entre los pa\u00edses con menor carga burocr\u00e1tica en el \u00cdndice de Burocracia 2025","author":"Nelson Feliz","date":"16 de septiembre de 2025","format":false,"excerpt":"El Adam Smith Center presenta informe sobre los obst\u00e1culos regulatorios para abrir y operar empresas en 21 pa\u00edses. Miami \/ Santo Domingo \u2014 El Adam Smith Center for Economic Freedom de Florida International University (FIU) present\u00f3 la quinta edici\u00f3n del \u00cdndice de Burocracia 2025, un an\u00e1lisis pionero que mide la\u2026","rel":"","context":"En \u00abECONOM\u00cdA\u00bb","block_context":{"text":"ECONOM\u00cdA","link":"https:\/\/lasprimeras.com.do\/index.php\/category\/economia\/"},"img":{"alt_text":"","src":"","width":0,"height":0},"classes":[]}],"jetpack_sharing_enabled":true,"_links":{"self":[{"href":"https:\/\/lasprimeras.com.do\/index.php\/wp-json\/wp\/v2\/posts\/49210","targetHints":{"allow":["GET"]}}],"collection":[{"href":"https:\/\/lasprimeras.com.do\/index.php\/wp-json\/wp\/v2\/posts"}],"about":[{"href":"https:\/\/lasprimeras.com.do\/index.php\/wp-json\/wp\/v2\/types\/post"}],"author":[{"embeddable":true,"href":"https:\/\/lasprimeras.com.do\/index.php\/wp-json\/wp\/v2\/users\/1"}],"replies":[{"embeddable":true,"href":"https:\/\/lasprimeras.com.do\/index.php\/wp-json\/wp\/v2\/comments?post=49210"}],"version-history":[{"count":0,"href":"https:\/\/lasprimeras.com.do\/index.php\/wp-json\/wp\/v2\/posts\/49210\/revisions"}],"wp:featuredmedia":[{"embeddable":true,"href":"https:\/\/lasprimeras.com.do\/index.php\/wp-json\/"}],"wp:attachment":[{"href":"https:\/\/lasprimeras.com.do\/index.php\/wp-json\/wp\/v2\/media?parent=49210"}],"wp:term":[{"taxonomy":"category","embeddable":true,"href":"https:\/\/lasprimeras.com.do\/index.php\/wp-json\/wp\/v2\/categories?post=49210"},{"taxonomy":"post_tag","embeddable":true,"href":"https:\/\/lasprimeras.com.do\/index.php\/wp-json\/wp\/v2\/tags?post=49210"}],"curies":[{"name":"wp","href":"https:\/\/api.w.org\/{rel}","templated":true}]}}