{"id":49227,"date":"2023-05-09T08:57:20","date_gmt":"2023-05-09T12:57:20","guid":{"rendered":"https:\/\/atento.com.do\/?p=49227"},"modified":"2023-05-09T08:57:20","modified_gmt":"2023-05-09T12:57:20","slug":"contraloria-lanzara-dos-novedosas-herramientas-para-fortalecer-control-interno","status":"publish","type":"post","link":"https:\/\/lasprimeras.com.do\/index.php\/2023\/05\/09\/contraloria-lanzara-dos-novedosas-herramientas-para-fortalecer-control-interno\/","title":{"rendered":"Contralor\u00eda lanzar\u00e1 dos novedosas herramientas para fortalecer control interno\u00a0"},"content":{"rendered":"\n<p><strong>El acto ser\u00e1 encabezado por el presidente de la Rep\u00fablica, Luis Abinader<\/strong><\/p>\n\n\n\n<p><strong>Santo Domingo. &#8211;<\/strong>&nbsp;Los denominados Sistema Unificado de Gesti\u00f3n de Pagos (Sugep) e \u00cdndice de Control Interno (ICI) ser\u00e1n puestos en marcha durante un acto encabezado por el presidente de la Rep\u00fablica, Luis Abinader, en el que el contralor general, F\u00e9lix Santana Garc\u00eda, ofrecer\u00e1 los detalles t\u00e9cnicos y beneficios de ambos productos.<\/p>\n\n\n\n<p>Este evento, pautado para el pr\u00f3ximo jueves 11 de mayo de 2023, a las 10: 00 de la ma\u00f1ana, se llevar\u00e1 a cabo en el Gran Sal\u00f3n del hotel Sheraton, en la avenida George Washington de Santo Domingo, con la asistencia de ministros, directores generales y viceministros de m\u00e1s de 150 instituciones gubernamentales.<\/p>\n\n\n\n<p>Santana Garc\u00eda dijo que la Contralor\u00eda est\u00e1 siendo coherente con el compromiso asumido por el mandatario de la Rep\u00fablica al inicio de su gesti\u00f3n, cuando plante\u00f3 reformar esa instituci\u00f3n y devolverle su verdadero rol de \u00f3rgano auditor del control interno, para incrementar los niveles de eficacia, eficiencia y transparencia en los procesos, as\u00ed como disminuir significativamente la burocracia.<\/p>\n\n\n\n<p>Con estas herramientas se espera reducir al m\u00e1ximo el tiempo de tramitaci\u00f3n de las \u00f3rdenes de pago requeridas por las instituciones bajo el \u00e1mbito de la Ley 10-07, sin sacrificar el debido proceso, estableciendo una m\u00e9trica para facilitar su&nbsp;debido cumplimiento.<\/p>\n","protected":false},"excerpt":{"rendered":"<p>El acto ser\u00e1 encabezado por el presidente de la Rep\u00fablica, Luis Abinader Santo Domingo. &#8211;&nbsp;Los denominados Sistema Unificado de Gesti\u00f3n de Pagos (Sugep) e \u00cdndice de Control Interno (ICI) ser\u00e1n&hellip;<\/p>\n","protected":false},"author":1,"featured_media":41709,"comment_status":"open","ping_status":"open","sticky":false,"template":"","format":"standard","meta":{"content-type":"","jetpack_post_was_ever_published":false,"_jetpack_newsletter_access":"","_jetpack_dont_email_post_to_subs":false,"_jetpack_newsletter_tier_id":0,"_jetpack_memberships_contains_paywalled_content":false,"_jetpack_memberships_contains_paid_content":false,"footnotes":""},"categories":[39,25],"tags":[910,911,912,913,914,67,915,916],"class_list":["post-49227","post","type-post","status-publish","format-standard","has-post-thumbnail","hentry","category-economia","category-portada","tag-agilizar","tag-contraloria","tag-control","tag-herramientas","tag-interno","tag-luis-abinader","tag-novedosas","tag-procesos"],"jetpack_featured_media_url":"","jetpack-related-posts":[{"id":100701,"url":"https:\/\/lasprimeras.com.do\/index.php\/2025\/06\/10\/contralor-afirma-irregularidades-se-reducen-significativamente-en-gobiernos-de-abinader\/","url_meta":{"origin":49227,"position":0},"title":"Contralor afirma irregularidades se reducen significativamente en gobiernos de Abinader","author":"Nelson Feliz","date":"10 de junio de 2025","format":false,"excerpt":"F\u00e9lix Santana da inicio a primera capacitaci\u00f3n en Control Interno a colaboradores de la UASD El contralor general de la Rep\u00fablica dijo, en la Universidad Aut\u00f3noma de Santo Domingo (UASD), que las irregularidades, desviaciones y otros actos pecaminosos se han reducido significativamente durante los gobiernos del presidente Luis Abinader, por\u2026","rel":"","context":"En \u00abECONOM\u00cdA\u00bb","block_context":{"text":"ECONOM\u00cdA","link":"https:\/\/lasprimeras.com.do\/index.php\/category\/economia\/"},"img":{"alt_text":"","src":"https:\/\/i0.wp.com\/lasprimeras.com.do\/wp-content\/uploads\/2025\/06\/Contralor-Felix-Santana.jpg?resize=350%2C200&ssl=1","width":350,"height":200,"srcset":"https:\/\/i0.wp.com\/lasprimeras.com.do\/wp-content\/uploads\/2025\/06\/Contralor-Felix-Santana.jpg?resize=350%2C200&ssl=1 1x, https:\/\/i0.wp.com\/lasprimeras.com.do\/wp-content\/uploads\/2025\/06\/Contralor-Felix-Santana.jpg?resize=525%2C300&ssl=1 1.5x, https:\/\/i0.wp.com\/lasprimeras.com.do\/wp-content\/uploads\/2025\/06\/Contralor-Felix-Santana.jpg?resize=700%2C400&ssl=1 2x"},"classes":[]},{"id":49542,"url":"https:\/\/lasprimeras.com.do\/index.php\/2023\/05\/11\/abinader-en-su-gobierno-no-se-flexibilizaran-medidas-de-transparencia-control-y-auditorias\/","url_meta":{"origin":49227,"position":1},"title":"Abinader: &#8220;En su Gobierno no se flexibilizar\u00e1n medidas de transparencia, control y auditor\u00edas&#8221;","author":"prenxa100","date":"11 de mayo de 2023","format":false,"excerpt":"Encabeza puesta en marcha de la implementaci\u00f3n del Sistema \u00danico de Gesti\u00f3n de Pagos (Sugep) y el \u00edndice del Control Interno (ICI), de la Contralor\u00eda General de la Rep\u00fablica. Por Wilson P\u00e9rez Santo Domingo. - El presidente Luis Abinader encabez\u00f3 este jueves la puesta en marcha de la implementaci\u00f3n del\u2026","rel":"","context":"En \u00abECONOM\u00cdA\u00bb","block_context":{"text":"ECONOM\u00cdA","link":"https:\/\/lasprimeras.com.do\/index.php\/category\/economia\/"},"img":{"alt_text":"","src":"","width":0,"height":0},"classes":[]},{"id":100168,"url":"https:\/\/lasprimeras.com.do\/index.php\/2025\/06\/02\/contraloria-destaca-la-capacidad-de-ahorro-del-presidente-abinader-para-crear-empleos\/","url_meta":{"origin":49227,"position":2},"title":"Contralor\u00eda destaca la capacidad de ahorro del presidente Abinader para crear empleos","author":"Nelson Feliz","date":"2 de junio de 2025","format":false,"excerpt":"El contralor general de la Rep\u00fablica puso de relieve la capacidad del presidente Luis Abinader para el control de las finanzas p\u00fablicas para el ahorro lo que, a su juicio, ha facilitado la creaci\u00f3n de nuevos empleos y el abastecimiento monetario para impulsar los proyectos de desarrollo. Al intervenir frente\u2026","rel":"","context":"En \u00abECONOM\u00cdA\u00bb","block_context":{"text":"ECONOM\u00cdA","link":"https:\/\/lasprimeras.com.do\/index.php\/category\/economia\/"},"img":{"alt_text":"F\u00e9lix Santana","src":"https:\/\/i0.wp.com\/lasprimeras.com.do\/wp-content\/uploads\/2025\/06\/Programa-Contralor-Estudiantil-1.jpg?resize=350%2C200&ssl=1","width":350,"height":200,"srcset":"https:\/\/i0.wp.com\/lasprimeras.com.do\/wp-content\/uploads\/2025\/06\/Programa-Contralor-Estudiantil-1.jpg?resize=350%2C200&ssl=1 1x, https:\/\/i0.wp.com\/lasprimeras.com.do\/wp-content\/uploads\/2025\/06\/Programa-Contralor-Estudiantil-1.jpg?resize=525%2C300&ssl=1 1.5x, https:\/\/i0.wp.com\/lasprimeras.com.do\/wp-content\/uploads\/2025\/06\/Programa-Contralor-Estudiantil-1.jpg?resize=700%2C400&ssl=1 2x"},"classes":[]},{"id":115716,"url":"https:\/\/lasprimeras.com.do\/index.php\/2025\/11\/24\/contraloria-pone-en-marcha-innovador-servicio-de-consulta-verifica-cgr\/","url_meta":{"origin":49227,"position":3},"title":"Contralor\u00eda pone en marcha innovador servicio de consulta \u201cVerifica CGR\u201d","author":"Nelson Feliz","date":"24 de noviembre de 2025","format":false,"excerpt":"Contralor F\u00e9lix Santana hizo anuncio ante miembros del ICPARD en San Juan La Contralor\u00eda General de la Rep\u00fablica (CGR) anunci\u00f3 la puesta en marcha de \u201cVerifica CGR\u201d, un nuevo servicio de consulta ciudadana que permitir\u00e1 a los proveedores del Estado verificar en tiempo real el estatus de sus libramientos, pagos\u2026","rel":"","context":"En \u00abNACIONALES\u00bb","block_context":{"text":"NACIONALES","link":"https:\/\/lasprimeras.com.do\/index.php\/category\/nacionales\/"},"img":{"alt_text":"","src":"https:\/\/i0.wp.com\/lasprimeras.com.do\/wp-content\/uploads\/2025\/11\/contralor-1.jpg?resize=350%2C200&ssl=1","width":350,"height":200,"srcset":"https:\/\/i0.wp.com\/lasprimeras.com.do\/wp-content\/uploads\/2025\/11\/contralor-1.jpg?resize=350%2C200&ssl=1 1x, https:\/\/i0.wp.com\/lasprimeras.com.do\/wp-content\/uploads\/2025\/11\/contralor-1.jpg?resize=525%2C300&ssl=1 1.5x, https:\/\/i0.wp.com\/lasprimeras.com.do\/wp-content\/uploads\/2025\/11\/contralor-1.jpg?resize=700%2C400&ssl=1 2x"},"classes":[]},{"id":121772,"url":"https:\/\/lasprimeras.com.do\/index.php\/2026\/02\/10\/abinader-designa-nuevos-titulares-en-la-contraloria-general-y-el-ministerio-de-educacion-superior\/","url_meta":{"origin":49227,"position":4},"title":"Abinader designa nuevos titulares en la Contralor\u00eda General y el Ministerio de Educaci\u00f3n Superior","author":"Nelson Feliz","date":"10 de febrero de 2026","format":false,"excerpt":"El presidente de la Rep\u00fablica, Luis Abinader, emiti\u00f3 el Decreto n\u00fam. 84-26, mediante el cual realiz\u00f3 nuevas designaciones en \u00e1reas estrat\u00e9gicas del Estado, como parte del proceso de fortalecimiento institucional y mejora de la gesti\u00f3n p\u00fablica. La disposici\u00f3n presidencial designa a Rafael Evaristo Santos Badia como ministro de Educaci\u00f3n Superior,\u2026","rel":"","context":"En \u00abNACIONALES\u00bb","block_context":{"text":"NACIONALES","link":"https:\/\/lasprimeras.com.do\/index.php\/category\/nacionales\/"},"img":{"alt_text":"Rafael Santos y Geraldo Espinosa P\u00e9rez","src":"https:\/\/i0.wp.com\/lasprimeras.com.do\/wp-content\/uploads\/2026\/02\/Rafael-Santos-y-Geraldo-Espinosa-Perez.jpg?resize=350%2C200&ssl=1","width":350,"height":200,"srcset":"https:\/\/i0.wp.com\/lasprimeras.com.do\/wp-content\/uploads\/2026\/02\/Rafael-Santos-y-Geraldo-Espinosa-Perez.jpg?resize=350%2C200&ssl=1 1x, https:\/\/i0.wp.com\/lasprimeras.com.do\/wp-content\/uploads\/2026\/02\/Rafael-Santos-y-Geraldo-Espinosa-Perez.jpg?resize=525%2C300&ssl=1 1.5x, https:\/\/i0.wp.com\/lasprimeras.com.do\/wp-content\/uploads\/2026\/02\/Rafael-Santos-y-Geraldo-Espinosa-Perez.jpg?resize=700%2C400&ssl=1 2x, https:\/\/i0.wp.com\/lasprimeras.com.do\/wp-content\/uploads\/2026\/02\/Rafael-Santos-y-Geraldo-Espinosa-Perez.jpg?resize=1050%2C600&ssl=1 3x"},"classes":[]},{"id":107480,"url":"https:\/\/lasprimeras.com.do\/index.php\/2025\/08\/27\/contraloria-transmite-mensaje-anticorrupcion-e-importancia-del-control-interno-a-estudiantes-de-uteco\/","url_meta":{"origin":49227,"position":5},"title":"Contralor\u00eda transmite mensaje anticorrupci\u00f3n e importancia del control interno a estudiantes de Uteco","author":"Nelson Feliz","date":"27 de agosto de 2025","format":false,"excerpt":"El contralor general de la Rep\u00fablica dict\u00f3 una conferencia a autoridades, docentes y estudiantes de la Universidad Tecnol\u00f3gica del Cibao Oriental (Uteco), a los que se\u00f1al\u00f3 la importancia de consolidar una cultura de control interno y el fomento de la \u00e9tica y la transparencia, como herramientas esenciales para combatir la\u2026","rel":"","context":"En \u00abNACIONALES\u00bb","block_context":{"text":"NACIONALES","link":"https:\/\/lasprimeras.com.do\/index.php\/category\/nacionales\/"},"img":{"alt_text":"","src":"https:\/\/i0.wp.com\/lasprimeras.com.do\/wp-content\/uploads\/2025\/08\/Contralor-Felix-Santana_-rectora-de-Uteco-Marilyn-Diaz-y-director-de-Mineria-Rolando-Munoz.jpg?resize=350%2C200&ssl=1","width":350,"height":200,"srcset":"https:\/\/i0.wp.com\/lasprimeras.com.do\/wp-content\/uploads\/2025\/08\/Contralor-Felix-Santana_-rectora-de-Uteco-Marilyn-Diaz-y-director-de-Mineria-Rolando-Munoz.jpg?resize=350%2C200&ssl=1 1x, https:\/\/i0.wp.com\/lasprimeras.com.do\/wp-content\/uploads\/2025\/08\/Contralor-Felix-Santana_-rectora-de-Uteco-Marilyn-Diaz-y-director-de-Mineria-Rolando-Munoz.jpg?resize=525%2C300&ssl=1 1.5x, https:\/\/i0.wp.com\/lasprimeras.com.do\/wp-content\/uploads\/2025\/08\/Contralor-Felix-Santana_-rectora-de-Uteco-Marilyn-Diaz-y-director-de-Mineria-Rolando-Munoz.jpg?resize=700%2C400&ssl=1 2x"},"classes":[]}],"jetpack_sharing_enabled":true,"_links":{"self":[{"href":"https:\/\/lasprimeras.com.do\/index.php\/wp-json\/wp\/v2\/posts\/49227","targetHints":{"allow":["GET"]}}],"collection":[{"href":"https:\/\/lasprimeras.com.do\/index.php\/wp-json\/wp\/v2\/posts"}],"about":[{"href":"https:\/\/lasprimeras.com.do\/index.php\/wp-json\/wp\/v2\/types\/post"}],"author":[{"embeddable":true,"href":"https:\/\/lasprimeras.com.do\/index.php\/wp-json\/wp\/v2\/users\/1"}],"replies":[{"embeddable":true,"href":"https:\/\/lasprimeras.com.do\/index.php\/wp-json\/wp\/v2\/comments?post=49227"}],"version-history":[{"count":0,"href":"https:\/\/lasprimeras.com.do\/index.php\/wp-json\/wp\/v2\/posts\/49227\/revisions"}],"wp:featuredmedia":[{"embeddable":true,"href":"https:\/\/lasprimeras.com.do\/index.php\/wp-json\/"}],"wp:attachment":[{"href":"https:\/\/lasprimeras.com.do\/index.php\/wp-json\/wp\/v2\/media?parent=49227"}],"wp:term":[{"taxonomy":"category","embeddable":true,"href":"https:\/\/lasprimeras.com.do\/index.php\/wp-json\/wp\/v2\/categories?post=49227"},{"taxonomy":"post_tag","embeddable":true,"href":"https:\/\/lasprimeras.com.do\/index.php\/wp-json\/wp\/v2\/tags?post=49227"}],"curies":[{"name":"wp","href":"https:\/\/api.w.org\/{rel}","templated":true}]}}