{"id":49229,"date":"2023-05-09T09:03:03","date_gmt":"2023-05-09T13:03:03","guid":{"rendered":"https:\/\/atento.com.do\/?p=49229"},"modified":"2023-05-09T09:03:03","modified_gmt":"2023-05-09T13:03:03","slug":"inefi-entrega-juegos-de-ajedrez-y-coordina-taller-pedagogico-en-el-liceo-profesor-simon-orozco-de-invivienda","status":"publish","type":"post","link":"https:\/\/lasprimeras.com.do\/index.php\/2023\/05\/09\/inefi-entrega-juegos-de-ajedrez-y-coordina-taller-pedagogico-en-el-liceo-profesor-simon-orozco-de-invivienda\/","title":{"rendered":"INEFI entrega juegos de ajedrez y coordina taller pedag\u00f3gico en el Liceo Profesor Sim\u00f3n Orozco de Invivienda"},"content":{"rendered":"\n<p><strong>Santo Domingo Este.-.<\/strong> El Instituto Nacional de Educaci\u00f3n F\u00edsica (INEFI) entreg\u00f3 juegos y relojes de ajedrez en el Liceo Profesor Sim\u00f3n Orozco de Invivienda, adem\u00e1s de la utiler\u00eda fue coordinado para el mes de junio de taller de ajedrez para los estudiantes del Liceo que ser\u00e1 impartido por el maestro FIDE (MF) licenciado Braulio Ram\u00edrez Reyes.<\/p>\n\n\n\n<p>El Maestro FIDE, Braulio Ram\u00edrez, resalt\u00f3 que estos talleres van dirigido a los estudiantes, profesores de educaci\u00f3n f\u00edsica, T\u00e9cnicos y monitores deportivos de los Centros Educativos, abarcando los rudimentos, conceptos b\u00e1sicos, y principios de iniciaci\u00f3n del juego ciencia.<\/p>\n\n\n\n<p>El Coordinador del \u00c1rea de Educaci\u00f3n F\u00edsica del Distrito Educativo 10-06 Jos\u00e9 B\u00e1ez, agradeci\u00f3 la donaci\u00f3n de juegos de ajedrez y relojes entregados al Liceo Profesor Sim\u00f3n Orozco de Invivienda, los cuales son parte del proyecto para masificar el ajedrez a nivel nacional en las escuelas y colegios de todo el pa\u00eds, gracias al El Instituto Nacional de Educaci\u00f3n F\u00edsica INEFI, que preside Alberto Rodr\u00edguez Mella.<\/p>\n\n\n\n<p>De su lado, Braulio Ram\u00edrez, quien se encuentra dando asistencia docente y pedag\u00f3gica en los diferentes Centros Educativos, Distritos y Regionales por instrucciones del director ejecutivo de INEFI, Alberto Rodr\u00edguez Mella, destac\u00f3 \u201cvinimos a contribuir con el deporte escolar\u201d.<\/p>\n\n\n\n<p>Record\u00f3 que uno de los ejes del INEFI es incentivar la entrega de utiler\u00eda a distintas escuelas del pa\u00eds, a los fines fomentar el aprendizaje y la vida sana del alumno, a trav\u00e9s de la pr\u00e1ctica deportiva y la actividad f\u00edsica\u201d.<\/p>\n\n\n\n<p>El apoyo en conjunto del Instituto Nacional de Educaci\u00f3n F\u00edsica INEFI, Ministerio de Educaci\u00f3n y la Federaci\u00f3n Dominicana de Ajedrez es de vital importancia para que el programa de masificaci\u00f3n del ajedrez en las escuelas se contin\u00fae desarrollando con \u00e9xito.<\/p>\n\n\n\n<p>Braulio Ram\u00edrez, destac\u00f3 que estos talleres son un escal\u00f3n para que los docentes puedan coordinar mejor sus clases con los Rudimentos de iniciaci\u00f3n y garantizar el aprendizaje de sus estudiantes en el juego Ciencia.<\/p>\n\n\n\n<p>Agreg\u00f3 que el ajedrecista debe mantener un alt\u00edsimo grado de concentraci\u00f3n durante el juego, lo cual se llega a manifestar en otras \u00e1reas de su vida.<\/p>\n\n\n\n<p>Jos\u00e9 B\u00e1ez, destac\u00f3 que los estudiantes est\u00e1n siendo capacitados con los conceptos b\u00e1sicos y las principales aperturas y defensas, mientras que los profesores y Monitores de Educaci\u00f3n F\u00edsica incrementar\u00e1n el proceso de capacitaci\u00f3n garantizando la optimizaci\u00f3n de las pr\u00e1cticas docentes, la gesti\u00f3n y la ense\u00f1anza del ajedrez en el \u00e1mbito docente.<\/p>\n","protected":false},"excerpt":{"rendered":"<p>Santo Domingo Este.-. El Instituto Nacional de Educaci\u00f3n F\u00edsica (INEFI) entreg\u00f3 juegos y relojes de ajedrez en el Liceo Profesor Sim\u00f3n Orozco de Invivienda, adem\u00e1s de la utiler\u00eda fue coordinado&hellip;<\/p>\n","protected":false},"author":1,"featured_media":47558,"comment_status":"open","ping_status":"open","sticky":false,"template":"","format":"standard","meta":{"content-type":"","jetpack_post_was_ever_published":false,"_jetpack_newsletter_access":"","_jetpack_dont_email_post_to_subs":false,"_jetpack_newsletter_tier_id":0,"_jetpack_memberships_contains_paywalled_content":false,"_jetpack_memberships_contains_paid_content":false,"footnotes":""},"categories":[1],"tags":[738],"class_list":["post-49229","post","type-post","status-publish","format-standard","has-post-thumbnail","hentry","category-sin-categoria","tag-inefi"],"jetpack_featured_media_url":"","jetpack-related-posts":[{"id":49066,"url":"https:\/\/lasprimeras.com.do\/index.php\/2023\/05\/07\/inefi-y-fda-imparten-taller-de-ajedrez-en-san-cristobal\/","url_meta":{"origin":49229,"position":0},"title":"INEFI y FDA imparten \u201cTaller de Ajedrez\u201d en San Crist\u00f3bal","author":"prenxa100","date":"7 de mayo de 2023","format":false,"excerpt":"San Crist\u00f3bal.-. Con la finalidad de fortalecer las destrezas en la ense\u00f1anza del ajedrez y desarrollar la agilidad mental en los docentes de Educaci\u00f3n F\u00edsica, la Regional 04 de Educaci\u00f3n, imparti\u00f3 el \u201cTaller Regional de Ajedrez\u201d, dirigido a los maestros de los siete distritos educativos de la provincia San Crist\u00f3bal,\u2026","rel":"","context":"En \u00abSin categor\u00eda\u00bb","block_context":{"text":"Sin categor\u00eda","link":"https:\/\/lasprimeras.com.do\/index.php\/category\/sin-categoria\/"},"img":{"alt_text":"","src":"","width":0,"height":0},"classes":[]},{"id":68642,"url":"https:\/\/lasprimeras.com.do\/index.php\/2023\/11\/26\/benjamin-henriquez-agradece-a-luis-abinader-y-resalta-exitos-del-inefi\/","url_meta":{"origin":49229,"position":1},"title":"Benjam\u00edn Henr\u00edquez agradece a Luis Abinader y resalta \u00e9xitos del INEFI","author":"Nelson Feliz","date":"26 de noviembre de 2023","format":false,"excerpt":"El \u00e1rbitro de ajedrez Benjam\u00edn Henr\u00edquez Trinidad emiti\u00f3 el m\u00e1s profundo agradecimiento al presidente de la Rep\u00fablica Luis Abinader por el traslado del Maestro de Ajedrez Braulio Ram\u00edrez del Distrito Educativo 10-04 al Instituto Nacional de Educaci\u00f3n F\u00edsica (INEFI), instituci\u00f3n que se encuentra revolucionando el deporte escolar. La r\u00e1pida y\u2026","rel":"","context":"En \u00abSin categor\u00eda\u00bb","block_context":{"text":"Sin categor\u00eda","link":"https:\/\/lasprimeras.com.do\/index.php\/category\/sin-categoria\/"},"img":{"alt_text":"El presidente Luis Abinader junto al Docente de Ajedrez Braulio Ram\u00edrez.","src":"https:\/\/i0.wp.com\/lasprimeras.com.do\/wp-content\/uploads\/2023\/11\/Luis-Abinader-y-Benjamin-Henriquez.jpg?resize=350%2C200&ssl=1","width":350,"height":200,"srcset":"https:\/\/i0.wp.com\/lasprimeras.com.do\/wp-content\/uploads\/2023\/11\/Luis-Abinader-y-Benjamin-Henriquez.jpg?resize=350%2C200&ssl=1 1x, https:\/\/i0.wp.com\/lasprimeras.com.do\/wp-content\/uploads\/2023\/11\/Luis-Abinader-y-Benjamin-Henriquez.jpg?resize=525%2C300&ssl=1 1.5x"},"classes":[]},{"id":52273,"url":"https:\/\/lasprimeras.com.do\/index.php\/2023\/06\/08\/inefi-lleva-programa-entrenando-con-las-estrellas\/","url_meta":{"origin":49229,"position":2},"title":"INEFI lleva programa \u201cEntrenando con las Estrellas&#8221;","author":"prenxa100","date":"8 de junio de 2023","format":false,"excerpt":"El Instituto Nacional Educaci\u00f3n F\u00edsica (INEFI) llev\u00f3 su programa \u201cEntrenando con las Estrellas\u201d al centro educativo Santo Cura de As\u00eds, en el sector Capotillo, Distrito Nacional donde tambi\u00e9n se entreg\u00f3 utiler\u00eda deportiva. La jornada estuvo dirigida por Alberto Rodr\u00edguez Mella, director ejecutivo del INEFI, en la que las deportistas Yamilet\u2026","rel":"","context":"En \u00abSin categor\u00eda\u00bb","block_context":{"text":"Sin categor\u00eda","link":"https:\/\/lasprimeras.com.do\/index.php\/category\/sin-categoria\/"},"img":{"alt_text":"","src":"","width":0,"height":0},"classes":[]},{"id":105528,"url":"https:\/\/lasprimeras.com.do\/index.php\/2025\/08\/04\/abinader-informa-500-mil-estudiantes-y-atletas-se-han-beneficiado-con-mas-de-900-intervenciones-de-instalaciones-deportivas-en-el-pais\/","url_meta":{"origin":49229,"position":3},"title":"Abinader informa 500 mil estudiantes y atletas se han beneficiado con m\u00e1s de 900 intervenciones de instalaciones deportivas en el pa\u00eds","author":"Nelson Feliz","date":"4 de agosto de 2025","format":false,"excerpt":"Asimismo, el mandatario anunci\u00f3 que el Gobierno a trav\u00e9s del INEFI ha beneficiado un mill\u00f3n 500 mil estudiantes y atletas con la entrega de 113 mil art\u00edculos deportivos y que en los Programas de Atletas de Alto Rendimiento se han beneficiado m\u00e1s de 60,000 mil personas y 150 centros educativos\u2026","rel":"","context":"En \u00abDEPORTES\u00bb","block_context":{"text":"DEPORTES","link":"https:\/\/lasprimeras.com.do\/index.php\/category\/deportes\/"},"img":{"alt_text":"","src":"https:\/\/i0.wp.com\/lasprimeras.com.do\/wp-content\/uploads\/2025\/08\/inefi.jpg?resize=350%2C200&ssl=1","width":350,"height":200,"srcset":"https:\/\/i0.wp.com\/lasprimeras.com.do\/wp-content\/uploads\/2025\/08\/inefi.jpg?resize=350%2C200&ssl=1 1x, https:\/\/i0.wp.com\/lasprimeras.com.do\/wp-content\/uploads\/2025\/08\/inefi.jpg?resize=525%2C300&ssl=1 1.5x, https:\/\/i0.wp.com\/lasprimeras.com.do\/wp-content\/uploads\/2025\/08\/inefi.jpg?resize=700%2C400&ssl=1 2x"},"classes":[]},{"id":122106,"url":"https:\/\/lasprimeras.com.do\/index.php\/2026\/02\/13\/las-instalaciones-deportivas-en-centros-educativos-de-san-francisco-de-macoris-en-estado-de-emergencia\/","url_meta":{"origin":49229,"position":4},"title":"Las instalaciones deportivas en centros educativos de San Francisco de Macor\u00eds en estado de emergencia","author":"Nelson Feliz","date":"13 de febrero de 2026","format":false,"excerpt":"El Instituto Nacional de Educaci\u00f3n F\u00edsica (INEFI) denunci\u00f3 que es altamente preocupante el nivel de ineficiencia que evidencian algunas instituciones p\u00fablicas de la Rep\u00fablica Dominicana. Resulta contradictorio e indignante que, luego de haberse celebrado los Juegos Escolares Deportivos 2025 en este municipio, una gran parte de las instalaciones deportivas de\u2026","rel":"","context":"En \u00abDEPORTES\u00bb","block_context":{"text":"DEPORTES","link":"https:\/\/lasprimeras.com.do\/index.php\/category\/deportes\/"},"img":{"alt_text":"","src":"https:\/\/i0.wp.com\/lasprimeras.com.do\/wp-content\/uploads\/2026\/02\/IMG-20260213-WA0376.jpg?resize=350%2C200&ssl=1","width":350,"height":200,"srcset":"https:\/\/i0.wp.com\/lasprimeras.com.do\/wp-content\/uploads\/2026\/02\/IMG-20260213-WA0376.jpg?resize=350%2C200&ssl=1 1x, https:\/\/i0.wp.com\/lasprimeras.com.do\/wp-content\/uploads\/2026\/02\/IMG-20260213-WA0376.jpg?resize=525%2C300&ssl=1 1.5x, https:\/\/i0.wp.com\/lasprimeras.com.do\/wp-content\/uploads\/2026\/02\/IMG-20260213-WA0376.jpg?resize=700%2C400&ssl=1 2x, https:\/\/i0.wp.com\/lasprimeras.com.do\/wp-content\/uploads\/2026\/02\/IMG-20260213-WA0376.jpg?resize=1050%2C600&ssl=1 3x, https:\/\/i0.wp.com\/lasprimeras.com.do\/wp-content\/uploads\/2026\/02\/IMG-20260213-WA0376.jpg?resize=1400%2C800&ssl=1 4x"},"classes":[]},{"id":54374,"url":"https:\/\/lasprimeras.com.do\/index.php\/2023\/07\/10\/josue-araujo-gana-gran-torneo-de-ajedrez-blitz-32\/","url_meta":{"origin":49229,"position":5},"title":"Josue Araujo gana Gran Torneo de Ajedrez Blitz 3+2","author":"Nelson Feliz","date":"10 de julio de 2023","format":false,"excerpt":"La Federaci\u00f3n Dominicana de Ajedrez celebr\u00f3, este domingo, su Gran Torneo de Ajedrez Blitz 3+2 celebrado en Santo Domingo. Este evento cont\u00f3 con el apoyo de la Fundaci\u00f3n Liss Chesss. El torneo inici\u00f3 a las 10am con la participaci\u00f3n de m\u00e1s de 73 jugadores de distintas provincias del pa\u00eds. Entre\u2026","rel":"","context":"En \u00abSin categor\u00eda\u00bb","block_context":{"text":"Sin categor\u00eda","link":"https:\/\/lasprimeras.com.do\/index.php\/category\/sin-categoria\/"},"img":{"alt_text":"","src":"https:\/\/i0.wp.com\/lasprimeras.com.do\/wp-content\/uploads\/2023\/07\/Ajedrez.jpg?resize=350%2C200&ssl=1","width":350,"height":200,"srcset":"https:\/\/i0.wp.com\/lasprimeras.com.do\/wp-content\/uploads\/2023\/07\/Ajedrez.jpg?resize=350%2C200&ssl=1 1x, https:\/\/i0.wp.com\/lasprimeras.com.do\/wp-content\/uploads\/2023\/07\/Ajedrez.jpg?resize=525%2C300&ssl=1 1.5x, https:\/\/i0.wp.com\/lasprimeras.com.do\/wp-content\/uploads\/2023\/07\/Ajedrez.jpg?resize=700%2C400&ssl=1 2x"},"classes":[]}],"jetpack_sharing_enabled":true,"_links":{"self":[{"href":"https:\/\/lasprimeras.com.do\/index.php\/wp-json\/wp\/v2\/posts\/49229","targetHints":{"allow":["GET"]}}],"collection":[{"href":"https:\/\/lasprimeras.com.do\/index.php\/wp-json\/wp\/v2\/posts"}],"about":[{"href":"https:\/\/lasprimeras.com.do\/index.php\/wp-json\/wp\/v2\/types\/post"}],"author":[{"embeddable":true,"href":"https:\/\/lasprimeras.com.do\/index.php\/wp-json\/wp\/v2\/users\/1"}],"replies":[{"embeddable":true,"href":"https:\/\/lasprimeras.com.do\/index.php\/wp-json\/wp\/v2\/comments?post=49229"}],"version-history":[{"count":0,"href":"https:\/\/lasprimeras.com.do\/index.php\/wp-json\/wp\/v2\/posts\/49229\/revisions"}],"wp:featuredmedia":[{"embeddable":true,"href":"https:\/\/lasprimeras.com.do\/index.php\/wp-json\/"}],"wp:attachment":[{"href":"https:\/\/lasprimeras.com.do\/index.php\/wp-json\/wp\/v2\/media?parent=49229"}],"wp:term":[{"taxonomy":"category","embeddable":true,"href":"https:\/\/lasprimeras.com.do\/index.php\/wp-json\/wp\/v2\/categories?post=49229"},{"taxonomy":"post_tag","embeddable":true,"href":"https:\/\/lasprimeras.com.do\/index.php\/wp-json\/wp\/v2\/tags?post=49229"}],"curies":[{"name":"wp","href":"https:\/\/api.w.org\/{rel}","templated":true}]}}