{"id":49234,"date":"2023-05-09T18:46:47","date_gmt":"2023-05-09T22:46:47","guid":{"rendered":"https:\/\/atento.com.do\/?p=49234"},"modified":"2023-05-09T18:46:47","modified_gmt":"2023-05-09T22:46:47","slug":"ecaasd-y-acoprovi-firman-acuerdo-para-mejorar-redes-distribucion-de-agua-en-gsd","status":"publish","type":"post","link":"https:\/\/lasprimeras.com.do\/index.php\/2023\/05\/09\/ecaasd-y-acoprovi-firman-acuerdo-para-mejorar-redes-distribucion-de-agua-en-gsd\/","title":{"rendered":"ECAASD y ACOPROVI firman acuerdo para mejorar redes distribuci\u00f3n de agua en GSD"},"content":{"rendered":"\n<p>El convenio tambi\u00e9n contempla optimizar el sistema de alcantarillado sanitario en los proyectos inmobiliarios privados del Distrito Nacional y la provincia<\/p>\n\n\n\n<p><strong>Santo Domingo. \u2013<\/strong> La Corporaci\u00f3n del Acueducto y Alcantarillado de Santo Domingo (CAASD) y la Asociaci\u00f3n Dominicana de Constructores y Promotores de Vivienda (ACOPROVI) firmaron un acuerdo interinstitucional, que contribuir\u00e1 a mejorar las redes de distribuci\u00f3n de agua potable en los proyectos inmobiliarios desarrollados por constructores privados en el Distrito Nacional y la provincia.<\/p>\n\n\n\n<p>El convenio, que fue suscrito por Felipe -Fellito- Suberv\u00ed, director general de la CAASD, y la ingeniera Annerys Mel\u00e9ndez, presidente de ACOPROVI, contempla la construcci\u00f3n de las acometidas de agua potable, adem\u00e1s de intervenciones en el sistema de alcantarillado sanitario para viviendas privadas en desarrollo.<\/p>\n\n\n\n<p>Suberv\u00ed destac\u00f3 que la importancia de este convenio, no solo por el considerable crecimiento y niveles de inversi\u00f3n que experimenta el sector de la construcci\u00f3n en la econom\u00eda dominicana, sino tambi\u00e9n por la necesidad de hacer un uso sostenible de los recursos h\u00eddricos.<\/p>\n\n\n\n<p>\u201cCada d\u00eda se incrementa el n\u00famero de personas y de unidades habitacionales en el Gran Santo Domingo, mientras se mantienen los mismos niveles de agua. Viendo esta realidad, acordamos con ACOPROVI estrechar lazos para que, bajo nuestra supervisi\u00f3n, el gremio construya las acometidas de agua potable y alcantarillado sanitario en sus proyectos, siguiendo los protocolos establecidos\u201d, agreg\u00f3 el funcionario.<\/p>\n\n\n\n<p>De su lado, Mel\u00e9ndez afirm\u00f3 que los constructores y desarrolladores inmobiliarios afiliados al gremio implementan las mejores pr\u00e1cticas de la industria para garantizar que la construcci\u00f3n de cada infraestructura f\u00edsica cuente con los m\u00e1s altos est\u00e1ndares de calidad, una caracter\u00edstica que ser\u00e1 capitalizada en este convenio.<\/p>\n\n\n\n<p>\u201cSin duda, este acuerdo contribuir\u00e1 a eficientizar las redes de suministro de agua potable en los proyectos inmobiliarios, elevando la calidad de vida de los adquirientes de estas unidades habitacionales; mientras que para los desarrolladores implicar\u00e1 la reducci\u00f3n del tiempo y optimizaci\u00f3n de procesos durante la fase de construcci\u00f3n\u201d, indic\u00f3 la presidenta de ACOPROVI.<\/p>\n\n\n\n<p><strong>Otros acuerdos<\/strong><\/p>\n\n\n\n<p>La CAASD se comprometi\u00f3 en supervisar la instalaci\u00f3n y velar porque se cumplan las normas t\u00e9cnicas en lo que se refiere a la operaci\u00f3n del sistema, manejo de las redes de distribuci\u00f3n de agua y suspensi\u00f3n del servicio para la instalaci\u00f3n de las acometidas.<\/p>\n\n\n\n<p>Ambas entidades est\u00e1n conscientes de que la cooperaci\u00f3n interinstitucional constituye uno de los mecanismos m\u00e1s eficaces para impulsar de forma coherente e integral las transformaciones que requiere la sociedad y de esta manera contribuir al mejoramiento econ\u00f3mico y social del pa\u00eds.<\/p>\n\n\n\n<p>Asimismo, desarrollar\u00e1n un programa por un per\u00edodo determinado en el proceso de solicitud de aprobaci\u00f3n de acometidas de agua y alcantarillado sanitario, destacando la importancia que esto conlleva para la salud de los mun\u00edcipes, y el desarrollo industrial y comercial de la provincia Santo Domingo y el Distrito Nacional.<\/p>\n","protected":false},"excerpt":{"rendered":"<p>El convenio tambi\u00e9n contempla optimizar el sistema de alcantarillado sanitario en los proyectos inmobiliarios privados del Distrito Nacional y la provincia Santo Domingo. \u2013 La Corporaci\u00f3n del Acueducto y Alcantarillado&hellip;<\/p>\n","protected":false},"author":1,"featured_media":49235,"comment_status":"open","ping_status":"open","sticky":false,"template":"","format":"standard","meta":{"content-type":"","jetpack_post_was_ever_published":false,"_jetpack_newsletter_access":"","_jetpack_dont_email_post_to_subs":false,"_jetpack_newsletter_tier_id":0,"_jetpack_memberships_contains_paywalled_content":false,"_jetpack_memberships_contains_paid_content":false,"footnotes":""},"categories":[35,25],"tags":[920,521,537,921,922,698,923,924],"class_list":["post-49234","post","type-post","status-publish","format-standard","has-post-thumbnail","hentry","category-nacionales","category-portada","tag-acoprovi","tag-acuerdo","tag-agua","tag-distribucion","tag-ecaasd","tag-gsd","tag-mejorar","tag-redes"],"jetpack_featured_media_url":"","jetpack-related-posts":[{"id":103313,"url":"https:\/\/lasprimeras.com.do\/index.php\/2025\/07\/14\/caasd-desarrolla-54-obras-para-seguir-optimizando-el-servicio-de-agua-potable-en-el-gsd\/","url_meta":{"origin":49234,"position":0},"title":"CAASD desarrolla 54 obras para seguir optimizando el servicio de agua potable en el GSD","author":"Nelson Feliz","date":"14 de julio de 2025","format":false,"excerpt":"Estas intervenciones forman parte del plan de modernizaci\u00f3n de los sistemas de agua potable La Corporaci\u00f3n del Acueducto y Alcantarillado de Santo Domingo (CAASD) pondr\u00e1 en marcha la ejecuci\u00f3n de 52 proyectos con el objetivo de continuar eficientizando el suministro y distribuci\u00f3n de agua potable, en el Distrito Nacional y\u2026","rel":"","context":"En \u00abNACIONALES\u00bb","block_context":{"text":"NACIONALES","link":"https:\/\/lasprimeras.com.do\/index.php\/category\/nacionales\/"},"img":{"alt_text":"Luis Salcedo","src":"https:\/\/i0.wp.com\/lasprimeras.com.do\/wp-content\/uploads\/2025\/07\/Luis-Salcedo.jpg?resize=350%2C200&ssl=1","width":350,"height":200,"srcset":"https:\/\/i0.wp.com\/lasprimeras.com.do\/wp-content\/uploads\/2025\/07\/Luis-Salcedo.jpg?resize=350%2C200&ssl=1 1x, https:\/\/i0.wp.com\/lasprimeras.com.do\/wp-content\/uploads\/2025\/07\/Luis-Salcedo.jpg?resize=525%2C300&ssl=1 1.5x, https:\/\/i0.wp.com\/lasprimeras.com.do\/wp-content\/uploads\/2025\/07\/Luis-Salcedo.jpg?resize=700%2C400&ssl=1 2x"},"classes":[]},{"id":109786,"url":"https:\/\/lasprimeras.com.do\/index.php\/2025\/09\/22\/fellito-subervi-destaca-acueducto-barrera-de-salinidad-beneficiara-a-1-8-millones-de-personas-en-el-gsd\/","url_meta":{"origin":49234,"position":1},"title":"Fellito Suberv\u00ed destaca Acueducto Barrera de Salinidad beneficiar\u00e1 a 1.8 millones de personas en el GSD","author":"Nelson Feliz","date":"22 de septiembre de 2025","format":false,"excerpt":"La CAASD ejecuta esta obra clave para fortalecer el abastecimiento de agua potable en el Gran Santo Domingo. El director general de la Corporaci\u00f3n del Acueducto y Alcantarillado de Santo Domingo (CAASD), Fellito Suberv\u00ed inform\u00f3 durante un recorrido de supervisi\u00f3n junto al presidente Luis Abinader, que el Acueducto Oriental Barrera\u2026","rel":"","context":"En \u00abECONOM\u00cdA\u00bb","block_context":{"text":"ECONOM\u00cdA","link":"https:\/\/lasprimeras.com.do\/index.php\/category\/economia\/"},"img":{"alt_text":"","src":"https:\/\/i0.wp.com\/lasprimeras.com.do\/wp-content\/uploads\/2025\/09\/Fellito-Subervi-1.jpg?resize=350%2C200&ssl=1","width":350,"height":200,"srcset":"https:\/\/i0.wp.com\/lasprimeras.com.do\/wp-content\/uploads\/2025\/09\/Fellito-Subervi-1.jpg?resize=350%2C200&ssl=1 1x, https:\/\/i0.wp.com\/lasprimeras.com.do\/wp-content\/uploads\/2025\/09\/Fellito-Subervi-1.jpg?resize=525%2C300&ssl=1 1.5x, https:\/\/i0.wp.com\/lasprimeras.com.do\/wp-content\/uploads\/2025\/09\/Fellito-Subervi-1.jpg?resize=700%2C400&ssl=1 2x"},"classes":[]},{"id":111916,"url":"https:\/\/lasprimeras.com.do\/index.php\/2025\/10\/15\/raquel-pena-junto-a-acoprovi-reafirma-el-compromiso-del-gobierno-con-el-sector-construccion\/","url_meta":{"origin":49234,"position":2},"title":"Raquel Pe\u00f1a junto a ACOPROVI reafirma el compromiso del Gobierno con el sector construcci\u00f3n","author":"Nelson Feliz","date":"15 de octubre de 2025","format":false,"excerpt":"La vicepresidenta destac\u00f3 que la colaboraci\u00f3n p\u00fablico-privada es clave para garantizar viviendas dignas, fortalecer el empleo y dinamizar la econom\u00eda nacional. La vicepresidenta de la Rep\u00fablica, Raquel Pe\u00f1a, encabez\u00f3 este martes la 9na Mesa Nacional de la Vivienda, organizada por la Asociaci\u00f3n Dominicana de Constructores y Promotores de la Vivienda\u2026","rel":"","context":"En \u00abECONOM\u00cdA\u00bb","block_context":{"text":"ECONOM\u00cdA","link":"https:\/\/lasprimeras.com.do\/index.php\/category\/economia\/"},"img":{"alt_text":"","src":"https:\/\/i0.wp.com\/lasprimeras.com.do\/wp-content\/uploads\/2025\/10\/acoprovi.jpg?resize=350%2C200&ssl=1","width":350,"height":200,"srcset":"https:\/\/i0.wp.com\/lasprimeras.com.do\/wp-content\/uploads\/2025\/10\/acoprovi.jpg?resize=350%2C200&ssl=1 1x, https:\/\/i0.wp.com\/lasprimeras.com.do\/wp-content\/uploads\/2025\/10\/acoprovi.jpg?resize=525%2C300&ssl=1 1.5x, https:\/\/i0.wp.com\/lasprimeras.com.do\/wp-content\/uploads\/2025\/10\/acoprovi.jpg?resize=700%2C400&ssl=1 2x"},"classes":[]},{"id":49030,"url":"https:\/\/lasprimeras.com.do\/index.php\/2023\/05\/07\/a-pesar-de-la-sequia-caasd-mantiene-produccion-de-agua-potable-para-el-gsd\/","url_meta":{"origin":49234,"position":3},"title":"A pesar de la sequ\u00eda: CAASD mantiene producci\u00f3n de agua potable para el GSD","author":"prenxa100","date":"7 de mayo de 2023","format":false,"excerpt":"Reitera llamado a la poblaci\u00f3n de racionalizar el agua. Santo Domingo.\u00a0\u2013 La Corporaci\u00f3n del Acueducto y Alcantarillado de Santo Domingo (CAASD) inform\u00f3 que a pesar de las escasas lluvias se agudiza la sequ\u00eda estacionaria que afecta en la actualidad al pa\u00eds, aunque pese a la situaci\u00f3n trabaja para mantener estable\u2026","rel":"","context":"En \u00abNACIONALES\u00bb","block_context":{"text":"NACIONALES","link":"https:\/\/lasprimeras.com.do\/index.php\/category\/nacionales\/"},"img":{"alt_text":"","src":"","width":0,"height":0},"classes":[]},{"id":116844,"url":"https:\/\/lasprimeras.com.do\/index.php\/2025\/12\/04\/caasd-y-codia-presentan-sorteo-de-obras-para-construccion-y-electrificacion-de-pozos-en-el-gsd\/","url_meta":{"origin":49234,"position":4},"title":"CAASD y CODIA presentan sorteo de obras para construcci\u00f3n y electrificaci\u00f3n de pozos en el GSD","author":"Nelson Feliz","date":"4 de diciembre de 2025","format":false,"excerpt":"El acto cont\u00f3 con la representaci\u00f3n del CODIA, DIGEIG y DGCP, a fin de garantizar transparencia, equidad y cumplimiento t\u00e9cnico durante el procedimiento. La Corporaci\u00f3n del Acueducto y Alcantarillado de Santo Domingo (CAASD) present\u00f3 este jueves el proceso CAASD-CCC-SO-2025-0001, correspondiente al sorteo de obras para la construcci\u00f3n y electrificaci\u00f3n de\u2026","rel":"","context":"En \u00abECONOM\u00cdA\u00bb","block_context":{"text":"ECONOM\u00cdA","link":"https:\/\/lasprimeras.com.do\/index.php\/category\/economia\/"},"img":{"alt_text":"","src":"https:\/\/i0.wp.com\/lasprimeras.com.do\/wp-content\/uploads\/2025\/12\/CAASD-y-CODIA.jpg?resize=350%2C200&ssl=1","width":350,"height":200,"srcset":"https:\/\/i0.wp.com\/lasprimeras.com.do\/wp-content\/uploads\/2025\/12\/CAASD-y-CODIA.jpg?resize=350%2C200&ssl=1 1x, https:\/\/i0.wp.com\/lasprimeras.com.do\/wp-content\/uploads\/2025\/12\/CAASD-y-CODIA.jpg?resize=525%2C300&ssl=1 1.5x, https:\/\/i0.wp.com\/lasprimeras.com.do\/wp-content\/uploads\/2025\/12\/CAASD-y-CODIA.jpg?resize=700%2C400&ssl=1 2x"},"classes":[]},{"id":101536,"url":"https:\/\/lasprimeras.com.do\/index.php\/2025\/06\/23\/caasd-avanza-en-la-rehabilitacion-de-acueductos-del-gsd\/","url_meta":{"origin":49234,"position":5},"title":"CAASD avanza en la rehabilitaci\u00f3n de acueductos del GSD","author":"Nelson Feliz","date":"23 de junio de 2025","format":false,"excerpt":"La instituci\u00f3n supera 23 a\u00f1os de rezago en el mantenimiento y sustituci\u00f3n de infraestructuras, equipos y redes de distribuci\u00f3n del preciado l\u00edquido. La Corporaci\u00f3n del Acueducto y Alcantarillado de Santo Domingo (CAASD), inform\u00f3 que avanzan en la rehabilitaci\u00f3n de los acueductos Haina Manoguayabo, Isabela y el sistema de bombeo El\u2026","rel":"","context":"En \u00abNACIONALES\u00bb","block_context":{"text":"NACIONALES","link":"https:\/\/lasprimeras.com.do\/index.php\/category\/nacionales\/"},"img":{"alt_text":"","src":"https:\/\/i0.wp.com\/lasprimeras.com.do\/wp-content\/uploads\/2025\/06\/caasd-3.jpg?resize=350%2C200&ssl=1","width":350,"height":200,"srcset":"https:\/\/i0.wp.com\/lasprimeras.com.do\/wp-content\/uploads\/2025\/06\/caasd-3.jpg?resize=350%2C200&ssl=1 1x, https:\/\/i0.wp.com\/lasprimeras.com.do\/wp-content\/uploads\/2025\/06\/caasd-3.jpg?resize=525%2C300&ssl=1 1.5x, https:\/\/i0.wp.com\/lasprimeras.com.do\/wp-content\/uploads\/2025\/06\/caasd-3.jpg?resize=700%2C400&ssl=1 2x"},"classes":[]}],"jetpack_sharing_enabled":true,"_links":{"self":[{"href":"https:\/\/lasprimeras.com.do\/index.php\/wp-json\/wp\/v2\/posts\/49234","targetHints":{"allow":["GET"]}}],"collection":[{"href":"https:\/\/lasprimeras.com.do\/index.php\/wp-json\/wp\/v2\/posts"}],"about":[{"href":"https:\/\/lasprimeras.com.do\/index.php\/wp-json\/wp\/v2\/types\/post"}],"author":[{"embeddable":true,"href":"https:\/\/lasprimeras.com.do\/index.php\/wp-json\/wp\/v2\/users\/1"}],"replies":[{"embeddable":true,"href":"https:\/\/lasprimeras.com.do\/index.php\/wp-json\/wp\/v2\/comments?post=49234"}],"version-history":[{"count":0,"href":"https:\/\/lasprimeras.com.do\/index.php\/wp-json\/wp\/v2\/posts\/49234\/revisions"}],"wp:featuredmedia":[{"embeddable":true,"href":"https:\/\/lasprimeras.com.do\/index.php\/wp-json\/"}],"wp:attachment":[{"href":"https:\/\/lasprimeras.com.do\/index.php\/wp-json\/wp\/v2\/media?parent=49234"}],"wp:term":[{"taxonomy":"category","embeddable":true,"href":"https:\/\/lasprimeras.com.do\/index.php\/wp-json\/wp\/v2\/categories?post=49234"},{"taxonomy":"post_tag","embeddable":true,"href":"https:\/\/lasprimeras.com.do\/index.php\/wp-json\/wp\/v2\/tags?post=49234"}],"curies":[{"name":"wp","href":"https:\/\/api.w.org\/{rel}","templated":true}]}}