{"id":49240,"date":"2023-05-09T19:15:32","date_gmt":"2023-05-09T23:15:32","guid":{"rendered":"https:\/\/atento.com.do\/?p=49240"},"modified":"2023-05-09T19:15:32","modified_gmt":"2023-05-09T23:15:32","slug":"abinader-inaugurara-obras-y-entregara-titulos-este-miercoles-en-el-gran-santo-domingo","status":"publish","type":"post","link":"https:\/\/lasprimeras.com.do\/index.php\/2023\/05\/09\/abinader-inaugurara-obras-y-entregara-titulos-este-miercoles-en-el-gran-santo-domingo\/","title":{"rendered":"Abinader inaugurar\u00e1 obras y entregar\u00e1 t\u00edtulos este mi\u00e9rcoles en el gran Santo Domingo"},"content":{"rendered":"\n<p>Por Wilson P\u00e9rez<\/p>\n\n\n\n<p><strong>Santo Domingo.-.<\/strong> El presidente Luis Abinader realizar\u00e1 una agenda de trabajo este mi\u00e9rcoles en la provincia Santo Domingo, que incluye entrega de t\u00edtulos, mejoramiento y construcci\u00f3n de viviendas, inauguraci\u00f3n de una nueva nave de almac\u00e9n mar\u00edtima y la presentaci\u00f3n de la nueva Fial QIK Banco Digital Dominicano.<\/p>\n\n\n\n<p><strong>Boca Chica<\/strong><\/p>\n\n\n\n<p>La agenda del mandatario iniciar\u00e1 a las 10:30 de la ma\u00f1ana con la inauguraci\u00f3n de la nueva locaci\u00f3n de la Nave Almac\u00e9n Mar\u00edtima Dominicana Punta Caucedo, en Boca Chica.<\/p>\n\n\n\n<p><strong>Santo Domingo Norte<\/strong><\/p>\n\n\n\n<p>M\u00e1s adelante, en el municipio de La Victoria, el presidente Abinader encabezar\u00e1 la entrega de t\u00edtulos de propiedad a comunitarios de la zona.<\/p>\n\n\n\n<p>De igual forma, el jefe de Estado encabezar\u00e1 la entrega del plan de mejoramiento y construcci\u00f3n de viviendas, aceras y contenes en San Felipe, Villa Mella.<\/p>\n\n\n\n<p><strong>Distrito Nacional<\/strong><\/p>\n\n\n\n<p>El gobernante adem\u00e1s, asistir\u00e1 al acto de la presentaci\u00f3n p\u00fablica de la nueva filial QIK Banco Digital Dominicano, S.A. del Grupo Popular, que se llevar\u00e1 a cabo en el Sal\u00f3n Garden Hotel Embajador.<\/p>\n","protected":false},"excerpt":{"rendered":"<p>Por Wilson P\u00e9rez Santo Domingo.-. El presidente Luis Abinader realizar\u00e1 una agenda de trabajo este mi\u00e9rcoles en la provincia Santo Domingo, que incluye entrega de t\u00edtulos, mejoramiento y construcci\u00f3n de&hellip;<\/p>\n","protected":false},"author":1,"featured_media":46136,"comment_status":"open","ping_status":"open","sticky":false,"template":"","format":"standard","meta":{"content-type":"","jetpack_post_was_ever_published":false,"_jetpack_newsletter_access":"","_jetpack_dont_email_post_to_subs":false,"_jetpack_newsletter_tier_id":0,"_jetpack_memberships_contains_paywalled_content":false,"_jetpack_memberships_contains_paid_content":false,"footnotes":""},"categories":[35,25],"tags":[927,67,374,928],"class_list":["post-49240","post","type-post","status-publish","format-standard","has-post-thumbnail","hentry","category-nacionales","category-portada","tag-gran-santo-domingo","tag-luis-abinader","tag-obras","tag-titulos"],"jetpack_featured_media_url":"","jetpack-related-posts":[{"id":103117,"url":"https:\/\/lasprimeras.com.do\/index.php\/2025\/07\/11\/abinader-desarrollara-agenda-de-trabajo-este-fin-de-semana-spm-sd-este-y-boca-chica\/","url_meta":{"origin":49240,"position":0},"title":"Abinader desarrollar\u00e1 agenda de trabajo este fin de semana SPM, SD-Este y Boca Chica","author":"Nelson Feliz","date":"11 de julio de 2025","format":false,"excerpt":"El presidente Luis Abinader, continuar\u00e1 este fin de semana con su agenda de trabajo en el territorio nacional, con actividades programadas el s\u00e1bado 12 y domingo 13 de julio en la provincia de San Pedro de Macor\u00eds, Santo Domingo Este y Boca Chica en beneficio de la ciudadan\u00eda. Las acciones\u2026","rel":"","context":"En \u00abNACIONALES\u00bb","block_context":{"text":"NACIONALES","link":"https:\/\/lasprimeras.com.do\/index.php\/category\/nacionales\/"},"img":{"alt_text":"","src":"https:\/\/i0.wp.com\/lasprimeras.com.do\/wp-content\/uploads\/2025\/07\/Luis-Abinader-4-1.jpg?resize=350%2C200&ssl=1","width":350,"height":200,"srcset":"https:\/\/i0.wp.com\/lasprimeras.com.do\/wp-content\/uploads\/2025\/07\/Luis-Abinader-4-1.jpg?resize=350%2C200&ssl=1 1x, https:\/\/i0.wp.com\/lasprimeras.com.do\/wp-content\/uploads\/2025\/07\/Luis-Abinader-4-1.jpg?resize=525%2C300&ssl=1 1.5x, https:\/\/i0.wp.com\/lasprimeras.com.do\/wp-content\/uploads\/2025\/07\/Luis-Abinader-4-1.jpg?resize=700%2C400&ssl=1 2x"},"classes":[]},{"id":86546,"url":"https:\/\/lasprimeras.com.do\/index.php\/2024\/07\/27\/abinader-encabezara-cinco-inauguraciones-de-obras\/","url_meta":{"origin":49240,"position":1},"title":"Abinader encabezar\u00e1 cinco inauguraciones de obras","author":"Nelson Feliz","date":"27 de julio de 2024","format":false,"excerpt":"Presidente entregar\u00e1 t\u00edtulos de propiedad este s\u00e1bado en el Gran Santo Domingo. Las nuevas obras son dos estancias infantiles, un liceo, un polideportivo y una ca\u00f1ada y entregar\u00e1 t\u00edtulos de propiedad. Tambi\u00e9n presidir\u00e1 graduaci\u00f3n del Programa Oportunidad 14-24. Santo Domingo. - El presidente Luis Abinader realizar\u00e1 este s\u00e1bado un recorrido\u2026","rel":"","context":"En \u00abNACIONALES\u00bb","block_context":{"text":"NACIONALES","link":"https:\/\/lasprimeras.com.do\/index.php\/category\/nacionales\/"},"img":{"alt_text":"Luis Abinader","src":"https:\/\/i0.wp.com\/lasprimeras.com.do\/wp-content\/uploads\/2024\/07\/Luis-Abinader-7-1.jpg?resize=350%2C200&ssl=1","width":350,"height":200,"srcset":"https:\/\/i0.wp.com\/lasprimeras.com.do\/wp-content\/uploads\/2024\/07\/Luis-Abinader-7-1.jpg?resize=350%2C200&ssl=1 1x, https:\/\/i0.wp.com\/lasprimeras.com.do\/wp-content\/uploads\/2024\/07\/Luis-Abinader-7-1.jpg?resize=525%2C300&ssl=1 1.5x, https:\/\/i0.wp.com\/lasprimeras.com.do\/wp-content\/uploads\/2024\/07\/Luis-Abinader-7-1.jpg?resize=700%2C400&ssl=1 2x"},"classes":[]},{"id":108878,"url":"https:\/\/lasprimeras.com.do\/index.php\/2025\/09\/11\/abinader-entregara-viviendas-escuelas-polideportivos-y-carretera-en-el-gran-santo-domingo-y-constanza-este-fin-de-semana\/","url_meta":{"origin":49240,"position":2},"title":"Abinader entregar\u00e1 viviendas, escuelas, polideportivos y carretera en el Gran Santo Domingo y Constanza este fin de semana","author":"Nelson Feliz","date":"11 de septiembre de 2025","format":false,"excerpt":"Tambi\u00e9n sostendr\u00e1 almuerzo con el Batall\u00f3n de Cazadores del Ej\u00e9rcito de la Rep\u00fablica Dominicana en la Fortaleza de Constanza. El presidente Luis Abinader encabezar\u00e1 este fin de semana una amplia jornada de inauguraciones en el Gran Santo Domingo y en el municipio de Constanza, provincia La Vega, como parte de\u2026","rel":"","context":"En \u00abNACIONALES\u00bb","block_context":{"text":"NACIONALES","link":"https:\/\/lasprimeras.com.do\/index.php\/category\/nacionales\/"},"img":{"alt_text":"","src":"https:\/\/i0.wp.com\/lasprimeras.com.do\/wp-content\/uploads\/2025\/09\/Luis-Abinader-1-2.jpg?resize=350%2C200&ssl=1","width":350,"height":200,"srcset":"https:\/\/i0.wp.com\/lasprimeras.com.do\/wp-content\/uploads\/2025\/09\/Luis-Abinader-1-2.jpg?resize=350%2C200&ssl=1 1x, https:\/\/i0.wp.com\/lasprimeras.com.do\/wp-content\/uploads\/2025\/09\/Luis-Abinader-1-2.jpg?resize=525%2C300&ssl=1 1.5x, https:\/\/i0.wp.com\/lasprimeras.com.do\/wp-content\/uploads\/2025\/09\/Luis-Abinader-1-2.jpg?resize=700%2C400&ssl=1 2x"},"classes":[]},{"id":68456,"url":"https:\/\/lasprimeras.com.do\/index.php\/2023\/11\/24\/abinader-inaugurara-varias-obras-desde-este-viernes-al-domingo-en-4-provincias\/","url_meta":{"origin":49240,"position":3},"title":"Abinader inaugurar\u00e1 varias obras desde este viernes al domingo en 4 provincias","author":"Nelson Feliz","date":"24 de noviembre de 2023","format":false,"excerpt":"Entregar\u00e1 400 apartamentos en San Crist\u00f3bal y 400 en San Luis, adem\u00e1s otorgar\u00e1 1000 t\u00edtulos de propiedad en San Pedro de Macor\u00eds. Continuando con su programa de inauguraciones desde este viernes 24 al domingo 26, el presidente Luis Abinader entregar\u00e1 varias obras para mejorar la calidad de vida de los\u2026","rel":"","context":"En \u00abNACIONALES\u00bb","block_context":{"text":"NACIONALES","link":"https:\/\/lasprimeras.com.do\/index.php\/category\/nacionales\/"},"img":{"alt_text":"Luis Abinader","src":"https:\/\/i0.wp.com\/lasprimeras.com.do\/wp-content\/uploads\/2023\/11\/Luis-Abinader-7.jpg?resize=350%2C200&ssl=1","width":350,"height":200,"srcset":"https:\/\/i0.wp.com\/lasprimeras.com.do\/wp-content\/uploads\/2023\/11\/Luis-Abinader-7.jpg?resize=350%2C200&ssl=1 1x, https:\/\/i0.wp.com\/lasprimeras.com.do\/wp-content\/uploads\/2023\/11\/Luis-Abinader-7.jpg?resize=525%2C300&ssl=1 1.5x, https:\/\/i0.wp.com\/lasprimeras.com.do\/wp-content\/uploads\/2023\/11\/Luis-Abinader-7.jpg?resize=700%2C400&ssl=1 2x"},"classes":[]},{"id":103219,"url":"https:\/\/lasprimeras.com.do\/index.php\/2025\/07\/13\/abinader-supervisa-obra-en-sde-y-entrega-72-apartamentos-en-boca-chica\/","url_meta":{"origin":49240,"position":4},"title":"Abinader supervisa obra en SDE y entrega 72 apartamentos en Boca Chica","author":"Nelson Feliz","date":"13 de julio de 2025","format":false,"excerpt":"El presidente Luis Abinader supervis\u00f3 este domingo los avances de la tercera etapa de la avenida Ecol\u00f3gica, una obra vial que busca mejorar la conectividad y el flujo vehicular en la zona oriental del Gran Santo Domingo. La obra, ejecutada por el Gobierno a trav\u00e9s del Ministerio de Obras P\u00fablicas\u2026","rel":"","context":"En \u00abNACIONALES\u00bb","block_context":{"text":"NACIONALES","link":"https:\/\/lasprimeras.com.do\/index.php\/category\/nacionales\/"},"img":{"alt_text":"","src":"https:\/\/i0.wp.com\/lasprimeras.com.do\/wp-content\/uploads\/2025\/07\/Abinader-BC.jpg?resize=350%2C200&ssl=1","width":350,"height":200,"srcset":"https:\/\/i0.wp.com\/lasprimeras.com.do\/wp-content\/uploads\/2025\/07\/Abinader-BC.jpg?resize=350%2C200&ssl=1 1x, https:\/\/i0.wp.com\/lasprimeras.com.do\/wp-content\/uploads\/2025\/07\/Abinader-BC.jpg?resize=525%2C300&ssl=1 1.5x, https:\/\/i0.wp.com\/lasprimeras.com.do\/wp-content\/uploads\/2025\/07\/Abinader-BC.jpg?resize=700%2C400&ssl=1 2x"},"classes":[]},{"id":113243,"url":"https:\/\/lasprimeras.com.do\/index.php\/2025\/10\/30\/abinader-visitara-san-jose-de-ocoa-barahona-san-juan-duarte-y-el-municipio-de-santo-domingo-norte\/","url_meta":{"origin":49240,"position":5},"title":"Abinader visitar\u00e1 San Jos\u00e9 de Ocoa, Barahona, San Juan, Duarte y el municipio de Santo Domingo Norte","author":"Nelson Feliz","date":"30 de octubre de 2025","format":false,"excerpt":"El presidente Luis Abinader desarrollar\u00e1 desde este viernes hasta el domingo una intensa agenda de trabajo en varias provincias del pa\u00eds, incluyendo San Jos\u00e9 de Ocoa, Barahona, Santo Domingo, San Juan y Duarte, donde inaugurar\u00e1 obras de infraestructura, visitar\u00e1 proyectos productivos y culturales, y sostendr\u00e1 encuentros con autoridades, estudiantes y\u2026","rel":"","context":"En \u00abNACIONALES\u00bb","block_context":{"text":"NACIONALES","link":"https:\/\/lasprimeras.com.do\/index.php\/category\/nacionales\/"},"img":{"alt_text":"","src":"https:\/\/i0.wp.com\/lasprimeras.com.do\/wp-content\/uploads\/2025\/10\/Luis-Abinader-12.jpg?resize=350%2C200&ssl=1","width":350,"height":200,"srcset":"https:\/\/i0.wp.com\/lasprimeras.com.do\/wp-content\/uploads\/2025\/10\/Luis-Abinader-12.jpg?resize=350%2C200&ssl=1 1x, https:\/\/i0.wp.com\/lasprimeras.com.do\/wp-content\/uploads\/2025\/10\/Luis-Abinader-12.jpg?resize=525%2C300&ssl=1 1.5x, https:\/\/i0.wp.com\/lasprimeras.com.do\/wp-content\/uploads\/2025\/10\/Luis-Abinader-12.jpg?resize=700%2C400&ssl=1 2x"},"classes":[]}],"jetpack_sharing_enabled":true,"_links":{"self":[{"href":"https:\/\/lasprimeras.com.do\/index.php\/wp-json\/wp\/v2\/posts\/49240","targetHints":{"allow":["GET"]}}],"collection":[{"href":"https:\/\/lasprimeras.com.do\/index.php\/wp-json\/wp\/v2\/posts"}],"about":[{"href":"https:\/\/lasprimeras.com.do\/index.php\/wp-json\/wp\/v2\/types\/post"}],"author":[{"embeddable":true,"href":"https:\/\/lasprimeras.com.do\/index.php\/wp-json\/wp\/v2\/users\/1"}],"replies":[{"embeddable":true,"href":"https:\/\/lasprimeras.com.do\/index.php\/wp-json\/wp\/v2\/comments?post=49240"}],"version-history":[{"count":0,"href":"https:\/\/lasprimeras.com.do\/index.php\/wp-json\/wp\/v2\/posts\/49240\/revisions"}],"wp:featuredmedia":[{"embeddable":true,"href":"https:\/\/lasprimeras.com.do\/index.php\/wp-json\/"}],"wp:attachment":[{"href":"https:\/\/lasprimeras.com.do\/index.php\/wp-json\/wp\/v2\/media?parent=49240"}],"wp:term":[{"taxonomy":"category","embeddable":true,"href":"https:\/\/lasprimeras.com.do\/index.php\/wp-json\/wp\/v2\/categories?post=49240"},{"taxonomy":"post_tag","embeddable":true,"href":"https:\/\/lasprimeras.com.do\/index.php\/wp-json\/wp\/v2\/tags?post=49240"}],"curies":[{"name":"wp","href":"https:\/\/api.w.org\/{rel}","templated":true}]}}