{"id":49248,"date":"2023-05-09T20:11:38","date_gmt":"2023-05-10T00:11:38","guid":{"rendered":"https:\/\/atento.com.do\/?p=49248"},"modified":"2023-05-09T20:11:38","modified_gmt":"2023-05-10T00:11:38","slug":"hallan-restos-hombre-enterrado-en-patio-estaba-desaparecido","status":"publish","type":"post","link":"https:\/\/lasprimeras.com.do\/index.php\/2023\/05\/09\/hallan-restos-hombre-enterrado-en-patio-estaba-desaparecido\/","title":{"rendered":"Hallan restos hombre enterrado en patio; estaba desaparecido"},"content":{"rendered":"\n<p>LA VEGA.- Fue encontrado la tarde de este martes los restos de un hombre dentro de una maleta y enterrado en el patio de una casa, en el sector Villa Francisca.<\/p>\n\n\n\n<p>La v\u00edctima es Fausto Reyes, quien hab\u00eda sido reportado como desaparecido desde hace cinco d\u00edas. Previo al hallazgo el carro del fallecido fue encontrado abandonado en la carretera La Vega-Jarabacoa, tramo Bayacanes, seg\u00fan publicaci\u00f3n de Diario Libre.<\/p>\n","protected":false},"excerpt":{"rendered":"<p>LA VEGA.- Fue encontrado la tarde de este martes los restos de un hombre dentro de una maleta y enterrado en el patio de una casa, en el sector Villa&hellip;<\/p>\n","protected":false},"author":1,"featured_media":49249,"comment_status":"open","ping_status":"open","sticky":false,"template":"","format":"standard","meta":{"content-type":"","jetpack_post_was_ever_published":false,"_jetpack_newsletter_access":"","_jetpack_dont_email_post_to_subs":false,"_jetpack_newsletter_tier_id":0,"_jetpack_memberships_contains_paywalled_content":false,"_jetpack_memberships_contains_paid_content":false,"footnotes":""},"categories":[1],"tags":[],"class_list":["post-49248","post","type-post","status-publish","format-standard","has-post-thumbnail","hentry","category-sin-categoria"],"jetpack_featured_media_url":"","jetpack-related-posts":[{"id":93144,"url":"https:\/\/lasprimeras.com.do\/index.php\/2025\/01\/26\/desde-el-rincon-de-los-muertos-miles-de-peruanos-aun-buscan-a-desaparecidos-en-los-80\/","url_meta":{"origin":49248,"position":0},"title":"Desde el \u2018rinc\u00f3n de los muertos\u2019, miles de peruanos a\u00fan buscan a desaparecidos en los 80","author":"Nelson Feliz","date":"26 de enero de 2025","format":false,"excerpt":"POR MAR\u00cdA TERESA HERN\u00c1NDEZ AYACUCHO, Per\u00fa (AP) \u2014 Lo m\u00e1s sencillo habr\u00eda sido soltar. Cambiar las flores de la tumba de su marido y sentirse confortada por haber vuelto a tocar sus huesos en un pa\u00eds en el que 20.000 personas desaparecieron entre 1980 y el a\u00f1o 2000. Lidia Flores,\u2026","rel":"","context":"En \u00abINTERNACIONALES\u00bb","block_context":{"text":"INTERNACIONALES","link":"https:\/\/lasprimeras.com.do\/index.php\/category\/sin-categoria\/internacionales\/"},"img":{"alt_text":"","src":"https:\/\/i0.wp.com\/lasprimeras.com.do\/wp-content\/uploads\/2025\/01\/PERUANOS.jpg?resize=350%2C200&ssl=1","width":350,"height":200,"srcset":"https:\/\/i0.wp.com\/lasprimeras.com.do\/wp-content\/uploads\/2025\/01\/PERUANOS.jpg?resize=350%2C200&ssl=1 1x, https:\/\/i0.wp.com\/lasprimeras.com.do\/wp-content\/uploads\/2025\/01\/PERUANOS.jpg?resize=525%2C300&ssl=1 1.5x, https:\/\/i0.wp.com\/lasprimeras.com.do\/wp-content\/uploads\/2025\/01\/PERUANOS.jpg?resize=700%2C400&ssl=1 2x, https:\/\/i0.wp.com\/lasprimeras.com.do\/wp-content\/uploads\/2025\/01\/PERUANOS.jpg?resize=1050%2C600&ssl=1 3x"},"classes":[]},{"id":49482,"url":"https:\/\/lasprimeras.com.do\/index.php\/2023\/05\/09\/la-vega-encuentran-cuerpo-sin-vida-de-persona-reportada-como-desaparecida\/","url_meta":{"origin":49248,"position":1},"title":"La Vega: Encuentran cuerpo sin vida de persona reportada como desaparecida","author":"prenxa100","date":"9 de mayo de 2023","format":false,"excerpt":"-Por este hecho est\u00e1n detenidos un supuesto amigo y un empleado de la v\u00edctima. La Vega.-. Agentes policiales, adscritos a la Direcci\u00f3n Central de Investigaci\u00f3n (DICRIM), detuvieron a dos personas vinculadas a la muerte de Fausto Reyes Tejada, dominicano de 51 a\u00f1os, residente en el sector Bayacanes, municipio y provincia\u2026","rel":"","context":"En \u00abNACIONALES\u00bb","block_context":{"text":"NACIONALES","link":"https:\/\/lasprimeras.com.do\/index.php\/category\/nacionales\/"},"img":{"alt_text":"","src":"https:\/\/i0.wp.com\/atento.com.do\/wp-content\/uploads\/2023\/05\/WhatsApp-Image-2023-05-10-at-10.21.44-AM-1.jpeg?resize=350%2C200&ssl=1","width":350,"height":200,"srcset":"https:\/\/i0.wp.com\/atento.com.do\/wp-content\/uploads\/2023\/05\/WhatsApp-Image-2023-05-10-at-10.21.44-AM-1.jpeg?resize=350%2C200&ssl=1 1x, https:\/\/i0.wp.com\/atento.com.do\/wp-content\/uploads\/2023\/05\/WhatsApp-Image-2023-05-10-at-10.21.44-AM-1.jpeg?resize=525%2C300&ssl=1 1.5x"},"classes":[]},{"id":53699,"url":"https:\/\/lasprimeras.com.do\/index.php\/2023\/06\/30\/policia-hombre-asesinado-a-balazos-en-el-patio-de-una-casa-en-tampa\/","url_meta":{"origin":49248,"position":2},"title":"Polic\u00eda: hombre asesinado a balazos en el patio de una casa en Tampa","author":"Nelson Feliz","date":"30 de junio de 2023","format":false,"excerpt":"Por Rachel Tucker TAMPA, Fla. (WFLA) \u2013 La polic\u00eda de Tampa est\u00e1 investigando un tiroteo fatal que ocurri\u00f3 el viernes por la ma\u00f1ana. A las 8:38 a.m., la polic\u00eda fue llamada a una casa en 13th St. N., dentro de un vecindario al oeste de la intersecci\u00f3n de Busch Blvd.\u2026","rel":"","context":"En \u00abSin categor\u00eda\u00bb","block_context":{"text":"Sin categor\u00eda","link":"https:\/\/lasprimeras.com.do\/index.php\/category\/sin-categoria\/"},"img":{"alt_text":"","src":"https:\/\/i0.wp.com\/lasprimeras.com.do\/wp-content\/uploads\/2023\/06\/Policia.jpg?resize=350%2C200&ssl=1","width":350,"height":200},"classes":[]},{"id":93148,"url":"https:\/\/lasprimeras.com.do\/index.php\/2025\/01\/26\/lo-que-hay-que-saber-miles-buscan-a-desaparecidos-desde-hace-decadas-en-peru-colombia-y-paraguay\/","url_meta":{"origin":49248,"position":3},"title":"Lo que hay que saber: miles buscan a desaparecidos desde hace d\u00e9cadas en Per\u00fa, Colombia y Paraguay","author":"Nelson Feliz","date":"26 de enero de 2025","format":false,"excerpt":"POR MAR\u00cdA TERESA HERN\u00c1NDEZ Miles han desaparecido en Am\u00e9rica Latina en las \u00faltimas d\u00e9cadas. V\u00edctimas de dictaduras, guerrillas y crimen organizado, sus familiares los buscan incansablemente a pesar del desinter\u00e9s de sus gobiernos y muchos de sus connacionales. Quiz\u00e1 los casos que han ganado mayor visibilidad en la regi\u00f3n han\u2026","rel":"","context":"En \u00abINTERNACIONALES\u00bb","block_context":{"text":"INTERNACIONALES","link":"https:\/\/lasprimeras.com.do\/index.php\/category\/sin-categoria\/internacionales\/"},"img":{"alt_text":"","src":"https:\/\/i0.wp.com\/lasprimeras.com.do\/wp-content\/uploads\/2025\/01\/desaparecidos-1.jpg?resize=350%2C200&ssl=1","width":350,"height":200,"srcset":"https:\/\/i0.wp.com\/lasprimeras.com.do\/wp-content\/uploads\/2025\/01\/desaparecidos-1.jpg?resize=350%2C200&ssl=1 1x, https:\/\/i0.wp.com\/lasprimeras.com.do\/wp-content\/uploads\/2025\/01\/desaparecidos-1.jpg?resize=525%2C300&ssl=1 1.5x, https:\/\/i0.wp.com\/lasprimeras.com.do\/wp-content\/uploads\/2025\/01\/desaparecidos-1.jpg?resize=700%2C400&ssl=1 2x"},"classes":[]},{"id":94824,"url":"https:\/\/lasprimeras.com.do\/index.php\/2025\/03\/06\/avalancha-entierra-a-tres-esquiadores-en-alaska-no-creen-encontrarlos-vivos\/","url_meta":{"origin":49248,"position":4},"title":"Avalancha entierra a tres esquiadores en Alaska: no creen encontrarlos vivos","author":"Nelson Feliz","date":"6 de marzo de 2025","format":false,"excerpt":"Los esquiadores volaron en un helic\u00f3ptero hasta la monta\u00f1a, pero la avalancha los sorprendi\u00f3. Las autoridades a\u00fan no los encuentran. El Departamento de Seguridad P\u00fablica de Alaska inform\u00f3 que tres esquiadores fueron enterrados por una avalancha cuando se encontraban en la monta\u00f1a Chugach, cerca de la comunidad de esqu\u00ed de\u2026","rel":"","context":"En \u00abINTERNACIONALES\u00bb","block_context":{"text":"INTERNACIONALES","link":"https:\/\/lasprimeras.com.do\/index.php\/category\/sin-categoria\/internacionales\/"},"img":{"alt_text":"","src":"https:\/\/i0.wp.com\/lasprimeras.com.do\/wp-content\/uploads\/2025\/03\/esquiadores.png?resize=350%2C200&ssl=1","width":350,"height":200,"srcset":"https:\/\/i0.wp.com\/lasprimeras.com.do\/wp-content\/uploads\/2025\/03\/esquiadores.png?resize=350%2C200&ssl=1 1x, https:\/\/i0.wp.com\/lasprimeras.com.do\/wp-content\/uploads\/2025\/03\/esquiadores.png?resize=525%2C300&ssl=1 1.5x, https:\/\/i0.wp.com\/lasprimeras.com.do\/wp-content\/uploads\/2025\/03\/esquiadores.png?resize=700%2C400&ssl=1 2x"},"classes":[]},{"id":93141,"url":"https:\/\/lasprimeras.com.do\/index.php\/2025\/01\/26\/codo-a-codo-muchos-dejan-atras-enemistades-y-buscan-juntos-a-los-desaparecidos-de-colombia\/","url_meta":{"origin":49248,"position":5},"title":"Codo a codo, muchos dejan atr\u00e1s enemistades y buscan juntos a los desaparecidos de Colombia","author":"Nelson Feliz","date":"26 de enero de 2025","format":false,"excerpt":"POR MAR\u00cdA TERESA HERN\u00c1NDEZ CALI, Colombia (AP) \u2014 De tanto en tanto, Gustavo Arbel\u00e1ez encara a colombianos que sufrieron a causa de las Fuerzas Armadas Revolucionarias de Colombia (FARC), la poderosa guerrilla de la que form\u00f3 parte durante el conflicto armado que se extendi\u00f3 por cinco d\u00e9cadas en su pa\u00eds.\u2026","rel":"","context":"En \u00abINTERNACIONALES\u00bb","block_context":{"text":"INTERNACIONALES","link":"https:\/\/lasprimeras.com.do\/index.php\/category\/sin-categoria\/internacionales\/"},"img":{"alt_text":"","src":"https:\/\/i0.wp.com\/lasprimeras.com.do\/wp-content\/uploads\/2025\/01\/desaparecidos.jpg?resize=350%2C200&ssl=1","width":350,"height":200,"srcset":"https:\/\/i0.wp.com\/lasprimeras.com.do\/wp-content\/uploads\/2025\/01\/desaparecidos.jpg?resize=350%2C200&ssl=1 1x, https:\/\/i0.wp.com\/lasprimeras.com.do\/wp-content\/uploads\/2025\/01\/desaparecidos.jpg?resize=525%2C300&ssl=1 1.5x, https:\/\/i0.wp.com\/lasprimeras.com.do\/wp-content\/uploads\/2025\/01\/desaparecidos.jpg?resize=700%2C400&ssl=1 2x"},"classes":[]}],"jetpack_sharing_enabled":true,"_links":{"self":[{"href":"https:\/\/lasprimeras.com.do\/index.php\/wp-json\/wp\/v2\/posts\/49248","targetHints":{"allow":["GET"]}}],"collection":[{"href":"https:\/\/lasprimeras.com.do\/index.php\/wp-json\/wp\/v2\/posts"}],"about":[{"href":"https:\/\/lasprimeras.com.do\/index.php\/wp-json\/wp\/v2\/types\/post"}],"author":[{"embeddable":true,"href":"https:\/\/lasprimeras.com.do\/index.php\/wp-json\/wp\/v2\/users\/1"}],"replies":[{"embeddable":true,"href":"https:\/\/lasprimeras.com.do\/index.php\/wp-json\/wp\/v2\/comments?post=49248"}],"version-history":[{"count":0,"href":"https:\/\/lasprimeras.com.do\/index.php\/wp-json\/wp\/v2\/posts\/49248\/revisions"}],"wp:featuredmedia":[{"embeddable":true,"href":"https:\/\/lasprimeras.com.do\/index.php\/wp-json\/"}],"wp:attachment":[{"href":"https:\/\/lasprimeras.com.do\/index.php\/wp-json\/wp\/v2\/media?parent=49248"}],"wp:term":[{"taxonomy":"category","embeddable":true,"href":"https:\/\/lasprimeras.com.do\/index.php\/wp-json\/wp\/v2\/categories?post=49248"},{"taxonomy":"post_tag","embeddable":true,"href":"https:\/\/lasprimeras.com.do\/index.php\/wp-json\/wp\/v2\/tags?post=49248"}],"curies":[{"name":"wp","href":"https:\/\/api.w.org\/{rel}","templated":true}]}}