{"id":49251,"date":"2023-05-09T20:40:32","date_gmt":"2023-05-10T00:40:32","guid":{"rendered":"https:\/\/atento.com.do\/?p=49251"},"modified":"2023-05-09T20:40:32","modified_gmt":"2023-05-10T00:40:32","slug":"migracion-cambia-certificacion-de-permiso-salida-de-menor-en-tasa-pago-en-br","status":"publish","type":"post","link":"https:\/\/lasprimeras.com.do\/index.php\/2023\/05\/09\/migracion-cambia-certificacion-de-permiso-salida-de-menor-en-tasa-pago-en-br\/","title":{"rendered":"Migraci\u00f3n cambia &#8220;Certificaci\u00f3n de Permiso Salida de Menor&#8221; en tasa pago en BR"},"content":{"rendered":"\n<p><strong>Santo Domingo, RD.-<\/strong> La Direcci\u00f3n General de Migraci\u00f3n, inform\u00f3 a la poblaci\u00f3n de los cambios realizados en el requisito de la &#8220;Certificaci\u00f3n de Permiso de Salida del pa\u00eds para menores&#8221; en la tasa de pago en el Banco de Reservas.<\/p>\n\n\n\n<p>A trav\u00e9s de una nota de prensa, la instituci\u00f3n explic\u00f3 que el pago de la tasa en el Banco de Reservas deber\u00e1 realizarse a nombre de uno de los padres o tutor del menor, quienes deben fungir legalmente como solicitantes del servicio.<\/p>\n\n\n\n<p>Precis\u00f3 adem\u00e1s, que la disposici\u00f3n no conlleva aumento del pago de la tasa, ni documentos adicionales para acogerse al proceso a la hora de solicitar el servicio.<\/p>\n\n\n\n<p>La Direcci\u00f3n General de Migraci\u00f3n inform\u00f3 tambi\u00e9n, que la medida ser\u00e1 efectiva a partir del pr\u00f3ximo 01 de junio del 2023, con el prop\u00f3sito de dar tiempo a la ciudadan\u00eda a que se entere de la nueva medida, que busca brindar un servicio de calidad, m\u00e1s oportuno y eficaz.<\/p>\n\n\n\n<p>Precis\u00f3, que aparte de dar a conocer los cambios a trav\u00e9s de los distintos medios de comunicaci\u00f3n la informaci\u00f3n, mantendr\u00e1n una activa campa\u00f1a de informaci\u00f3n a trav\u00e9s de las distintas plataformas de redes sociales de la instituci\u00f3n.<\/p>\n","protected":false},"excerpt":{"rendered":"<p>Santo Domingo, RD.- La Direcci\u00f3n General de Migraci\u00f3n, inform\u00f3 a la poblaci\u00f3n de los cambios realizados en el requisito de la &#8220;Certificaci\u00f3n de Permiso de Salida del pa\u00eds para menores&#8221;&hellip;<\/p>\n","protected":false},"author":1,"featured_media":49252,"comment_status":"open","ping_status":"open","sticky":false,"template":"","format":"standard","meta":{"content-type":"","jetpack_post_was_ever_published":false,"_jetpack_newsletter_access":"","_jetpack_dont_email_post_to_subs":false,"_jetpack_newsletter_tier_id":0,"_jetpack_memberships_contains_paywalled_content":false,"_jetpack_memberships_contains_paid_content":false,"footnotes":""},"categories":[35],"tags":[930],"class_list":["post-49251","post","type-post","status-publish","format-standard","has-post-thumbnail","hentry","category-nacionales","tag-migracion"],"jetpack_featured_media_url":"","jetpack-related-posts":[{"id":85032,"url":"https:\/\/lasprimeras.com.do\/index.php\/2024\/06\/21\/migracion-exhorta-a-ciudadanos-sacar-a-tiempo-permisos-a-menores-para-viajar\/","url_meta":{"origin":49251,"position":0},"title":"Migraci\u00f3n exhorta a ciudadanos sacar a tiempo permisos a menores para viajar","author":"Nelson Feliz","date":"21 de junio de 2024","format":false,"excerpt":"\u00a0Ese documento dura 90 d\u00edas de vigencia. La Direcci\u00f3n General de Migraci\u00f3n (DGM) recomienda a la ciudadan\u00eda a sacar a tiempo la certificaci\u00f3n de autorizaci\u00f3n de viaje a los menores de edad.\u00a0 Con el fin de que el ciudadano evite largas filas, congestionamiento del sistema y pueda tener su permiso\u2026","rel":"","context":"En \u00abNACIONALES\u00bb","block_context":{"text":"NACIONALES","link":"https:\/\/lasprimeras.com.do\/index.php\/category\/nacionales\/"},"img":{"alt_text":"","src":"https:\/\/i0.wp.com\/lasprimeras.com.do\/wp-content\/uploads\/2024\/06\/Migracion.jpg?resize=350%2C200&ssl=1","width":350,"height":200,"srcset":"https:\/\/i0.wp.com\/lasprimeras.com.do\/wp-content\/uploads\/2024\/06\/Migracion.jpg?resize=350%2C200&ssl=1 1x, https:\/\/i0.wp.com\/lasprimeras.com.do\/wp-content\/uploads\/2024\/06\/Migracion.jpg?resize=525%2C300&ssl=1 1.5x"},"classes":[]},{"id":61555,"url":"https:\/\/lasprimeras.com.do\/index.php\/2023\/09\/24\/migracion-envio-a-mp-denuncia-de-mujer-haitiana-de-que-fue-violada-en-el-aila\/","url_meta":{"origin":49251,"position":1},"title":"Migraci\u00f3n envi\u00f3 a MP denuncia de mujer haitiana de que fue violada en el Aila","author":"Nelson Feliz","date":"24 de septiembre de 2023","format":false,"excerpt":"Migraci\u00f3n tambi\u00e9n dijo que la dama intent\u00f3 viajar, junto a un menor de edad, a Nicaragua con una visa falsa. La Direcci\u00f3n General de Migraci\u00f3n (DGM) inform\u00f3 este domingo que procedi\u00f3 a tramitar la denuncia al Ministerio P\u00fablico de una ciudadana haitiana que denunci\u00f3 que fue violada sexualmente en el\u2026","rel":"","context":"En \u00abNACIONALES\u00bb","block_context":{"text":"NACIONALES","link":"https:\/\/lasprimeras.com.do\/index.php\/category\/nacionales\/"},"img":{"alt_text":"","src":"https:\/\/i0.wp.com\/lasprimeras.com.do\/wp-content\/uploads\/2023\/09\/aila.jpg?resize=350%2C200&ssl=1","width":350,"height":200,"srcset":"https:\/\/i0.wp.com\/lasprimeras.com.do\/wp-content\/uploads\/2023\/09\/aila.jpg?resize=350%2C200&ssl=1 1x, https:\/\/i0.wp.com\/lasprimeras.com.do\/wp-content\/uploads\/2023\/09\/aila.jpg?resize=525%2C300&ssl=1 1.5x, https:\/\/i0.wp.com\/lasprimeras.com.do\/wp-content\/uploads\/2023\/09\/aila.jpg?resize=700%2C400&ssl=1 2x"},"classes":[]},{"id":91755,"url":"https:\/\/lasprimeras.com.do\/index.php\/2024\/12\/01\/dgm-y-jce-coordinan-medidas-para-facilitar-el-control-migratorio-en-los-aeropuertos\/","url_meta":{"origin":49251,"position":2},"title":"DGM y JCE coordinan medidas para facilitar el control migratorio en los aeropuertos","author":"Nelson Feliz","date":"1 de diciembre de 2024","format":false,"excerpt":"El director general de Migraci\u00f3n y el presidente de la Junta Central Electoral se reunieron para coordinar medidas que permitan optimizar los procedimientos de control migratorio, y facilitar la salida de pasajeros dominicanos por los aeropuertos. El titular de la DGM, vicealmirante Luis Rafael Lee Ballester y el magistrado Rom\u00e1n\u2026","rel":"","context":"En \u00abNACIONALES\u00bb","block_context":{"text":"NACIONALES","link":"https:\/\/lasprimeras.com.do\/index.php\/category\/nacionales\/"},"img":{"alt_text":"El vicealmirante Luis Rafael Lee Ballester, titular de la DGM, y el magistrado Rom\u00e1n Andr\u00e9s J\u00e1quez Liranzo","src":"https:\/\/i0.wp.com\/lasprimeras.com.do\/wp-content\/uploads\/2024\/12\/WhatsApp-Image-2024-12-01-at-12.53.43-PM.jpeg?resize=350%2C200&ssl=1","width":350,"height":200,"srcset":"https:\/\/i0.wp.com\/lasprimeras.com.do\/wp-content\/uploads\/2024\/12\/WhatsApp-Image-2024-12-01-at-12.53.43-PM.jpeg?resize=350%2C200&ssl=1 1x, https:\/\/i0.wp.com\/lasprimeras.com.do\/wp-content\/uploads\/2024\/12\/WhatsApp-Image-2024-12-01-at-12.53.43-PM.jpeg?resize=525%2C300&ssl=1 1.5x, https:\/\/i0.wp.com\/lasprimeras.com.do\/wp-content\/uploads\/2024\/12\/WhatsApp-Image-2024-12-01-at-12.53.43-PM.jpeg?resize=700%2C400&ssl=1 2x"},"classes":[]},{"id":121939,"url":"https:\/\/lasprimeras.com.do\/index.php\/2026\/02\/11\/dgm-emite-2263-permisos-de-salida-de-menores-en-enero-de-2026\/","url_meta":{"origin":49251,"position":3},"title":"DGM emite 2,263 permisos de salida de menores en enero de 2026","author":"Nelson Feliz","date":"11 de febrero de 2026","format":false,"excerpt":"La Direcci\u00f3n General de Migraci\u00f3n (DGM) inform\u00f3 que durante el mes de enero de 2026 se emitieron 2,263 permisos de salida de menores, beneficiando a un total de 2,676 ni\u00f1os, ni\u00f1as y adolescentes que viajaron fuera del territorio nacional. Estas certificaciones forman parte de los mecanismos de control y protecci\u00f3n\u2026","rel":"","context":"En \u00abNACIONALES\u00bb","block_context":{"text":"NACIONALES","link":"https:\/\/lasprimeras.com.do\/index.php\/category\/nacionales\/"},"img":{"alt_text":"","src":"https:\/\/i0.wp.com\/lasprimeras.com.do\/wp-content\/uploads\/2026\/02\/migra.jpg?resize=350%2C200&ssl=1","width":350,"height":200,"srcset":"https:\/\/i0.wp.com\/lasprimeras.com.do\/wp-content\/uploads\/2026\/02\/migra.jpg?resize=350%2C200&ssl=1 1x, https:\/\/i0.wp.com\/lasprimeras.com.do\/wp-content\/uploads\/2026\/02\/migra.jpg?resize=525%2C300&ssl=1 1.5x"},"classes":[]},{"id":83657,"url":"https:\/\/lasprimeras.com.do\/index.php\/2024\/05\/22\/mp-sometera-frances-acusado-de-estafar-a-compatriota\/","url_meta":{"origin":49251,"position":4},"title":"MP someter\u00e1\u00a0 franc\u00e9s acusado de estafar a compatriota\u00a0","author":"Nelson Feliz","date":"22 de mayo de 2024","format":false,"excerpt":"Un ciudadano franc\u00e9s alter\u00f3 un documento de Migraci\u00f3n y cobr\u00f3 a su compatriota 134 mil pesos El\u00a0Ministerio P\u00fablico\u00a0conocer\u00e1 medida de coerci\u00f3n contra un franc\u00e9s que estaf\u00f3 a una compatriota suya, falsificando un documento de la Direcci\u00f3n General de Migraci\u00f3n (DGM) para simular que era un cobro de la instituci\u00f3n.\u00a0 A\u2026","rel":"","context":"En \u00abJUSTICIA\u00bb","block_context":{"text":"JUSTICIA","link":"https:\/\/lasprimeras.com.do\/index.php\/category\/justicia\/"},"img":{"alt_text":"","src":"","width":0,"height":0},"classes":[]},{"id":51908,"url":"https:\/\/lasprimeras.com.do\/index.php\/2023\/06\/05\/director-migracion-investigara-incidente-entre-agentes-y-menor-de-edad\/","url_meta":{"origin":49251,"position":5},"title":"Director Migraci\u00f3n investigar\u00e1 incidente entre agentes y menor de edad","author":"prenxa100","date":"5 de junio de 2023","format":false,"excerpt":"Director de Migraci\u00f3n asegur\u00f3 que habr\u00e1 sanciones muy dr\u00e1sticas. El Director General de Migraci\u00f3n (DGM), Venancio Alc\u00e1ntara, dispuso una investigaci\u00f3n con relaci\u00f3n al incidente que involucra a un menor de edad, donde supuestamente fue detenida la madre y esta sujeta al infante en la unidad de traslado para evitar ser\u2026","rel":"","context":"En \u00abNACIONALES\u00bb","block_context":{"text":"NACIONALES","link":"https:\/\/lasprimeras.com.do\/index.php\/category\/nacionales\/"},"img":{"alt_text":"","src":"","width":0,"height":0},"classes":[]}],"jetpack_sharing_enabled":true,"_links":{"self":[{"href":"https:\/\/lasprimeras.com.do\/index.php\/wp-json\/wp\/v2\/posts\/49251","targetHints":{"allow":["GET"]}}],"collection":[{"href":"https:\/\/lasprimeras.com.do\/index.php\/wp-json\/wp\/v2\/posts"}],"about":[{"href":"https:\/\/lasprimeras.com.do\/index.php\/wp-json\/wp\/v2\/types\/post"}],"author":[{"embeddable":true,"href":"https:\/\/lasprimeras.com.do\/index.php\/wp-json\/wp\/v2\/users\/1"}],"replies":[{"embeddable":true,"href":"https:\/\/lasprimeras.com.do\/index.php\/wp-json\/wp\/v2\/comments?post=49251"}],"version-history":[{"count":0,"href":"https:\/\/lasprimeras.com.do\/index.php\/wp-json\/wp\/v2\/posts\/49251\/revisions"}],"wp:featuredmedia":[{"embeddable":true,"href":"https:\/\/lasprimeras.com.do\/index.php\/wp-json\/"}],"wp:attachment":[{"href":"https:\/\/lasprimeras.com.do\/index.php\/wp-json\/wp\/v2\/media?parent=49251"}],"wp:term":[{"taxonomy":"category","embeddable":true,"href":"https:\/\/lasprimeras.com.do\/index.php\/wp-json\/wp\/v2\/categories?post=49251"},{"taxonomy":"post_tag","embeddable":true,"href":"https:\/\/lasprimeras.com.do\/index.php\/wp-json\/wp\/v2\/tags?post=49251"}],"curies":[{"name":"wp","href":"https:\/\/api.w.org\/{rel}","templated":true}]}}