{"id":49263,"date":"2023-05-09T21:15:14","date_gmt":"2023-05-10T01:15:14","guid":{"rendered":"https:\/\/atento.com.do\/?p=49263"},"modified":"2023-05-09T21:15:14","modified_gmt":"2023-05-10T01:15:14","slug":"pnvc-celebra-50-aniversario-con-misa-de-accion-de-gracias","status":"publish","type":"post","link":"https:\/\/lasprimeras.com.do\/index.php\/2023\/05\/09\/pnvc-celebra-50-aniversario-con-misa-de-accion-de-gracias\/","title":{"rendered":"PNVC celebra 50 aniversario con misa de acci\u00f3n de gracias"},"content":{"rendered":"\n<p><strong>SANTO DOMINGO.-. <\/strong>El Partido Nacional Voluntad Ciudadana (PNVC) junto a su presidente Juan Cohen y el Comit\u00e9 Pol\u00edtico invita a toda su militancia, ciudadanos, empresarios, personalidades del \u00e1mbito pol\u00edtico y social de todo el pa\u00eds a participar en la Misa de acci\u00f3n de gracias, tras cumplir 50 a\u00f1os desde su nacimiento un 10 de mayo de 1973.<\/p>\n\n\n\n<p>La Eucarist\u00eda ser\u00e1 celebrada por Monse\u00f1or Francisco Ozoria Acosta, Arzobispo Metropolitano de Santo Domingo, este pr\u00f3ximo mi\u00e9rcoles 10 de mayo a las 10:00AM en la Catedral Primada de Am\u00e9rica.<\/p>\n\n\n\n<p>El Partido Nacional Voluntad Ciudadana, conocido por sus siglas PNVC, es una organizaci\u00f3n pol\u00edtica de ideolog\u00eda Republicana que defiende la vida, la libertad y el estado de derecho. Fue fundado el 10 de mayo del 1973 y reconocido mediante el Acta # 68 de la Junta Central Electoral el d\u00eda 27 de diciembre del a\u00f1o 1973.<\/p>\n\n\n\n<p>El PNVC, trabaja por fortalecer y mantener los nobles principios llevado a cabo por los forjadores de la Dominicanidad: Juan Pablo Duarte, Francisco del Rosario S\u00e1nchez y Ram\u00f3n Mat\u00edas Mella.<\/p>\n","protected":false},"excerpt":{"rendered":"<p>SANTO DOMINGO.-. El Partido Nacional Voluntad Ciudadana (PNVC) junto a su presidente Juan Cohen y el Comit\u00e9 Pol\u00edtico invita a toda su militancia, ciudadanos, empresarios, personalidades del \u00e1mbito pol\u00edtico y&hellip;<\/p>\n","protected":false},"author":1,"featured_media":49264,"comment_status":"open","ping_status":"open","sticky":false,"template":"","format":"standard","meta":{"content-type":"","jetpack_post_was_ever_published":false,"_jetpack_newsletter_access":"","_jetpack_dont_email_post_to_subs":false,"_jetpack_newsletter_tier_id":0,"_jetpack_memberships_contains_paywalled_content":false,"_jetpack_memberships_contains_paid_content":false,"footnotes":""},"categories":[1],"tags":[948],"class_list":["post-49263","post","type-post","status-publish","format-standard","has-post-thumbnail","hentry","category-sin-categoria","tag-pnvc"],"jetpack_featured_media_url":"","jetpack-related-posts":[{"id":62509,"url":"https:\/\/lasprimeras.com.do\/index.php\/2023\/10\/05\/jce-supervisara-y-fiscalizara-convenciones-de-organizaciones-politicas\/","url_meta":{"origin":49263,"position":0},"title":"JCE supervisar\u00e1 y fiscalizar\u00e1 convenciones de organizaciones pol\u00edticas","author":"Nelson Feliz","date":"5 de octubre de 2023","format":false,"excerpt":"La Junta Central Electoral (JCE), de conformidad con las disposiciones contenidas en la Ley 33-18 de Partidos, Agrupaciones y Movimientos Pol\u00edticos, supervisar\u00e1 y fiscalizar\u00e1 durante este mes de octubre las convenciones y asambleas de las organizaciones pol\u00edticas que escogieron esa modalidad para seleccionar sus candidatos a puestos de elecci\u00f3n popular.\u2026","rel":"","context":"En \u00abSin categor\u00eda\u00bb","block_context":{"text":"Sin categor\u00eda","link":"https:\/\/lasprimeras.com.do\/index.php\/category\/sin-categoria\/"},"img":{"alt_text":"JCE","src":"https:\/\/i0.wp.com\/lasprimeras.com.do\/wp-content\/uploads\/2023\/07\/JCE.jpg?resize=350%2C200&ssl=1","width":350,"height":200,"srcset":"https:\/\/i0.wp.com\/lasprimeras.com.do\/wp-content\/uploads\/2023\/07\/JCE.jpg?resize=350%2C200&ssl=1 1x, https:\/\/i0.wp.com\/lasprimeras.com.do\/wp-content\/uploads\/2023\/07\/JCE.jpg?resize=525%2C300&ssl=1 1.5x, https:\/\/i0.wp.com\/lasprimeras.com.do\/wp-content\/uploads\/2023\/07\/JCE.jpg?resize=700%2C400&ssl=1 2x"},"classes":[]},{"id":62721,"url":"https:\/\/lasprimeras.com.do\/index.php\/2023\/10\/06\/jce-supervisara-mas-de-centenar-de-asambleas-de-partidos-politicos\/","url_meta":{"origin":49263,"position":1},"title":"JCE supervisar\u00e1 mas de centenar de asambleas de partidos pol\u00edticos","author":"BIMARY DE JES\u00daS Matos","date":"6 de octubre de 2023","format":false,"excerpt":"Santo Domingo.- La Junta Central Electoral (JCE) inform\u00f3 este jueves de que supervisar\u00e1 y fiscalizar\u00e1 durante este mes de octubre las convenciones y asambleas de las organizaciones pol\u00edticas que escogieron esa modalidad para seleccionar sus candidatos a puestos de elecci\u00f3n popular. Este fin de semana la instituci\u00f3n supervisar\u00e1 117 asambleas\u2026","rel":"","context":"En \u00abSin categor\u00eda\u00bb","block_context":{"text":"Sin categor\u00eda","link":"https:\/\/lasprimeras.com.do\/index.php\/category\/sin-categoria\/"},"img":{"alt_text":"","src":"https:\/\/i0.wp.com\/lasprimeras.com.do\/wp-content\/uploads\/2023\/10\/WhatsApp-Image-2023-10-05-at-9.43.40-PM-14.jpeg?resize=350%2C200&ssl=1","width":350,"height":200},"classes":[]},{"id":79261,"url":"https:\/\/lasprimeras.com.do\/index.php\/2024\/03\/25\/jce-publica-resolucion-con-las-alianzas-aprobadas-para-las-elecciones-de-mayo\/","url_meta":{"origin":49263,"position":2},"title":"JCE publica resoluci\u00f3n con las alianzas aprobadas para las elecciones de mayo","author":"BIMARY DE JES\u00daS Matos","date":"25 de marzo de 2024","format":false,"excerpt":"Santo Domingo.-Ante las expectativas surgidas por las declaraciones del dirigente pelede\u00edsta Francisco Javier Garc\u00eda de que, este lunes, la alianza opositora \u201cRescate RD\u201d, conformada por los partidos Revolucionario Dominicano (PRD), de la Liberaci\u00f3n Dominicana (PLD) y Fuerza del Pueblo (FP), anunciar\u00e1 nuevos acuerdos, esto es lo que ha aprobado la\u2026","rel":"","context":"En \u00abSin categor\u00eda\u00bb","block_context":{"text":"Sin categor\u00eda","link":"https:\/\/lasprimeras.com.do\/index.php\/category\/sin-categoria\/"},"img":{"alt_text":"","src":"https:\/\/i0.wp.com\/lasprimeras.com.do\/wp-content\/uploads\/2024\/03\/1-millon-de-jovenes-votaran-en-las-elecciones-municipales-2-7.jpg?resize=350%2C200&ssl=1","width":350,"height":200,"srcset":"https:\/\/i0.wp.com\/lasprimeras.com.do\/wp-content\/uploads\/2024\/03\/1-millon-de-jovenes-votaran-en-las-elecciones-municipales-2-7.jpg?resize=350%2C200&ssl=1 1x, https:\/\/i0.wp.com\/lasprimeras.com.do\/wp-content\/uploads\/2024\/03\/1-millon-de-jovenes-votaran-en-las-elecciones-municipales-2-7.jpg?resize=525%2C300&ssl=1 1.5x, https:\/\/i0.wp.com\/lasprimeras.com.do\/wp-content\/uploads\/2024\/03\/1-millon-de-jovenes-votaran-en-las-elecciones-municipales-2-7.jpg?resize=700%2C400&ssl=1 2x"},"classes":[]},{"id":64577,"url":"https:\/\/lasprimeras.com.do\/index.php\/2023\/10\/21\/luis-leonel-y-abel-seran-proclamados-el-fin-de-semana\/","url_meta":{"origin":49263,"position":3},"title":"Luis, Leonel y Abel ser\u00e1n proclamados el fin de semana","author":"BIMARY DE JES\u00daS Matos","date":"21 de octubre de 2023","format":false,"excerpt":"Santo Domingo.-Los partidos emergentes proclamar\u00e1n las candidaturas de sus aliados y realizar\u00e1n asambleas de delegados para aprobar las candidaturas de cara al 2024. Los candidatos presidenciales Luis Abinader, Leonel Fern\u00e1ndez y Abel Mart\u00ednez ser\u00e1n proclamados candidatos presidenciales por distintos partidos este fin de semana. En el caso de Mart\u00ednez, el\u2026","rel":"","context":"En \u00abSin categor\u00eda\u00bb","block_context":{"text":"Sin categor\u00eda","link":"https:\/\/lasprimeras.com.do\/index.php\/category\/sin-categoria\/"},"img":{"alt_text":"","src":"https:\/\/i0.wp.com\/lasprimeras.com.do\/wp-content\/uploads\/2023\/10\/WhatsApp-Image-2023-10-20-at-7.27.30-PM-5.jpeg?resize=350%2C200&ssl=1","width":350,"height":200,"srcset":"https:\/\/i0.wp.com\/lasprimeras.com.do\/wp-content\/uploads\/2023\/10\/WhatsApp-Image-2023-10-20-at-7.27.30-PM-5.jpeg?resize=350%2C200&ssl=1 1x, https:\/\/i0.wp.com\/lasprimeras.com.do\/wp-content\/uploads\/2023\/10\/WhatsApp-Image-2023-10-20-at-7.27.30-PM-5.jpeg?resize=525%2C300&ssl=1 1.5x"},"classes":[]},{"id":65599,"url":"https:\/\/lasprimeras.com.do\/index.php\/2023\/10\/30\/los-partidos-justicia-social-y-el-pri-proclaman-a-abinder-como-su-candidato-presidencial\/","url_meta":{"origin":49263,"position":4},"title":"Los partidos Justicia Social y el PRI proclaman a Abinder como su candidato presidencial","author":"Nelson Feliz","date":"30 de octubre de 2023","format":false,"excerpt":"Los partidos Reformista Social Cristiano (PRSC) y Revolucionario Independiente (PRI) se convirtieron en las \u00faltimas entidades pol\u00edticas en proclamar al actual mandatario Luis Abinader como su candidato presidencial para las elecciones de mayo del pr\u00f3ximo a\u00f1o. Los reformistas seleccionaron a Abinader en el marco de la Convenci\u00f3n Nacional Ordinaria \u201cMiguel\u2026","rel":"","context":"En \u00abSin categor\u00eda\u00bb","block_context":{"text":"Sin categor\u00eda","link":"https:\/\/lasprimeras.com.do\/index.php\/category\/sin-categoria\/"},"img":{"alt_text":"Proclamaci\u00f3n de Luis Abinader como candidato presidencial del PCR","src":"https:\/\/i0.wp.com\/lasprimeras.com.do\/wp-content\/uploads\/2023\/10\/Proclamacion-de-Luis-Abinader-como-candidato-presidencial-del-PCR.jpeg?resize=350%2C200&ssl=1","width":350,"height":200,"srcset":"https:\/\/i0.wp.com\/lasprimeras.com.do\/wp-content\/uploads\/2023\/10\/Proclamacion-de-Luis-Abinader-como-candidato-presidencial-del-PCR.jpeg?resize=350%2C200&ssl=1 1x, https:\/\/i0.wp.com\/lasprimeras.com.do\/wp-content\/uploads\/2023\/10\/Proclamacion-de-Luis-Abinader-como-candidato-presidencial-del-PCR.jpeg?resize=525%2C300&ssl=1 1.5x, https:\/\/i0.wp.com\/lasprimeras.com.do\/wp-content\/uploads\/2023\/10\/Proclamacion-de-Luis-Abinader-como-candidato-presidencial-del-PCR.jpeg?resize=700%2C400&ssl=1 2x"},"classes":[]},{"id":66914,"url":"https:\/\/lasprimeras.com.do\/index.php\/2023\/11\/10\/jce-extiende-prorroga-para-que-organizaciones-politicas-para-presenten-alianzas\/","url_meta":{"origin":49263,"position":5},"title":"JCE extiende pr\u00f3rroga para que organizaciones pol\u00edticas para presenten alianzas","author":"Nelson Feliz","date":"10 de noviembre de 2023","format":false,"excerpt":"Plataforma de registro continuar\u00e1 su funcionamiento efectivo hasta el nuevo cierre. Por Martin Restituyo La Junta Central Electoral (JCE) extendi\u00f3 el plazo para el dep\u00f3sito de las solicitudes de fusiones, alianzas o coaliciones para las elecciones municipales del 18 de febrero de 2024 hasta el lunes 13 de noviembre de\u2026","rel":"","context":"En \u00abPORTADA\u00bb","block_context":{"text":"PORTADA","link":"https:\/\/lasprimeras.com.do\/index.php\/category\/portada\/"},"img":{"alt_text":"JCE","src":"https:\/\/i0.wp.com\/lasprimeras.com.do\/wp-content\/uploads\/2023\/07\/JCE.jpg?resize=350%2C200&ssl=1","width":350,"height":200,"srcset":"https:\/\/i0.wp.com\/lasprimeras.com.do\/wp-content\/uploads\/2023\/07\/JCE.jpg?resize=350%2C200&ssl=1 1x, https:\/\/i0.wp.com\/lasprimeras.com.do\/wp-content\/uploads\/2023\/07\/JCE.jpg?resize=525%2C300&ssl=1 1.5x, https:\/\/i0.wp.com\/lasprimeras.com.do\/wp-content\/uploads\/2023\/07\/JCE.jpg?resize=700%2C400&ssl=1 2x"},"classes":[]}],"jetpack_sharing_enabled":true,"_links":{"self":[{"href":"https:\/\/lasprimeras.com.do\/index.php\/wp-json\/wp\/v2\/posts\/49263","targetHints":{"allow":["GET"]}}],"collection":[{"href":"https:\/\/lasprimeras.com.do\/index.php\/wp-json\/wp\/v2\/posts"}],"about":[{"href":"https:\/\/lasprimeras.com.do\/index.php\/wp-json\/wp\/v2\/types\/post"}],"author":[{"embeddable":true,"href":"https:\/\/lasprimeras.com.do\/index.php\/wp-json\/wp\/v2\/users\/1"}],"replies":[{"embeddable":true,"href":"https:\/\/lasprimeras.com.do\/index.php\/wp-json\/wp\/v2\/comments?post=49263"}],"version-history":[{"count":0,"href":"https:\/\/lasprimeras.com.do\/index.php\/wp-json\/wp\/v2\/posts\/49263\/revisions"}],"wp:featuredmedia":[{"embeddable":true,"href":"https:\/\/lasprimeras.com.do\/index.php\/wp-json\/"}],"wp:attachment":[{"href":"https:\/\/lasprimeras.com.do\/index.php\/wp-json\/wp\/v2\/media?parent=49263"}],"wp:term":[{"taxonomy":"category","embeddable":true,"href":"https:\/\/lasprimeras.com.do\/index.php\/wp-json\/wp\/v2\/categories?post=49263"},{"taxonomy":"post_tag","embeddable":true,"href":"https:\/\/lasprimeras.com.do\/index.php\/wp-json\/wp\/v2\/tags?post=49263"}],"curies":[{"name":"wp","href":"https:\/\/api.w.org\/{rel}","templated":true}]}}