{"id":49266,"date":"2023-05-09T21:23:51","date_gmt":"2023-05-10T01:23:51","guid":{"rendered":"https:\/\/atento.com.do\/?p=49266"},"modified":"2023-05-09T21:23:51","modified_gmt":"2023-05-10T01:23:51","slug":"prd-aprueba-fecha-y-reglamento-para-convencion-de-nuevas-autoridades","status":"publish","type":"post","link":"https:\/\/lasprimeras.com.do\/index.php\/2023\/05\/09\/prd-aprueba-fecha-y-reglamento-para-convencion-de-nuevas-autoridades\/","title":{"rendered":"PRD aprueba fecha y reglamento para convenci\u00f3n de nuevas autoridades"},"content":{"rendered":"\n<p><strong>Santo Domingo. &#8211; <\/strong>La Comisi\u00f3n Pol\u00edtica del Comit\u00e9 Ejecutivo Nacional del Partido Revolucionario Dominicano (PRD) aprob\u00f3 la fecha y el reglamento para la convocatoria de la Trig\u00e9simo Octava Convenci\u00f3n Nacional Ordinaria para elegir las autoridades de la organizaci\u00f3n opositora correspondientes al per\u00edodo 2023-2027.<\/p>\n\n\n\n<p>La decisi\u00f3n se tom\u00f3 durante la reuni\u00f3n extraordinaria celebrada este martes, encabezada por las autoridades vigentes, presididas por el ingeniero Miguel Vargas, en un hotel del Distrito Nacional.<\/p>\n\n\n\n<p>La dirigencia presente acogi\u00f3 designar su Trig\u00e9simo Octava Convenci\u00f3n Nacional Ordinaria con el nombre de Jos\u00e9 Francisco Pe\u00f1a G\u00f3mez, en ocasi\u00f3n de la conmemoraci\u00f3n de los 25 a\u00f1os de su partida f\u00edsica.<\/p>\n\n\n\n<figure class=\"wp-block-image size-full\"><img decoding=\"async\" src=\"https:\/\/atento.com.do\/wp-content\/uploads\/2023\/05\/PRD-foto-PRD-3.jpg\" alt=\"\" class=\"wp-image-49268\"\/><\/figure>\n\n\n\n<p>Los perrede\u00edstas tambi\u00e9n aprobaron la resoluci\u00f3n para convocar a su convenci\u00f3n electora el pr\u00f3ximo d\u00eda 21 de este mes, en horario de 8:00 a. m. a 4:00 p. m., en el domicilio que disponga la Comisi\u00f3n de Elecciones Internas.<\/p>\n\n\n\n<p>Tambi\u00e9n establecieron que la modalidad de elecci\u00f3n de las autoridades nacionales del partido sea a trav\u00e9s de la votaci\u00f3n directa y secreta de los delegados a la Convenci\u00f3n Nacional, conforme al art\u00edculo 14 del Estatuto General del PRD.<\/p>\n\n\n\n<p>En la reuni\u00f3n se dispuso, asimismo, que dicha convenci\u00f3n ordinaria escoja a las nuevas autoridades del partido mediante la presentaci\u00f3n de candidaturas plurinominales y planchas a presidente, secretario general y secretario nacional de organizaci\u00f3n.<\/p>\n\n\n\n<p>Para la elecci\u00f3n de 21 vicepresidentes, 21 subsecretarios generales, las comisiones de Control, \u00c9tica y Disciplina, Reforma Estatutaria y Elecciones Internas se aplicar\u00e1 el principio de proporcionalidad entre las planchas que participen, sin perjuicio de lo dispuesto por los art\u00edculos 22, 48 y 51 del citado estatuto.<\/p>\n\n\n\n<p>Del mismo modo, se dispuso que el plazo para la inscripci\u00f3n de las candidaturas y planchas a la convenci\u00f3n inicie este 10 de mayo, a las 10:00 a. m. y finalice el 13 de este mes, a las 5:00 p. m.<\/p>\n\n\n\n<p>Se orden\u00f3, adem\u00e1s, a la Comisi\u00f3n de Elecciones Internas la elaboraci\u00f3n, revisi\u00f3n y publicaci\u00f3n del padr\u00f3n de delegados a la Convenci\u00f3n Nacional en la p\u00e1gina web del partido y difundir el link contentivo de ese registro en todas sus redes sociales, a partir del pr\u00f3ximo 14 de mayo de 2023. Esto as\u00ed, conforme a los art\u00edculos 14, 15, 21, 22, 48 y 51 del Estatuto General del PRD y al art\u00edculo 8 de la Ley 33-18 de Partidos, Movimientos y Agrupaciones Pol\u00edticas.<\/p>\n\n\n\n<p>La convocatoria por parte del presidente del PRD, ingeniero Miguel Vargas Maldonado, se realiz\u00f3 en el ejercicio y cumplimiento de las atribuciones estatutarias y legales dispuestas por la citada normativa.<\/p>\n\n\n\n<p>La actividad fue supervisada por la Junta Central Electoral (JCE), cuyos representantes verificaron el quorum respecto de la asistencia. El porcentaje de participaci\u00f3n en la reuni\u00f3n fue de un 80 %, confirmado por los notarios p\u00fablicos acreditados.<\/p>\n\n\n\n<p>La dirigencia presente manifest\u00f3 que con este encuentro se fortalece la democracia interna en el partido.<\/p>\n","protected":false},"excerpt":{"rendered":"<p>Santo Domingo. &#8211; La Comisi\u00f3n Pol\u00edtica del Comit\u00e9 Ejecutivo Nacional del Partido Revolucionario Dominicano (PRD) aprob\u00f3 la fecha y el reglamento para la convocatoria de la Trig\u00e9simo Octava Convenci\u00f3n Nacional&hellip;<\/p>\n","protected":false},"author":1,"featured_media":49267,"comment_status":"open","ping_status":"open","sticky":false,"template":"","format":"standard","meta":{"content-type":"","jetpack_post_was_ever_published":false,"_jetpack_newsletter_access":"","_jetpack_dont_email_post_to_subs":false,"_jetpack_newsletter_tier_id":0,"_jetpack_memberships_contains_paywalled_content":false,"_jetpack_memberships_contains_paid_content":false,"footnotes":""},"categories":[25],"tags":[408,949,950,951,952,731,953,52,575,733],"class_list":["post-49266","post","type-post","status-publish","format-standard","has-post-thumbnail","hentry","category-portada","tag-aprueba","tag-autoridades","tag-comision","tag-convencion-2","tag-convocatoria","tag-electoral","tag-fecha","tag-politica-2","tag-prd","tag-reglamento"],"jetpack_featured_media_url":"","jetpack-related-posts":[{"id":48910,"url":"https:\/\/lasprimeras.com.do\/index.php\/2023\/05\/05\/prd-convoca-su-comision-politica-a-reunion-extraordinaria\/","url_meta":{"origin":49266,"position":0},"title":"PRD convoca su Comisi\u00f3n Pol\u00edtica a reuni\u00f3n extraordinaria","author":"prenxa100","date":"5 de mayo de 2023","format":false,"excerpt":"Santo Domingo. - El Partido Revolucionario Dominicano (PRD) convoca a todos los miembros de la Comisi\u00f3n Pol\u00edtica de su Comit\u00e9 Ejecutivo Nacional a la reuni\u00f3n extraordinaria que tendr\u00e1 lugar el pr\u00f3ximo martes 9 de este mes, a las 4:00 p.m., en el Sal\u00f3n Las Am\u00e9ricas del Hotel Crowne Plaza Santo\u2026","rel":"","context":"En \u00abPORTADA\u00bb","block_context":{"text":"PORTADA","link":"https:\/\/lasprimeras.com.do\/index.php\/category\/portada\/"},"img":{"alt_text":"","src":"","width":0,"height":0},"classes":[]},{"id":50118,"url":"https:\/\/lasprimeras.com.do\/index.php\/2023\/05\/17\/prd-en-santiago-resalta-legado-del-dr-jose-francisco-pena-gomez\/","url_meta":{"origin":49266,"position":1},"title":"PRD en Santiago resalta legado del Dr. Jos\u00e9 Francisco Pe\u00f1a G\u00f3mez","author":"prenxa100","date":"17 de mayo de 2023","format":false,"excerpt":"Santiago.- Con diferentes actividades los Comit\u00e9s Provincial y Municipal del Partido Revolucionario Dominicano, -PRD- en esta ciudad de Santiago conmemoran durante toda la semana el 25 aniversario del fallecimiento de uno de sus pilares mas importante, el doctor Jos\u00e9 Francisco Pe\u00f1a G\u00f3mez. Dichas actividades se iniciaron con una ofrenda floral\u2026","rel":"","context":"En \u00abPORTADA\u00bb","block_context":{"text":"PORTADA","link":"https:\/\/lasprimeras.com.do\/index.php\/category\/portada\/"},"img":{"alt_text":"","src":"","width":0,"height":0},"classes":[]},{"id":64932,"url":"https:\/\/lasprimeras.com.do\/index.php\/2023\/10\/24\/prd-elige-a-miguel-vargas-como-candidato-presidencial-y-convoca-convencion-nacional\/","url_meta":{"origin":49266,"position":2},"title":"PRD elige a Miguel Vargas como candidato presidencial y convoca Convenci\u00f3n Nacional","author":"Nelson Feliz","date":"24 de octubre de 2023","format":false,"excerpt":"El Partido Revolucionario Dominicano (PRD) seleccion\u00f3 este martes al ingeniero Miguel Vargas Maldonado como su candidato presidencial para los comicios a celebrarse el pr\u00f3ximo a\u00f1o. El proceso fue realizado durante la reuni\u00f3n de la Comisi\u00f3n Pol\u00edtica del Comit\u00e9 Ejecutivo Nacional de la organizaci\u00f3n opositora, en un hotel del Distrito Nacional.\u2026","rel":"","context":"En \u00abPORTADA\u00bb","block_context":{"text":"PORTADA","link":"https:\/\/lasprimeras.com.do\/index.php\/category\/portada\/"},"img":{"alt_text":"Miguel Vargas","src":"https:\/\/i0.wp.com\/lasprimeras.com.do\/wp-content\/uploads\/2023\/10\/Miguel-Vargas-1.jpg?resize=350%2C200&ssl=1","width":350,"height":200,"srcset":"https:\/\/i0.wp.com\/lasprimeras.com.do\/wp-content\/uploads\/2023\/10\/Miguel-Vargas-1.jpg?resize=350%2C200&ssl=1 1x, https:\/\/i0.wp.com\/lasprimeras.com.do\/wp-content\/uploads\/2023\/10\/Miguel-Vargas-1.jpg?resize=525%2C300&ssl=1 1.5x, https:\/\/i0.wp.com\/lasprimeras.com.do\/wp-content\/uploads\/2023\/10\/Miguel-Vargas-1.jpg?resize=700%2C400&ssl=1 2x"},"classes":[]},{"id":54408,"url":"https:\/\/lasprimeras.com.do\/index.php\/2023\/07\/10\/tse-se-reserva-fallo-sobre-demanda-en-nulidad-convencion-ordinaria-del-prd\/","url_meta":{"origin":49266,"position":3},"title":"TSE se reserva fallo sobre demanda en nulidad Convenci\u00f3n Ordinaria del PRD","author":"Nelson Feliz","date":"10 de julio de 2023","format":false,"excerpt":"El Tribunal Superior Electoral (TSE) se reserv\u00f3 el fallo de la \"Demanda en Nulidad de la Convenci\u00f3n del Partido Revolucionario Dominicano (PRD)\". Los jueces, Ygnacio Pascual Camacho Hidalgo, presidente; Hermenegilda del Rosario Fondeur Ram\u00edrez; Rosa P\u00e9rez de Garc\u00eda; Pedro Pablo Y\u00e9rmenos Forastieri y Fernando Fern\u00e1ndez, otorgaron un plazo de 10\u2026","rel":"","context":"En \u00abPORTADA\u00bb","block_context":{"text":"PORTADA","link":"https:\/\/lasprimeras.com.do\/index.php\/category\/portada\/"},"img":{"alt_text":"Tribunal Superior Electoral","src":"https:\/\/i0.wp.com\/lasprimeras.com.do\/wp-content\/uploads\/2023\/07\/2.jpg?resize=350%2C200&ssl=1","width":350,"height":200,"srcset":"https:\/\/i0.wp.com\/lasprimeras.com.do\/wp-content\/uploads\/2023\/07\/2.jpg?resize=350%2C200&ssl=1 1x, https:\/\/i0.wp.com\/lasprimeras.com.do\/wp-content\/uploads\/2023\/07\/2.jpg?resize=525%2C300&ssl=1 1.5x, https:\/\/i0.wp.com\/lasprimeras.com.do\/wp-content\/uploads\/2023\/07\/2.jpg?resize=700%2C400&ssl=1 2x"},"classes":[]},{"id":50551,"url":"https:\/\/lasprimeras.com.do\/index.php\/2023\/05\/22\/miguel-vargas-destaca-proceso-democratico-vivido-en-la-convencion-del-prd\/","url_meta":{"origin":49266,"position":4},"title":"Miguel Vargas destaca proceso democr\u00e1tico vivido en la convenci\u00f3n del PRD","author":"prenxa100","date":"22 de mayo de 2023","format":false,"excerpt":"Destaca acompa\u00f1amiento de la JCE y define este evento ser\u00e1 la plataforma de lanzamiento frente a las elecciones nacionales del 2024. Santo Domingo. \u2013 El presidente del Partido Revolucionario Dominicano, Miguel Vargas Maldonado expres\u00f3 que la XXXVIII Convenci\u00f3n Nacional Ordinaria Jos\u00e9 Francisco Pe\u00f1a G\u00f3mez es una demostraci\u00f3n de un ejercicio\u2026","rel":"","context":"En \u00abPORTADA\u00bb","block_context":{"text":"PORTADA","link":"https:\/\/lasprimeras.com.do\/index.php\/category\/portada\/"},"img":{"alt_text":"","src":"","width":0,"height":0},"classes":[]},{"id":58950,"url":"https:\/\/lasprimeras.com.do\/index.php\/2023\/08\/29\/renuncia-alta-dirigencia-del-prd-acusan-a-miguel-vargas-de-violar-estatutos-internos-al-pactar-con-otros-partidos-politicos\/","url_meta":{"origin":49266,"position":5},"title":"Renuncia alta dirigencia del PRD; acusan a Miguel Vargas de violar estatutos al pactar con otros partidos","author":"Nelson Feliz","date":"29 de agosto de 2023","format":false,"excerpt":"Renunciantes alegan que Vargas Maldonado ha dado un car\u00e1cter de empresa al partido pol\u00edtico. El exsecretario general del Partido Revolucionario Dominicano (PRD) Junior Santos, Fiquito V\u00e1squez y otros dirigentes renunciaron de manera irrevocable a su militancia\u00a0en esa organizaci\u00f3n pol\u00edtica. Los renunciantes consideran que el presidente del PRD, Miguel Vargas Maldonado\u00a0esta\u2026","rel":"","context":"En \u00abPORTADA\u00bb","block_context":{"text":"PORTADA","link":"https:\/\/lasprimeras.com.do\/index.php\/category\/portada\/"},"img":{"alt_text":"","src":"https:\/\/i0.wp.com\/lasprimeras.com.do\/wp-content\/uploads\/2023\/08\/PRD.jpg?resize=350%2C200&ssl=1","width":350,"height":200,"srcset":"https:\/\/i0.wp.com\/lasprimeras.com.do\/wp-content\/uploads\/2023\/08\/PRD.jpg?resize=350%2C200&ssl=1 1x, https:\/\/i0.wp.com\/lasprimeras.com.do\/wp-content\/uploads\/2023\/08\/PRD.jpg?resize=525%2C300&ssl=1 1.5x, https:\/\/i0.wp.com\/lasprimeras.com.do\/wp-content\/uploads\/2023\/08\/PRD.jpg?resize=700%2C400&ssl=1 2x"},"classes":[]}],"jetpack_sharing_enabled":true,"_links":{"self":[{"href":"https:\/\/lasprimeras.com.do\/index.php\/wp-json\/wp\/v2\/posts\/49266","targetHints":{"allow":["GET"]}}],"collection":[{"href":"https:\/\/lasprimeras.com.do\/index.php\/wp-json\/wp\/v2\/posts"}],"about":[{"href":"https:\/\/lasprimeras.com.do\/index.php\/wp-json\/wp\/v2\/types\/post"}],"author":[{"embeddable":true,"href":"https:\/\/lasprimeras.com.do\/index.php\/wp-json\/wp\/v2\/users\/1"}],"replies":[{"embeddable":true,"href":"https:\/\/lasprimeras.com.do\/index.php\/wp-json\/wp\/v2\/comments?post=49266"}],"version-history":[{"count":0,"href":"https:\/\/lasprimeras.com.do\/index.php\/wp-json\/wp\/v2\/posts\/49266\/revisions"}],"wp:featuredmedia":[{"embeddable":true,"href":"https:\/\/lasprimeras.com.do\/index.php\/wp-json\/"}],"wp:attachment":[{"href":"https:\/\/lasprimeras.com.do\/index.php\/wp-json\/wp\/v2\/media?parent=49266"}],"wp:term":[{"taxonomy":"category","embeddable":true,"href":"https:\/\/lasprimeras.com.do\/index.php\/wp-json\/wp\/v2\/categories?post=49266"},{"taxonomy":"post_tag","embeddable":true,"href":"https:\/\/lasprimeras.com.do\/index.php\/wp-json\/wp\/v2\/tags?post=49266"}],"curies":[{"name":"wp","href":"https:\/\/api.w.org\/{rel}","templated":true}]}}