{"id":49274,"date":"2023-05-09T21:40:51","date_gmt":"2023-05-10T01:40:51","guid":{"rendered":"https:\/\/atento.com.do\/?p=49274"},"modified":"2023-05-09T21:40:51","modified_gmt":"2023-05-10T01:40:51","slug":"historia-clinica-electronica-puede-disminuir-errores-medicos","status":"publish","type":"post","link":"https:\/\/lasprimeras.com.do\/index.php\/2023\/05\/09\/historia-clinica-electronica-puede-disminuir-errores-medicos\/","title":{"rendered":"Historia cl\u00ednica electr\u00f3nica puede disminuir errores m\u00e9dicos"},"content":{"rendered":"\n<p><strong>Santo Domingo. &#8211; <\/strong>Los sistemas de Historias Cl\u00ednicas Electr\u00f3nicas son una parte fundamental de la atenci\u00f3n sanitaria en la transformaci\u00f3n digital del sector, ya que dan respuesta a la creciente necesidad de digitalizar los datos y est\u00e1n dise\u00f1ados para facilitar el acceso de los pacientes a sus propios historiales de salud y de los m\u00e9dicos a la informaci\u00f3n que necesitan para prestar una atenci\u00f3n de alta calidad, as\u00ed lo explica Fedor Vidal, CEO de Arium Salud Digital.<\/p>\n\n\n\n<p>Describe que la HCE es un registro de informaci\u00f3n de salud que reside en un sistema electr\u00f3nico espec\u00edficamente dise\u00f1ado para recolectar, almacenar, manipular y dar soporte a los usuarios para el acceso a datos seguros y completos, alertas, recordatorios y sistemas cl\u00ednicos de soporte para la toma de decisiones, brindando informaci\u00f3n importante y pertinente para el cuidado de los pacientes.<\/p>\n\n\n\n<p>Existen muchos t\u00e9rminos relacionados con el concepto de HCE como son: registro m\u00e9dico electr\u00f3nico, registro m\u00e9dico computarizado, ficha cl\u00ednica electr\u00f3nica, historia cl\u00ednica digital, r\u00e9cord m\u00e9dico electr\u00f3nico, detalla el experto en salud digital.<\/p>\n\n\n\n<figure class=\"wp-block-image size-large\"><img decoding=\"async\" src=\"https:\/\/atento.com.do\/wp-content\/uploads\/2023\/05\/Salud-digital-809x1024.jpg\" alt=\"\" class=\"wp-image-49276\"\/><\/figure>\n\n\n\n<p>Ante el impacto de los diagn\u00f3sticos tard\u00edos, la mala medicaci\u00f3n y la precariedad de la atenci\u00f3n hospitalaria, la OMS insiste en la prioridad de evitar, a toda costa, los errores que llevan a la tumba a cientos de pacientes.<\/p>\n\n\n\n<p>Al respecto, Vidal destaca que con el uso de HCE se pueden evitar desde las equivocaciones en los diagn\u00f3sticos hasta la emisi\u00f3n de recetas con f\u00e1rmacos incorrectos que ponen al filo de la muerte a millones de pacientes anualmente, gracias a la interoperabilidad entre todos los especialistas que est\u00e1n involucrados impactando y mejorando as\u00ed la seguridad al paciente.<\/p>\n\n\n\n<p>\u201cAdem\u00e1s de reducir los errores m\u00e9dicos, garantizando el acceso oportuno a la informaci\u00f3n, permiten que los m\u00e9dicos intercambien informaci\u00f3n entre s\u00ed de forma remota y en tiempo real, asegur\u00e1ndose de que cada m\u00e9dico que atiende a un paciente tenga un archivo actualizado, completo y preciso\u201d, agrega Vidal.<\/p>\n\n\n\n<p>El experto en tecnolog\u00eda expuso que Arium Salud Digital ofrece entre sus productos un sistema hospitalario electr\u00f3nico que apoya las actividades en los niveles operativos, t\u00e1cticos y estrat\u00e9gicos de un hospital.<\/p>\n\n\n\n<p>Se trata de una plataforma modular que utiliza un modelo de datos unificados para garantizar el acceso oportuno a la informaci\u00f3n con el fin de mejorar la calidad de la atenci\u00f3n y la seguridad de los pacientes, facilitar la toma de decisiones, y reducir los errores m\u00e9dicos.<\/p>\n\n\n\n<p>Entre los beneficios que ofrece este sistema para los centros de salud se encuentran, cargo a cuenta de paciente en tiempo real, permitiendo un proceso de alta m\u00e1s r\u00e1pido, reducci\u00f3n de errores en aplicaci\u00f3n de \u00f3rdenes m\u00e9dicas por escritura manual, procesos m\u00e1s eficientes, administraci\u00f3n financiera precisa, distribuci\u00f3n de servicios m\u00e9dicos eficiente, manejo oportuno de la demanda de servicios m\u00e9dicos en el centro, recolecci\u00f3n de informaci\u00f3n en un mismo sistema que integra todas las \u00e1reas cl\u00ednicas y administrativas, bajo est\u00e1ndares transversales a lo largo de la instituci\u00f3n reduciendo los errores en la data e informaci\u00f3n y reporter\u00eda instant\u00e1nea y en vivo, se\u00f1al\u00f3 su CEO.<\/p>\n","protected":false},"excerpt":{"rendered":"<p>Santo Domingo. &#8211; Los sistemas de Historias Cl\u00ednicas Electr\u00f3nicas son una parte fundamental de la atenci\u00f3n sanitaria en la transformaci\u00f3n digital del sector, ya que dan respuesta a la creciente&hellip;<\/p>\n","protected":false},"author":1,"featured_media":49275,"comment_status":"open","ping_status":"open","sticky":false,"template":"","format":"standard","meta":{"content-type":"","jetpack_post_was_ever_published":false,"_jetpack_newsletter_access":"","_jetpack_dont_email_post_to_subs":false,"_jetpack_newsletter_tier_id":0,"_jetpack_memberships_contains_paywalled_content":false,"_jetpack_memberships_contains_paid_content":false,"footnotes":""},"categories":[1],"tags":[956,957,958,959,960,961],"class_list":["post-49274","post","type-post","status-publish","format-standard","has-post-thumbnail","hentry","category-sin-categoria","tag-clinica","tag-disminuir","tag-electronica","tag-errores","tag-historia","tag-medicos"],"jetpack_featured_media_url":"","jetpack-related-posts":[{"id":79020,"url":"https:\/\/lasprimeras.com.do\/index.php\/2024\/03\/22\/equipos-y-profesionales-vanguardistas-elevaran-la-calidad-de-la-atencion-medica-en-sde\/","url_meta":{"origin":49274,"position":0},"title":"Equipos y profesionales vanguardistas elevar\u00e1n la calidad de la atenci\u00f3n m\u00e9dica en SDE","author":"BIMARY DE JES\u00daS Matos","date":"22 de marzo de 2024","format":false,"excerpt":"Santo Domingo.- Una apuesta por la internacionalizaci\u00f3n y aplicaci\u00f3n de la tecnolog\u00eda en la medicina, son las promesas de M\u00e9dico Express, un moderno centro ambulatorio con la visi\u00f3n de establecerse como referente en avances m\u00e9dicos, tecnol\u00f3gicos, sostenibilidad e innovaci\u00f3n. Como un elemento diferenciador en Santo Domingo Este, el centro se\u2026","rel":"","context":"En \u00abPORTADA\u00bb","block_context":{"text":"PORTADA","link":"https:\/\/lasprimeras.com.do\/index.php\/category\/portada\/"},"img":{"alt_text":"","src":"https:\/\/i0.wp.com\/lasprimeras.com.do\/wp-content\/uploads\/2024\/03\/WhatsApp-Image-2024-03-20-at-5.29.18-PM.jpeg?resize=350%2C200&ssl=1","width":350,"height":200,"srcset":"https:\/\/i0.wp.com\/lasprimeras.com.do\/wp-content\/uploads\/2024\/03\/WhatsApp-Image-2024-03-20-at-5.29.18-PM.jpeg?resize=350%2C200&ssl=1 1x, https:\/\/i0.wp.com\/lasprimeras.com.do\/wp-content\/uploads\/2024\/03\/WhatsApp-Image-2024-03-20-at-5.29.18-PM.jpeg?resize=525%2C300&ssl=1 1.5x, https:\/\/i0.wp.com\/lasprimeras.com.do\/wp-content\/uploads\/2024\/03\/WhatsApp-Image-2024-03-20-at-5.29.18-PM.jpeg?resize=700%2C400&ssl=1 2x"},"classes":[]},{"id":91037,"url":"https:\/\/lasprimeras.com.do\/index.php\/2024\/11\/07\/salud-mental-y-doble-moral\/","url_meta":{"origin":49274,"position":1},"title":"Salud mental y doble moral \u00a0\u00a0\u00a0\u00a0\u00a0\u00a0\u00a0\u00a0\u00a0\u00a0\u00a0\u00a0\u00a0\u00a0\u00a0\u00a0\u00a0\u00a0\u00a0\u00a0\u00a0","author":"Nelson Feliz","date":"7 de noviembre de 2024","format":false,"excerpt":"Por: Tito EstrellaDoctor en Psiquiatr\u00eda y catedr\u00e1tico En la Rep\u00fablica Dominicana, parece que hay una doble moral, respecto al tema de la salud mental. A diario escuchamos, leemos y vemos en los distintos medios de comunicaci\u00f3n, prensa escrita, radio, television y redes sociales, a personas hablar de la necesidad de\u2026","rel":"","context":"En \u00abOPINI\u00d3N\u00bb","block_context":{"text":"OPINI\u00d3N","link":"https:\/\/lasprimeras.com.do\/index.php\/category\/opinion\/"},"img":{"alt_text":"","src":"https:\/\/i0.wp.com\/lasprimeras.com.do\/wp-content\/uploads\/2024\/11\/Tito-Estrella.jpg?resize=350%2C200&ssl=1","width":350,"height":200,"srcset":"https:\/\/i0.wp.com\/lasprimeras.com.do\/wp-content\/uploads\/2024\/11\/Tito-Estrella.jpg?resize=350%2C200&ssl=1 1x, https:\/\/i0.wp.com\/lasprimeras.com.do\/wp-content\/uploads\/2024\/11\/Tito-Estrella.jpg?resize=525%2C300&ssl=1 1.5x, https:\/\/i0.wp.com\/lasprimeras.com.do\/wp-content\/uploads\/2024\/11\/Tito-Estrella.jpg?resize=700%2C400&ssl=1 2x"},"classes":[]},{"id":124017,"url":"https:\/\/lasprimeras.com.do\/index.php\/2026\/03\/07\/accidentes-de-transito-el-principal-obstaculo-para-el-avance-de-la-salud-en-rd\/","url_meta":{"origin":49274,"position":2},"title":"Accidentes de tr\u00e1nsito: El principal obst\u00e1culo para el avance de la salud en RD","author":"Nelson Feliz","date":"7 de marzo de 2026","format":false,"excerpt":"La Rep\u00fablica Dominicana ha logrado avances importantes hacia la cobertura universal de salud en los \u00faltimos a\u00f1os, aunque enfrenta desaf\u00edos estructurales como la mortalidad materno-infantil y el impacto de los accidentes de tr\u00e1nsito en la salud p\u00fablica, de acuerdo con un an\u00e1lisis del especialista Alberto Castillo Aroca. Castillo Aroca hizo\u2026","rel":"","context":"En \u00abNACIONALES\u00bb","block_context":{"text":"NACIONALES","link":"https:\/\/lasprimeras.com.do\/index.php\/category\/nacionales\/"},"img":{"alt_text":"Castillo Aroca","src":"https:\/\/i0.wp.com\/lasprimeras.com.do\/wp-content\/uploads\/2026\/03\/Castillo-Aroca.jpg?resize=350%2C200&ssl=1","width":350,"height":200,"srcset":"https:\/\/i0.wp.com\/lasprimeras.com.do\/wp-content\/uploads\/2026\/03\/Castillo-Aroca.jpg?resize=350%2C200&ssl=1 1x, https:\/\/i0.wp.com\/lasprimeras.com.do\/wp-content\/uploads\/2026\/03\/Castillo-Aroca.jpg?resize=525%2C300&ssl=1 1.5x, https:\/\/i0.wp.com\/lasprimeras.com.do\/wp-content\/uploads\/2026\/03\/Castillo-Aroca.jpg?resize=700%2C400&ssl=1 2x"},"classes":[]},{"id":97541,"url":"https:\/\/lasprimeras.com.do\/index.php\/2025\/04\/22\/investigan-denuncia-contra-clinica-dr-abel-gonzalez-por-supuestamente-negar-asistencia-a-victimas-tragedia-del-jet-set\/","url_meta":{"origin":49274,"position":3},"title":"Investigan denuncia contra cl\u00ednica Dr. Abel G\u00f3nzalez por supuestamente negar asistencia a v\u00edctimas tragedia del Jet Set","author":"Nelson Feliz","date":"22 de abril de 2025","format":false,"excerpt":"La denuncia formal lleg\u00f3 en momentos en que la Sisalril hab\u00eda iniciado una investigaci\u00f3n de oficio, tras las declaraciones p\u00fablicas del ex senador de la provincia San Crist\u00f3bal. La Superintendencia de Salud y Riesgos Laborales (Sisalril) inform\u00f3 que recibi\u00f3 las denuncias interpuestas por el exsenador de San Crist\u00f3bal, Franklin Rodr\u00edguez,\u2026","rel":"","context":"En \u00abSALUD\u00bb","block_context":{"text":"SALUD","link":"https:\/\/lasprimeras.com.do\/index.php\/category\/salud\/"},"img":{"alt_text":"","src":"https:\/\/i0.wp.com\/lasprimeras.com.do\/wp-content\/uploads\/2025\/04\/Sisalril.jpeg?resize=350%2C200&ssl=1","width":350,"height":200,"srcset":"https:\/\/i0.wp.com\/lasprimeras.com.do\/wp-content\/uploads\/2025\/04\/Sisalril.jpeg?resize=350%2C200&ssl=1 1x, https:\/\/i0.wp.com\/lasprimeras.com.do\/wp-content\/uploads\/2025\/04\/Sisalril.jpeg?resize=525%2C300&ssl=1 1.5x, https:\/\/i0.wp.com\/lasprimeras.com.do\/wp-content\/uploads\/2025\/04\/Sisalril.jpeg?resize=700%2C400&ssl=1 2x"},"classes":[]},{"id":50364,"url":"https:\/\/lasprimeras.com.do\/index.php\/2023\/05\/19\/la-digitalizacion-del-sector-salud-favoreceria-la-creacion-de-politicas-publicas-eficaces\/","url_meta":{"origin":49274,"position":4},"title":"La digitalizaci\u00f3n del sector salud favorecer\u00eda la creaci\u00f3n de pol\u00edticas p\u00fablicas eficaces","author":"prenxa100","date":"19 de mayo de 2023","format":false,"excerpt":"Experto en salud digital explica que los problemas del sector salud necesitan de la tecnolog\u00eda para impulsar soluciones integrales. Santo Domingo. - Uno de los grandes objetivos de la digitalizaci\u00f3n es generar data para impulsar pol\u00edticas p\u00fablicas, ya que permitir\u00eda identificar problemas de salud de forma m\u00e1s precisa en la\u2026","rel":"","context":"En \u00abSin categor\u00eda\u00bb","block_context":{"text":"Sin categor\u00eda","link":"https:\/\/lasprimeras.com.do\/index.php\/category\/sin-categoria\/"},"img":{"alt_text":"","src":"","width":0,"height":0},"classes":[]},{"id":120988,"url":"https:\/\/lasprimeras.com.do\/index.php\/2026\/01\/29\/medico-express-y-la-asociacion-de-hoteles-de-santo-domingo-firman-acuerdo-en-fitur\/","url_meta":{"origin":49274,"position":5},"title":"M\u00e9dico Express y la Asociaci\u00f3n de Hoteles de Santo Domingo firman acuerdo en FITUR","author":"Nelson Feliz","date":"29 de enero de 2026","format":false,"excerpt":"El convenio dispone de un canal directo de referimiento para urgencias, consultas, im\u00e1genes diagn\u00f3sticas, laboratorio cl\u00ednico, gastroenterolog\u00eda, odontolog\u00eda, oftalmolog\u00eda y cirug\u00eda ambulatoria, bajo protocolos de respuesta r\u00e1pida y atenci\u00f3n biling\u00fce y coordinaci\u00f3n institucional. Madrid, Espa\u00f1a. En el marco de FITUR 2026, M\u00e9dico Express y la Asociaci\u00f3n de Hoteles de Santo\u2026","rel":"","context":"En \u00abSALUD\u00bb","block_context":{"text":"SALUD","link":"https:\/\/lasprimeras.com.do\/index.php\/category\/salud\/"},"img":{"alt_text":"El convenio dispone de un canal directo de referimiento para urgencias, consultas, im\u00e1genes diagn\u00f3sticas, laboratorio cl\u00ednico, gastroenterolog\u00eda, odontolog\u00eda, oftalmolog\u00eda y cirug\u00eda ambulatoria, bajo protocolos de respuesta r\u00e1pida y atenci\u00f3n biling\u00fce y coordinaci\u00f3n institucional.","src":"https:\/\/i0.wp.com\/lasprimeras.com.do\/wp-content\/uploads\/2026\/01\/fitur-1-1.jpg?resize=350%2C200&ssl=1","width":350,"height":200,"srcset":"https:\/\/i0.wp.com\/lasprimeras.com.do\/wp-content\/uploads\/2026\/01\/fitur-1-1.jpg?resize=350%2C200&ssl=1 1x, https:\/\/i0.wp.com\/lasprimeras.com.do\/wp-content\/uploads\/2026\/01\/fitur-1-1.jpg?resize=525%2C300&ssl=1 1.5x, https:\/\/i0.wp.com\/lasprimeras.com.do\/wp-content\/uploads\/2026\/01\/fitur-1-1.jpg?resize=700%2C400&ssl=1 2x"},"classes":[]}],"jetpack_sharing_enabled":true,"_links":{"self":[{"href":"https:\/\/lasprimeras.com.do\/index.php\/wp-json\/wp\/v2\/posts\/49274","targetHints":{"allow":["GET"]}}],"collection":[{"href":"https:\/\/lasprimeras.com.do\/index.php\/wp-json\/wp\/v2\/posts"}],"about":[{"href":"https:\/\/lasprimeras.com.do\/index.php\/wp-json\/wp\/v2\/types\/post"}],"author":[{"embeddable":true,"href":"https:\/\/lasprimeras.com.do\/index.php\/wp-json\/wp\/v2\/users\/1"}],"replies":[{"embeddable":true,"href":"https:\/\/lasprimeras.com.do\/index.php\/wp-json\/wp\/v2\/comments?post=49274"}],"version-history":[{"count":0,"href":"https:\/\/lasprimeras.com.do\/index.php\/wp-json\/wp\/v2\/posts\/49274\/revisions"}],"wp:featuredmedia":[{"embeddable":true,"href":"https:\/\/lasprimeras.com.do\/index.php\/wp-json\/"}],"wp:attachment":[{"href":"https:\/\/lasprimeras.com.do\/index.php\/wp-json\/wp\/v2\/media?parent=49274"}],"wp:term":[{"taxonomy":"category","embeddable":true,"href":"https:\/\/lasprimeras.com.do\/index.php\/wp-json\/wp\/v2\/categories?post=49274"},{"taxonomy":"post_tag","embeddable":true,"href":"https:\/\/lasprimeras.com.do\/index.php\/wp-json\/wp\/v2\/tags?post=49274"}],"curies":[{"name":"wp","href":"https:\/\/api.w.org\/{rel}","templated":true}]}}