{"id":49278,"date":"2023-05-09T21:43:15","date_gmt":"2023-05-10T01:43:15","guid":{"rendered":"https:\/\/atento.com.do\/?p=49278"},"modified":"2023-05-09T21:43:15","modified_gmt":"2023-05-10T01:43:15","slug":"edenorte-capacita-bomberos-sobre-manejo-de-accidentes-electricos","status":"publish","type":"post","link":"https:\/\/lasprimeras.com.do\/index.php\/2023\/05\/09\/edenorte-capacita-bomberos-sobre-manejo-de-accidentes-electricos\/","title":{"rendered":"Edenorte capacita bomberos sobre manejo de accidentes el\u00e9ctricos"},"content":{"rendered":"\n<p>Por Roberto P\u00e9rez<\/p>\n\n\n\n<p>SANTIAGO. &#8211; Edenorte Dominicana S.A, con el apoyo del Infotep, instruy\u00f3 a decenas de bomberos de la regi\u00f3n en el tema de \u201cInvestigaci\u00f3n Forense de las Causas de Incendios\u201d.<\/p>\n\n\n\n<p>El ingeniero Andr\u00e9s Cueto, inform\u00f3 que con este curso se busca entrenar a los bomberos en incendios residenciales, comerciales e industriales y que estos obtengan las informaciones necesarias para determinar de manera objetiva las causas de los mismos, diferenciando de manera absoluta las circunstancias el\u00e9ctricas de las dem\u00e1s causas habituales.<\/p>\n\n\n\n<p>En el taller realizado en el edificio Administrativo de Edenorte, fungieron como disertadores Ernesto Escoto, por el Infotep y Luciano G\u00f3mez Quezada, gerente t\u00e9cnico de Distribuci\u00f3n de la entidad energ\u00e9tica.<\/p>\n\n\n\n<p>Ambos mostraron en detalle las condiciones inseguras respecto de las instalaciones el\u00e9ctricas que son vulnerables y muy potenciales causas de incendios.<\/p>\n\n\n\n<p>Estuvieron presentes 30 bomberos de las \u00e1reas t\u00e9cnicas de Santiago, Mao, Moca, entre otros pueblos del Cibao, en una gesti\u00f3n coordinada por el coronel Alexis Moscat, director del Cuerpo de Bomberos de Santiago.<\/p>\n","protected":false},"excerpt":{"rendered":"<p>Por Roberto P\u00e9rez SANTIAGO. &#8211; Edenorte Dominicana S.A, con el apoyo del Infotep, instruy\u00f3 a decenas de bomberos de la regi\u00f3n en el tema de \u201cInvestigaci\u00f3n Forense de las Causas&hellip;<\/p>\n","protected":false},"author":1,"featured_media":49279,"comment_status":"open","ping_status":"open","sticky":false,"template":"","format":"standard","meta":{"content-type":"","jetpack_post_was_ever_published":false,"_jetpack_newsletter_access":"","_jetpack_dont_email_post_to_subs":false,"_jetpack_newsletter_tier_id":0,"_jetpack_memberships_contains_paywalled_content":false,"_jetpack_memberships_contains_paid_content":false,"footnotes":""},"categories":[35],"tags":[962],"class_list":["post-49278","post","type-post","status-publish","format-standard","has-post-thumbnail","hentry","category-nacionales","tag-edenorte"],"jetpack_featured_media_url":"","jetpack-related-posts":[{"id":107305,"url":"https:\/\/lasprimeras.com.do\/index.php\/2025\/08\/25\/movimiento-popular-convoca-velatorio-contra-edenorte-apagones-y-alzas-en-tarifas-electricas-en-moca\/","url_meta":{"origin":49278,"position":0},"title":"Movimiento Popular convoca velatorio contra Edenorte, apagones y alzas en tarifas el\u00e9ctricas en Moca","author":"Nelson Feliz","date":"25 de agosto de 2025","format":false,"excerpt":"El pr\u00f3ximo martes 26, a las 10:00 de la ma\u00f1ana, se llevar\u00e1 a cabo una manifestaci\u00f3n simb\u00f3lica denominada \u201cVelatorio de Edenorte, por los prolongados apagones y los aumentos de las tarifas el\u00e9ctricas\u201d, frente a las oficinas de Edenorte en Moca. La actividad es organizada por el Movimiento Popular Los Peregrinos\u2026","rel":"","context":"En \u00abNACIONALES\u00bb","block_context":{"text":"NACIONALES","link":"https:\/\/lasprimeras.com.do\/index.php\/category\/nacionales\/"},"img":{"alt_text":"","src":"https:\/\/i0.wp.com\/lasprimeras.com.do\/wp-content\/uploads\/2025\/08\/velas.jpg?resize=350%2C200&ssl=1","width":350,"height":200,"srcset":"https:\/\/i0.wp.com\/lasprimeras.com.do\/wp-content\/uploads\/2025\/08\/velas.jpg?resize=350%2C200&ssl=1 1x, https:\/\/i0.wp.com\/lasprimeras.com.do\/wp-content\/uploads\/2025\/08\/velas.jpg?resize=525%2C300&ssl=1 1.5x"},"classes":[]},{"id":53111,"url":"https:\/\/lasprimeras.com.do\/index.php\/2023\/06\/23\/edenorte-activa-plan-para-responder-ante-incidentes-de-tormenta-bret\/","url_meta":{"origin":49278,"position":1},"title":"Edenorte activa plan para responder ante incidentes de tormenta Bret","author":"Nelson Feliz","date":"23 de junio de 2023","format":false,"excerpt":"Edenorte Dominicana S.A, inform\u00f3 que activ\u00f3 su plan de acci\u00f3n ante los eventuales efectos de la tormenta Bret, fen\u00f3meno que impactar\u00eda el territorio nacional en las pr\u00f3ximas horas seg\u00fan la Onamet. En ese sentido, Andr\u00e9s Cueto, gerente general de Edenorte, inform\u00f3 que ese plan de contingencia fue puesto en marcha\u2026","rel":"","context":"En \u00abNACIONALES\u00bb","block_context":{"text":"NACIONALES","link":"https:\/\/lasprimeras.com.do\/index.php\/category\/nacionales\/"},"img":{"alt_text":"Andr\u00e9s Cueto","src":"https:\/\/i0.wp.com\/lasprimeras.com.do\/wp-content\/uploads\/2023\/06\/Andres-Cueto.jpg?resize=350%2C200&ssl=1","width":350,"height":200,"srcset":"https:\/\/i0.wp.com\/lasprimeras.com.do\/wp-content\/uploads\/2023\/06\/Andres-Cueto.jpg?resize=350%2C200&ssl=1 1x, https:\/\/i0.wp.com\/lasprimeras.com.do\/wp-content\/uploads\/2023\/06\/Andres-Cueto.jpg?resize=525%2C300&ssl=1 1.5x, https:\/\/i0.wp.com\/lasprimeras.com.do\/wp-content\/uploads\/2023\/06\/Andres-Cueto.jpg?resize=700%2C400&ssl=1 2x"},"classes":[]},{"id":52075,"url":"https:\/\/lasprimeras.com.do\/index.php\/2023\/06\/06\/mao-hieren-dos-personas-en-estafeta-de-pagos-de-edenorte\/","url_meta":{"origin":49278,"position":2},"title":"Mao: Hieren dos personas en estafeta de pagos de Edenorte","author":"prenxa100","date":"6 de junio de 2023","format":false,"excerpt":"Dos personas resultaron heridas de arma de fuego mientras se encontraban realizando sus respectivos pagos de la energ\u00eda el\u00e9ctrica en la Empresa Distribuidora de Electricidad del Norte S.A. (EDENORTE), en el municipio de Mao.\u00a0 Seg\u00fan versiones, un hombre hasta el momento no identificado entr\u00f3 a efectuar un pago y cuando\u2026","rel":"","context":"En \u00abSin categor\u00eda\u00bb","block_context":{"text":"Sin categor\u00eda","link":"https:\/\/lasprimeras.com.do\/index.php\/category\/sin-categoria\/"},"img":{"alt_text":"","src":"","width":0,"height":0},"classes":[]},{"id":114303,"url":"https:\/\/lasprimeras.com.do\/index.php\/2025\/11\/12\/comite-de-fallas-del-seni-avanza-en-la-evaluacion-de-causas-y-respuesta-del-sistema-electrico\/","url_meta":{"origin":49278,"position":3},"title":"Comit\u00e9 de fallas del SENI avanza en la evaluaci\u00f3n de causas y respuesta del sistema el\u00e9ctrico","author":"Nelson Feliz","date":"12 de noviembre de 2025","format":false,"excerpt":"Una vez verificada la informaci\u00f3n t\u00e9cnica y los protocolos de operaci\u00f3n, la mesa t\u00e9cnica elaborar\u00e1 los informes que precisar\u00e1n las causas del evento La Superintendencia de Electricidad (SIE) inform\u00f3 que el Comit\u00e9 de Fallas del Sistema El\u00e9ctrico Nacional Interconectado (SENI) sostuvo una reuni\u00f3n la ma\u00f1ana de este mi\u00e9rcoles, con el\u2026","rel":"","context":"En \u00abNACIONALES\u00bb","block_context":{"text":"NACIONALES","link":"https:\/\/lasprimeras.com.do\/index.php\/category\/nacionales\/"},"img":{"alt_text":"","src":"https:\/\/i0.wp.com\/lasprimeras.com.do\/wp-content\/uploads\/2025\/11\/SIE.jpg?resize=350%2C200&ssl=1","width":350,"height":200,"srcset":"https:\/\/i0.wp.com\/lasprimeras.com.do\/wp-content\/uploads\/2025\/11\/SIE.jpg?resize=350%2C200&ssl=1 1x, https:\/\/i0.wp.com\/lasprimeras.com.do\/wp-content\/uploads\/2025\/11\/SIE.jpg?resize=525%2C300&ssl=1 1.5x, https:\/\/i0.wp.com\/lasprimeras.com.do\/wp-content\/uploads\/2025\/11\/SIE.jpg?resize=700%2C400&ssl=1 2x"},"classes":[]},{"id":123076,"url":"https:\/\/lasprimeras.com.do\/index.php\/2026\/02\/25\/cued-destaca-que-las-ede-invierten-rd1488-millones-en-mejoria-y-estabilidad-del-servicio-de-electricidad\/","url_meta":{"origin":49278,"position":4},"title":"CUED destaca que las EDE invierten RD$1,488 millones en mejor\u00eda y estabilidad del servicio de electricidad","author":"Nelson Feliz","date":"25 de febrero de 2026","format":false,"excerpt":"Las distribuidoras Edesur, \u00a0Edenorte y Edeeste lograron la cifra r\u00e9cord en cobro de RD$126,574 millones y contrataron 357,888 nuevos clientes. El Consejo Unificado de las Empresas Distribuidoras de Electricidad (CUED) destac\u00f3 que han sido intervenidas 67 subestaciones el\u00e9ctricas de Edesur, Edenorte y Edeeste, con una inversi\u00f3n de RD$1,488 millones, lo\u2026","rel":"","context":"En \u00abSin categor\u00eda\u00bb","block_context":{"text":"Sin categor\u00eda","link":"https:\/\/lasprimeras.com.do\/index.php\/category\/sin-categoria\/"},"img":{"alt_text":"","src":"https:\/\/i0.wp.com\/lasprimeras.com.do\/wp-content\/uploads\/2026\/02\/WhatsApp-Image-2026-02-23-at-6.09.03-PM.jpeg?resize=350%2C200&ssl=1","width":350,"height":200,"srcset":"https:\/\/i0.wp.com\/lasprimeras.com.do\/wp-content\/uploads\/2026\/02\/WhatsApp-Image-2026-02-23-at-6.09.03-PM.jpeg?resize=350%2C200&ssl=1 1x, https:\/\/i0.wp.com\/lasprimeras.com.do\/wp-content\/uploads\/2026\/02\/WhatsApp-Image-2026-02-23-at-6.09.03-PM.jpeg?resize=525%2C300&ssl=1 1.5x, https:\/\/i0.wp.com\/lasprimeras.com.do\/wp-content\/uploads\/2026\/02\/WhatsApp-Image-2026-02-23-at-6.09.03-PM.jpeg?resize=700%2C400&ssl=1 2x, https:\/\/i0.wp.com\/lasprimeras.com.do\/wp-content\/uploads\/2026\/02\/WhatsApp-Image-2026-02-23-at-6.09.03-PM.jpeg?resize=1050%2C600&ssl=1 3x, https:\/\/i0.wp.com\/lasprimeras.com.do\/wp-content\/uploads\/2026\/02\/WhatsApp-Image-2026-02-23-at-6.09.03-PM.jpeg?resize=1400%2C800&ssl=1 4x"},"classes":[]},{"id":108294,"url":"https:\/\/lasprimeras.com.do\/index.php\/2025\/09\/04\/maxy-montilla-testificara-contra-imputados-en-estafa-a-las-ede-como-parte-del-acuerdo-con-el-mp\/","url_meta":{"origin":49278,"position":5},"title":"Maxy Montilla testificar\u00e1 contra imputados en estafa a las EDE, como parte del acuerdo con el MP","author":"Nelson Feliz","date":"4 de septiembre de 2025","format":false,"excerpt":"Su delaci\u00f3n fue \"punto de partida\" para el acuerdo al que arrib\u00f3 con el Ministerio P\u00fablico y en el que no se le perseguir\u00e1 penalmente. El criterio de oportunidad que se le aprob\u00f3 a Maxy Gerardo Montilla Sierra, cu\u00f1ado del expresidente Danilo Medina, compromete al acusado a \"testificar\" contra los\u2026","rel":"","context":"En \u00abJUSTICIA\u00bb","block_context":{"text":"JUSTICIA","link":"https:\/\/lasprimeras.com.do\/index.php\/category\/justicia\/"},"img":{"alt_text":"","src":"https:\/\/i0.wp.com\/lasprimeras.com.do\/wp-content\/uploads\/2025\/09\/Maxy-Gerardo-Montilla.png?resize=350%2C200&ssl=1","width":350,"height":200},"classes":[]}],"jetpack_sharing_enabled":true,"_links":{"self":[{"href":"https:\/\/lasprimeras.com.do\/index.php\/wp-json\/wp\/v2\/posts\/49278","targetHints":{"allow":["GET"]}}],"collection":[{"href":"https:\/\/lasprimeras.com.do\/index.php\/wp-json\/wp\/v2\/posts"}],"about":[{"href":"https:\/\/lasprimeras.com.do\/index.php\/wp-json\/wp\/v2\/types\/post"}],"author":[{"embeddable":true,"href":"https:\/\/lasprimeras.com.do\/index.php\/wp-json\/wp\/v2\/users\/1"}],"replies":[{"embeddable":true,"href":"https:\/\/lasprimeras.com.do\/index.php\/wp-json\/wp\/v2\/comments?post=49278"}],"version-history":[{"count":0,"href":"https:\/\/lasprimeras.com.do\/index.php\/wp-json\/wp\/v2\/posts\/49278\/revisions"}],"wp:featuredmedia":[{"embeddable":true,"href":"https:\/\/lasprimeras.com.do\/index.php\/wp-json\/"}],"wp:attachment":[{"href":"https:\/\/lasprimeras.com.do\/index.php\/wp-json\/wp\/v2\/media?parent=49278"}],"wp:term":[{"taxonomy":"category","embeddable":true,"href":"https:\/\/lasprimeras.com.do\/index.php\/wp-json\/wp\/v2\/categories?post=49278"},{"taxonomy":"post_tag","embeddable":true,"href":"https:\/\/lasprimeras.com.do\/index.php\/wp-json\/wp\/v2\/tags?post=49278"}],"curies":[{"name":"wp","href":"https:\/\/api.w.org\/{rel}","templated":true}]}}