{"id":49281,"date":"2023-05-09T21:46:44","date_gmt":"2023-05-10T01:46:44","guid":{"rendered":"https:\/\/atento.com.do\/?p=49281"},"modified":"2023-05-09T21:46:44","modified_gmt":"2023-05-10T01:46:44","slug":"ministerio-de-trabajo-invita-a-jornada-de-empleo-para-la-romana-spm-y-bani","status":"publish","type":"post","link":"https:\/\/lasprimeras.com.do\/index.php\/2023\/05\/09\/ministerio-de-trabajo-invita-a-jornada-de-empleo-para-la-romana-spm-y-bani\/","title":{"rendered":"Ministerio de Trabajo invita a jornada de empleo para La Romana, SPM y Ban\u00ed"},"content":{"rendered":"\n<p><strong>Santo Domingo. &#8211; <\/strong>El Ministerio de Trabajo en su funci\u00f3n de intermediario de las empresas que necesitan cubrir sus vacantes disponibles, invita a las personas interesadas a participar en las ferias de empleo que se realizar\u00e1n este 10 y 11 de mayo, para La Romana y el viernes 12 de mayo para Ban\u00ed, as\u00ed como una jornada de empleo en San Pedro de Macor\u00eds.<\/p>\n\n\n\n<p>Tanto las ferias como la jornada, se llevar\u00e1n a cabo de 9:00 de la ma\u00f1ana a 2:00 de la tarde.<\/p>\n\n\n\n<p>La feria de La Romana ser\u00e1 realizada en la Regional del INFOTEP, ubicada en la Autopista del Este km 5, Villa Hermosa.<\/p>\n\n\n\n<p>En tanto que, la de Ban\u00ed se llevar\u00e1 a cabo en la Calle Mella esq. Avenida Presidente Billini.<\/p>\n\n\n\n<p>La jornada de empleo de San Pedro de Macor\u00eds se realizar\u00e1 en la Gobernaci\u00f3n Provincial en la calle Francisco Dom\u00ednguez Charro n\u00famero 8.<\/p>\n\n\n\n<p>Las vacantes para La Romana son: Supervisores, electrodomec\u00e1nicos, frigoristas, gerente de restaurantes, cajeros, repartidores (deliveries), cocineros, ejecutivos de ventas, ejecutivos de negocios, representantes de ventas al detalle, representante de operaciones de ventas, l\u00edderes de ventas al detalle, supervisores de ventas, t\u00e9cnicos, ebanistas, servicios generales (utility).<\/p>\n\n\n\n<p>Las vacantes para San Pedro de Macor\u00eds son: Capit\u00e1n, supervisores, baristas, bartender, t\u00e9cnicos, ebanistas, servicios generales, electromec\u00e1nicos y frigoristas.<\/p>\n\n\n\n<p>Las vacantes para Ban\u00ed son: Gerente de tienda, Subgerente de tienda, representante de servicio al cliente, especialista de reparto seguro (repartidor), asesores de venta, promotoras de ventas, auxiliar de almac\u00e9n, auxiliar de distribuci\u00f3n, chofer de distribuci\u00f3n y pintores.<\/p>\n\n\n\n<p>Los requisitos para todas las vacantes est\u00e1n detallados en las redes sociales de este Ministerio de Trabajo.<\/p>\n\n\n\n<p>El Ministerio de Trabajo aclara que el proceso de reclutamiento depende de cada empresa, algunas de ellas toman un poco m\u00e1s de tiempo, debido a la naturaleza de sus vacantes.<\/p>\n\n\n\n<p>Los interesados favor registrarse en la p\u00e1gina web: rdtrabaja.mt.gob.do o llamar a los tel\u00e9fonos: (809) 550-6970 y (809)635-4638 para La Romana; (809) 545-9464 para Ban\u00ed; y (829) 840 7746, para San Pedro de Macor\u00eds.<\/p>\n","protected":false},"excerpt":{"rendered":"<p>Santo Domingo. &#8211; El Ministerio de Trabajo en su funci\u00f3n de intermediario de las empresas que necesitan cubrir sus vacantes disponibles, invita a las personas interesadas a participar en las&hellip;<\/p>\n","protected":false},"author":1,"featured_media":42281,"comment_status":"open","ping_status":"open","sticky":false,"template":"","format":"standard","meta":{"content-type":"","jetpack_post_was_ever_published":false,"_jetpack_newsletter_access":"","_jetpack_dont_email_post_to_subs":false,"_jetpack_newsletter_tier_id":0,"_jetpack_memberships_contains_paywalled_content":false,"_jetpack_memberships_contains_paid_content":false,"footnotes":""},"categories":[39],"tags":[963,964,281,965,444,966,967],"class_list":["post-49281","post","type-post","status-publish","format-standard","has-post-thumbnail","hentry","category-economia","tag-bani","tag-empleo","tag-jornada","tag-la-romana","tag-ministerio","tag-spm","tag-trabajo"],"jetpack_featured_media_url":"","jetpack-related-posts":[{"id":65065,"url":"https:\/\/lasprimeras.com.do\/index.php\/2023\/10\/25\/ministerio-de-trabajo-invita-a-ferias-de-empleo-para-veron-spm-y-el-dn\/","url_meta":{"origin":49281,"position":0},"title":"Ministerio de Trabajo invita a ferias de empleo para Ver\u00f3n, SPM y el DN","author":"Nelson Feliz","date":"25 de octubre de 2023","format":false,"excerpt":"El Ministerio de Trabajo en su funci\u00f3n de intermediario de las empresas que necesitan cubrir sus vacantes disponibles, invita a las personas interesadas a participar en las ferias de empleo que se realizar\u00e1n este jueves 26 de octubre de 2023 en Ver\u00f3n, Hig\u00fcey; y el viernes 27 en San Pedro\u2026","rel":"","context":"En \u00abECONOM\u00cdA\u00bb","block_context":{"text":"ECONOM\u00cdA","link":"https:\/\/lasprimeras.com.do\/index.php\/category\/economia\/"},"img":{"alt_text":"Ministerio de Trabajo","src":"https:\/\/i0.wp.com\/lasprimeras.com.do\/wp-content\/uploads\/2023\/07\/Ministerio-de-Trabajo.jpg?resize=350%2C200&ssl=1","width":350,"height":200,"srcset":"https:\/\/i0.wp.com\/lasprimeras.com.do\/wp-content\/uploads\/2023\/07\/Ministerio-de-Trabajo.jpg?resize=350%2C200&ssl=1 1x, https:\/\/i0.wp.com\/lasprimeras.com.do\/wp-content\/uploads\/2023\/07\/Ministerio-de-Trabajo.jpg?resize=525%2C300&ssl=1 1.5x, https:\/\/i0.wp.com\/lasprimeras.com.do\/wp-content\/uploads\/2023\/07\/Ministerio-de-Trabajo.jpg?resize=700%2C400&ssl=1 2x"},"classes":[]},{"id":87931,"url":"https:\/\/lasprimeras.com.do\/index.php\/2024\/08\/19\/ministro-de-trabajo-invita-a-jornadas-de-empleo-para-empresa-de-cruceros-en-la-romana-dn-y-puerto-plata\/","url_meta":{"origin":49281,"position":1},"title":"Ministro de Trabajo invita a jornadas de empleo para empresa de cruceros en La Romana, DN y Puerto Plata","author":"Nelson Feliz","date":"19 de agosto de 2024","format":false,"excerpt":"El Ministerio de Trabajo en su funci\u00f3n de intermediario de las empresas que necesitan cubrir sus vacantes disponibles, invita a las personas interesadas a participar en las jornadas de empleo para una empresa de cruceros, este mi\u00e9rcoles 21 de agosto del 2024, jueves 22 y viernes 23, en La Romana,\u2026","rel":"","context":"En \u00abECONOM\u00cdA\u00bb","block_context":{"text":"ECONOM\u00cdA","link":"https:\/\/lasprimeras.com.do\/index.php\/category\/economia\/"},"img":{"alt_text":"Ministerio de Trabajo","src":"https:\/\/i0.wp.com\/lasprimeras.com.do\/wp-content\/uploads\/2023\/07\/Ministerio-de-Trabajo.jpg?resize=350%2C200&ssl=1","width":350,"height":200,"srcset":"https:\/\/i0.wp.com\/lasprimeras.com.do\/wp-content\/uploads\/2023\/07\/Ministerio-de-Trabajo.jpg?resize=350%2C200&ssl=1 1x, https:\/\/i0.wp.com\/lasprimeras.com.do\/wp-content\/uploads\/2023\/07\/Ministerio-de-Trabajo.jpg?resize=525%2C300&ssl=1 1.5x, https:\/\/i0.wp.com\/lasprimeras.com.do\/wp-content\/uploads\/2023\/07\/Ministerio-de-Trabajo.jpg?resize=700%2C400&ssl=1 2x"},"classes":[]},{"id":51408,"url":"https:\/\/lasprimeras.com.do\/index.php\/2023\/05\/30\/ministerio-de-trabajo-invita-a-feria-y-jornada-de-empleo-para-nagua-y-el-distrito-nacional\/","url_meta":{"origin":49281,"position":2},"title":"Ministerio de Trabajo invita a feria y jornada de empleo para Nagua y el Distrito Nacional","author":"prenxa100","date":"30 de mayo de 2023","format":false,"excerpt":"Santo Domingo. El Ministerio de Trabajo en su funci\u00f3n de intermediario de las empresas que necesitan cubrir sus vacantes disponibles, invita a las personas interesadas a participar en la feria de empleo este jueves 1 y viernes 2 de junio en Nagua y el viernes 2 a la jornada de\u2026","rel":"","context":"En \u00abECONOM\u00cdA\u00bb","block_context":{"text":"ECONOM\u00cdA","link":"https:\/\/lasprimeras.com.do\/index.php\/category\/economia\/"},"img":{"alt_text":"","src":"","width":0,"height":0},"classes":[]},{"id":56095,"url":"https:\/\/lasprimeras.com.do\/index.php\/2023\/07\/27\/ministerio-de-trabajo-invita-a-jornada-y-feria-de-empleo-para-puerto-plata-y-mao\/","url_meta":{"origin":49281,"position":3},"title":"Ministerio de Trabajo invita a jornada y feria de empleo para Puerto Plata y Mao\u00a0","author":"Nelson Feliz","date":"27 de julio de 2023","format":false,"excerpt":"El Ministerio de Trabajo en su funci\u00f3n de intermediario de las empresas que necesitan cubrir sus vacantes disponibles, invita a las personas interesadas a participar en la jornada y feria de empleo que se realizar\u00e1n este viernes 28 de julio para Puerto Plata y Mao, Valverde.\u00a0 Ambas ferias se llevar\u00e1n\u2026","rel":"","context":"En \u00abECONOM\u00cdA\u00bb","block_context":{"text":"ECONOM\u00cdA","link":"https:\/\/lasprimeras.com.do\/index.php\/category\/economia\/"},"img":{"alt_text":"Ministerio de Trabajo","src":"https:\/\/i0.wp.com\/lasprimeras.com.do\/wp-content\/uploads\/2023\/07\/Ministerio-de-Trabajo.jpg?resize=350%2C200&ssl=1","width":350,"height":200,"srcset":"https:\/\/i0.wp.com\/lasprimeras.com.do\/wp-content\/uploads\/2023\/07\/Ministerio-de-Trabajo.jpg?resize=350%2C200&ssl=1 1x, https:\/\/i0.wp.com\/lasprimeras.com.do\/wp-content\/uploads\/2023\/07\/Ministerio-de-Trabajo.jpg?resize=525%2C300&ssl=1 1.5x, https:\/\/i0.wp.com\/lasprimeras.com.do\/wp-content\/uploads\/2023\/07\/Ministerio-de-Trabajo.jpg?resize=700%2C400&ssl=1 2x"},"classes":[]},{"id":60996,"url":"https:\/\/lasprimeras.com.do\/index.php\/2023\/09\/21\/ministerio-de-trabajo-invita-a-jornada-de-empleo-en-san-juan-de-la-maguana\/","url_meta":{"origin":49281,"position":4},"title":"Ministerio de Trabajo invita a Jornada de Empleo en San Juan de la Maguana\u00a0","author":"Nelson Feliz","date":"21 de septiembre de 2023","format":false,"excerpt":"El Ministerio de Trabajo en su funci\u00f3n de intermediario de las empresas que necesitan cubrir sus vacantes, invita a las personas interesadas a participar en la Jornada de Empleo n\u00fam. 334, que se realizar\u00e1 en San Juan de la Maguana, este viernes 22 de septiembre.\u00a0 La jornada se llevar\u00e1 a\u2026","rel":"","context":"En \u00abECONOM\u00cdA\u00bb","block_context":{"text":"ECONOM\u00cdA","link":"https:\/\/lasprimeras.com.do\/index.php\/category\/economia\/"},"img":{"alt_text":"Ministerio de Trabajo","src":"https:\/\/i0.wp.com\/lasprimeras.com.do\/wp-content\/uploads\/2023\/09\/Ministerio-de-Trabajo.jpg?resize=350%2C200&ssl=1","width":350,"height":200,"srcset":"https:\/\/i0.wp.com\/lasprimeras.com.do\/wp-content\/uploads\/2023\/09\/Ministerio-de-Trabajo.jpg?resize=350%2C200&ssl=1 1x, https:\/\/i0.wp.com\/lasprimeras.com.do\/wp-content\/uploads\/2023\/09\/Ministerio-de-Trabajo.jpg?resize=525%2C300&ssl=1 1.5x, https:\/\/i0.wp.com\/lasprimeras.com.do\/wp-content\/uploads\/2023\/09\/Ministerio-de-Trabajo.jpg?resize=700%2C400&ssl=1 2x"},"classes":[]},{"id":50072,"url":"https:\/\/lasprimeras.com.do\/index.php\/2023\/05\/16\/ministerio-de-trabajo-invita-a-jornadas-de-empleo-para-la-altagracia-y-santiago\/","url_meta":{"origin":49281,"position":5},"title":"Ministerio de Trabajo invita a jornadas de empleo para La Altagracia y Santiago","author":"prenxa100","date":"16 de mayo de 2023","format":false,"excerpt":"Santo Domingo. El Ministerio de Trabajo en su funci\u00f3n de intermediario de las empresas que necesitan cubrir sus vacantes disponibles, invita a las personas interesadas a participar en las jornadas de empleo que se realizar\u00e1n este mi\u00e9rcoles 17 de mayo en Ver\u00f3n, La Altagracia y el viernes 19 de este\u2026","rel":"","context":"En \u00abECONOM\u00cdA\u00bb","block_context":{"text":"ECONOM\u00cdA","link":"https:\/\/lasprimeras.com.do\/index.php\/category\/economia\/"},"img":{"alt_text":"","src":"","width":0,"height":0},"classes":[]}],"jetpack_sharing_enabled":true,"_links":{"self":[{"href":"https:\/\/lasprimeras.com.do\/index.php\/wp-json\/wp\/v2\/posts\/49281","targetHints":{"allow":["GET"]}}],"collection":[{"href":"https:\/\/lasprimeras.com.do\/index.php\/wp-json\/wp\/v2\/posts"}],"about":[{"href":"https:\/\/lasprimeras.com.do\/index.php\/wp-json\/wp\/v2\/types\/post"}],"author":[{"embeddable":true,"href":"https:\/\/lasprimeras.com.do\/index.php\/wp-json\/wp\/v2\/users\/1"}],"replies":[{"embeddable":true,"href":"https:\/\/lasprimeras.com.do\/index.php\/wp-json\/wp\/v2\/comments?post=49281"}],"version-history":[{"count":0,"href":"https:\/\/lasprimeras.com.do\/index.php\/wp-json\/wp\/v2\/posts\/49281\/revisions"}],"wp:featuredmedia":[{"embeddable":true,"href":"https:\/\/lasprimeras.com.do\/index.php\/wp-json\/"}],"wp:attachment":[{"href":"https:\/\/lasprimeras.com.do\/index.php\/wp-json\/wp\/v2\/media?parent=49281"}],"wp:term":[{"taxonomy":"category","embeddable":true,"href":"https:\/\/lasprimeras.com.do\/index.php\/wp-json\/wp\/v2\/categories?post=49281"},{"taxonomy":"post_tag","embeddable":true,"href":"https:\/\/lasprimeras.com.do\/index.php\/wp-json\/wp\/v2\/tags?post=49281"}],"curies":[{"name":"wp","href":"https:\/\/api.w.org\/{rel}","templated":true}]}}