{"id":49286,"date":"2023-05-09T21:54:52","date_gmt":"2023-05-10T01:54:52","guid":{"rendered":"https:\/\/atento.com.do\/?p=49286"},"modified":"2023-05-09T21:54:52","modified_gmt":"2023-05-10T01:54:52","slug":"fallece-orfila-salazar-encargada-de-cruceros-del-mitur","status":"publish","type":"post","link":"https:\/\/lasprimeras.com.do\/index.php\/2023\/05\/09\/fallece-orfila-salazar-encargada-de-cruceros-del-mitur\/","title":{"rendered":"Fallece Orfila Salazar, encargada de Cruceros del MITUR"},"content":{"rendered":"\n<p><strong>Santo Domingo. &#8211; <\/strong>El Ministerio de Turismo (MITUR) lamenta profundamente el sorpresivo fallecimiento de la encargada del departamento de Cruceros de esta instituci\u00f3n, Orfila Salazar Sim\u00f3, tras padecer quebrantos de salud en una cl\u00ednica privada de la capital.<\/p>\n\n\n\n<p>Sus restos ser\u00e1n velados en la funeraria Blandino de la avenida Abraham Lincoln de Santo Domingo desde las 8:00 de la ma\u00f1ana hasta las 3:00 de la tarde de este martes 9 de mayo.<\/p>\n\n\n\n<p>Posteriormente, el sepelio se llevar\u00e1 a cabo, a las 4 de la tarde, en el cementerio Puerta del cielo.<\/p>\n\n\n\n<p>El ministro de Turismo, David Collado, quien se encuentra en Argentina, promoviendo el pa\u00eds, expres\u00f3 su pesar por la triste partida de su directora de Cruceros.<\/p>\n\n\n\n<p>&#8220;El tur\u00edstico perdi\u00f3 una gran profesional del sector de cruceros, pero sus familiares, amigos y compa\u00f1eros de trabajos perdimos un ser excepcional&#8221;, dijo ministro Collado, quien se encuentra en Argentina y posteriormente partir\u00e1 a Brasil en viaje de promoci\u00f3n del pa\u00eds para garantizar que m\u00e1s turistas sigan visitando Rep\u00fablica Dominicana.<\/p>\n\n\n\n<p>A la hora de su triste fallecimiento Salazar llevaba m\u00e1s de 30 a\u00f1os de experiencia, promocionando Rep\u00fablica Dominicana como destino de cruceros, aportando al desarrollo sostenible e inversi\u00f3n en la industria.<\/p>\n\n\n\n<p>Reconocida internacionalmente en la industria de cruceros, Salazar obtuvo reconocimientos de entidades p\u00fablicas y privadas del pa\u00eds como el Ministerio de la Mujer, Autoridad Portuaria Dominicana (APORDOM), Armada Dominicana, Sans Souci Ports, entre otras, por su eficiente labor al frente del departamento de Cruceros del MITUR.<\/p>\n\n\n\n<p>Adem\u00e1s, en abril del 2015 fue reconocida por Carnival Cruise Line por el apoyo incondicional al desarrollo del puerto Amber Cove, en Puerto Plata, y el amor a la industria de cruceros, asimismo, Galard\u00f3n en Ventas de cruceros por la misma empresa naviera.<\/p>\n\n\n\n<p>Curs\u00f3 estudios de licenciatura en contabilidad de la Universidad Aut\u00f3noma de Santo Domingo -UASD.<\/p>\n\n\n\n<p>En su largo recorrido por el Mitur, Salazar tuvo una activa participaci\u00f3n en la organizaci\u00f3n de talleres y capacitaciones para garantizar mayor eficiencia y calidad al personal que brinda los servicios a los turistas que llegan por los distintos puertos de cruceros con que cuenta el pa\u00eds.<\/p>\n","protected":false},"excerpt":{"rendered":"<p>Santo Domingo. &#8211; El Ministerio de Turismo (MITUR) lamenta profundamente el sorpresivo fallecimiento de la encargada del departamento de Cruceros de esta instituci\u00f3n, Orfila Salazar Sim\u00f3, tras padecer quebrantos de&hellip;<\/p>\n","protected":false},"author":1,"featured_media":49287,"comment_status":"open","ping_status":"open","sticky":false,"template":"","format":"standard","meta":{"content-type":"","jetpack_post_was_ever_published":false,"_jetpack_newsletter_access":"","_jetpack_dont_email_post_to_subs":false,"_jetpack_newsletter_tier_id":0,"_jetpack_memberships_contains_paywalled_content":false,"_jetpack_memberships_contains_paid_content":false,"footnotes":""},"categories":[35],"tags":[973],"class_list":["post-49286","post","type-post","status-publish","format-standard","has-post-thumbnail","hentry","category-nacionales","tag-mitur"],"jetpack_featured_media_url":"","jetpack-related-posts":[{"id":72094,"url":"https:\/\/lasprimeras.com.do\/index.php\/2023\/12\/26\/rd-rompe-record-con-mas-de-10-millones-de-visitantes-en-2023\/","url_meta":{"origin":49286,"position":0},"title":"RD rompe r\u00e9cord con m\u00e1s de 10 millones de visitantes en 2023","author":"Nelson Feliz","date":"26 de diciembre de 2023","format":false,"excerpt":"El ministro de Turismo, David Collado, inform\u00f3 que este 26 de diciembre, Rep\u00fablica Dominicana recibi\u00f3 su visitante n\u00famero 10 millones del 2023, lo que marc\u00f3 un hito sin precedentes en el turismo del pa\u00eds y de toda la regi\u00f3n. Collado indic\u00f3 que la tan anhelada cifra se alcanz\u00f3 por primera\u2026","rel":"","context":"En \u00abPORTADA\u00bb","block_context":{"text":"PORTADA","link":"https:\/\/lasprimeras.com.do\/index.php\/category\/portada\/"},"img":{"alt_text":"Visitante 10 millones","src":"https:\/\/i0.wp.com\/lasprimeras.com.do\/wp-content\/uploads\/2023\/12\/Visitante-10-millones.jpg?resize=350%2C200&ssl=1","width":350,"height":200,"srcset":"https:\/\/i0.wp.com\/lasprimeras.com.do\/wp-content\/uploads\/2023\/12\/Visitante-10-millones.jpg?resize=350%2C200&ssl=1 1x, https:\/\/i0.wp.com\/lasprimeras.com.do\/wp-content\/uploads\/2023\/12\/Visitante-10-millones.jpg?resize=525%2C300&ssl=1 1.5x, https:\/\/i0.wp.com\/lasprimeras.com.do\/wp-content\/uploads\/2023\/12\/Visitante-10-millones.jpg?resize=700%2C400&ssl=1 2x"},"classes":[]},{"id":54561,"url":"https:\/\/lasprimeras.com.do\/index.php\/2023\/07\/12\/republica-dominicana-cierra-primer-semestre-2023-con-cifras-record-en-llegada-de-cruceros\/","url_meta":{"origin":49286,"position":1},"title":"Rep\u00fablica Dominicana cierra primer semestre 2023 con cifras r\u00e9cord en llegada de cruceros","author":"Nelson Feliz","date":"12 de julio de 2023","format":false,"excerpt":"El turismo de cruceros en Rep\u00fablica Dominicana alcanz\u00f3 niveles altos en junio de 2023 con un cierre excepcional reportado por la Autoridad Portuaria Dominicana (APORDOM), que registr\u00f3 el arribo de 144,525 cruceristas a bordo de 44 embarcaciones; concluido el primer semestre del a\u00f1o 2023 con 1,266,732 pasajeros v\u00eda mar\u00edtima. Los\u2026","rel":"","context":"En \u00abTURISMO\u00bb","block_context":{"text":"TURISMO","link":"https:\/\/lasprimeras.com.do\/index.php\/category\/turismo\/"},"img":{"alt_text":"cruceros","src":"https:\/\/i0.wp.com\/lasprimeras.com.do\/wp-content\/uploads\/2023\/07\/cruceros.jpg?resize=350%2C200&ssl=1","width":350,"height":200,"srcset":"https:\/\/i0.wp.com\/lasprimeras.com.do\/wp-content\/uploads\/2023\/07\/cruceros.jpg?resize=350%2C200&ssl=1 1x, https:\/\/i0.wp.com\/lasprimeras.com.do\/wp-content\/uploads\/2023\/07\/cruceros.jpg?resize=525%2C300&ssl=1 1.5x, https:\/\/i0.wp.com\/lasprimeras.com.do\/wp-content\/uploads\/2023\/07\/cruceros.jpg?resize=700%2C400&ssl=1 2x"},"classes":[]},{"id":72886,"url":"https:\/\/lasprimeras.com.do\/index.php\/2024\/01\/04\/la-llegada-hoy-del-primer-crucero-dinamiza-pedernales\/","url_meta":{"origin":49286,"position":2},"title":"La llegada hoy del primer crucero dinamiza Pedernales","author":"BIMARY DE JES\u00daS Matos","date":"4 de enero de 2024","format":false,"excerpt":"SANTO DOMINGO.-El dinamismo empez\u00f3 a sentirse en la provincia de Pedernales previo a la inauguraci\u00f3n de la primera etapa del puerto de cabo Rojo, lugar que abrir\u00e1 sus puertas al turismo internacional con la llegada del primer crucero. Desde el pasado martes los hoteles y hospedajes de la zona se\u2026","rel":"","context":"En \u00abPORTADA\u00bb","block_context":{"text":"PORTADA","link":"https:\/\/lasprimeras.com.do\/index.php\/category\/portada\/"},"img":{"alt_text":"","src":"https:\/\/i0.wp.com\/lasprimeras.com.do\/wp-content\/uploads\/2024\/01\/WhatsApp-Image-2024-01-03-at-11.55.29-PM-1.webp?resize=350%2C200&ssl=1","width":350,"height":200,"srcset":"https:\/\/i0.wp.com\/lasprimeras.com.do\/wp-content\/uploads\/2024\/01\/WhatsApp-Image-2024-01-03-at-11.55.29-PM-1.webp?resize=350%2C200&ssl=1 1x, https:\/\/i0.wp.com\/lasprimeras.com.do\/wp-content\/uploads\/2024\/01\/WhatsApp-Image-2024-01-03-at-11.55.29-PM-1.webp?resize=525%2C300&ssl=1 1.5x"},"classes":[]},{"id":72985,"url":"https:\/\/lasprimeras.com.do\/index.php\/2024\/01\/04\/abinader-proyecta-la-llegada-de-un-millon-de-cruceristas-a-cabo-rojo\/","url_meta":{"origin":49286,"position":3},"title":"Abinader proyecta la llegada de un mill\u00f3n de cruceristas a Cabo Rojo","author":"BIMARY DE JES\u00daS Matos","date":"4 de enero de 2024","format":false,"excerpt":"Santo Domingo.-El presidente Luis Abinader proyect\u00f3 para el 2026 la llegada de un mill\u00f3n de cruceristas por a\u00f1o con la puesta en funcionamiento del nuevo puerto de Cabo Rojo en Pedernales, a 245 kil\u00f3metros al suroeste de la capital dominicana. Al encabezar la inauguraci\u00f3n de la primera fase de este\u2026","rel":"","context":"En \u00abPORTADA\u00bb","block_context":{"text":"PORTADA","link":"https:\/\/lasprimeras.com.do\/index.php\/category\/portada\/"},"img":{"alt_text":"","src":"https:\/\/i0.wp.com\/lasprimeras.com.do\/wp-content\/uploads\/2024\/01\/Llego-el-primer-crucero-del-2024-a-Puerto-de-Cabo-Rojo-2.jpg?resize=350%2C200&ssl=1","width":350,"height":200,"srcset":"https:\/\/i0.wp.com\/lasprimeras.com.do\/wp-content\/uploads\/2024\/01\/Llego-el-primer-crucero-del-2024-a-Puerto-de-Cabo-Rojo-2.jpg?resize=350%2C200&ssl=1 1x, https:\/\/i0.wp.com\/lasprimeras.com.do\/wp-content\/uploads\/2024\/01\/Llego-el-primer-crucero-del-2024-a-Puerto-de-Cabo-Rojo-2.jpg?resize=525%2C300&ssl=1 1.5x"},"classes":[]},{"id":80480,"url":"https:\/\/lasprimeras.com.do\/index.php\/2024\/04\/09\/mas-de-5000-cruceristas-en-cabo-rojo-este-ano\/","url_meta":{"origin":49286,"position":4},"title":"M\u00e1s de 5,000 cruceristas en Cabo Rojo este a\u00f1o","author":"BIMARY DE JES\u00daS Matos","date":"9 de abril de 2024","format":false,"excerpt":"PEDERNALES .-Como reyes y princesas fueron recibidos los m\u00e1s de dos mil cruceristas que ayer ingresaron al pa\u00eds por el puerto de Cabo Rojo en Pedernales, para los que se prepar\u00f3 un montaje de bienvenidas con actividades diversas que fueron bien acogida por los visitantes. El Nieuw Amsterdam es el\u2026","rel":"","context":"En \u00abNACIONALES\u00bb","block_context":{"text":"NACIONALES","link":"https:\/\/lasprimeras.com.do\/index.php\/category\/nacionales\/"},"img":{"alt_text":"","src":"https:\/\/i0.wp.com\/lasprimeras.com.do\/wp-content\/uploads\/2024\/04\/8_Nacionales_09_01p01.jpg?resize=350%2C200&ssl=1","width":350,"height":200,"srcset":"https:\/\/i0.wp.com\/lasprimeras.com.do\/wp-content\/uploads\/2024\/04\/8_Nacionales_09_01p01.jpg?resize=350%2C200&ssl=1 1x, https:\/\/i0.wp.com\/lasprimeras.com.do\/wp-content\/uploads\/2024\/04\/8_Nacionales_09_01p01.jpg?resize=525%2C300&ssl=1 1.5x, https:\/\/i0.wp.com\/lasprimeras.com.do\/wp-content\/uploads\/2024\/04\/8_Nacionales_09_01p01.jpg?resize=700%2C400&ssl=1 2x, https:\/\/i0.wp.com\/lasprimeras.com.do\/wp-content\/uploads\/2024\/04\/8_Nacionales_09_01p01.jpg?resize=1050%2C600&ssl=1 3x"},"classes":[]},{"id":86015,"url":"https:\/\/lasprimeras.com.do\/index.php\/2024\/07\/14\/cancelan-tour-tren-turistico-en-puerto-plata-incumpliendo-con-linea-de-cruceros\/","url_meta":{"origin":49286,"position":5},"title":"Cancelan Tour Tren Tur\u00edstico en Puerto Plata incumpliendo con l\u00ednea de cruceros","author":"Nelson Feliz","date":"14 de julio de 2024","format":false,"excerpt":"Un crucero de la empresa Carnival con un tour del Tren Tur\u00edstico agendado, fue cancelado por tercera ocasi\u00f3n a \u00faltimo minuto por la no autorizaci\u00f3n de la Alcald\u00eda de Puerto Plata el pasado jueves 11 de julio, a pesar de que la l\u00ednea de cruceros ya hab\u00eda realizado la comercializaci\u00f3n\u2026","rel":"","context":"En \u00abTURISMO\u00bb","block_context":{"text":"TURISMO","link":"https:\/\/lasprimeras.com.do\/index.php\/category\/turismo\/"},"img":{"alt_text":"","src":"https:\/\/i0.wp.com\/lasprimeras.com.do\/wp-content\/uploads\/2024\/07\/Tren-2.jpg?resize=350%2C200&ssl=1","width":350,"height":200,"srcset":"https:\/\/i0.wp.com\/lasprimeras.com.do\/wp-content\/uploads\/2024\/07\/Tren-2.jpg?resize=350%2C200&ssl=1 1x, https:\/\/i0.wp.com\/lasprimeras.com.do\/wp-content\/uploads\/2024\/07\/Tren-2.jpg?resize=525%2C300&ssl=1 1.5x, https:\/\/i0.wp.com\/lasprimeras.com.do\/wp-content\/uploads\/2024\/07\/Tren-2.jpg?resize=700%2C400&ssl=1 2x"},"classes":[]}],"jetpack_sharing_enabled":true,"_links":{"self":[{"href":"https:\/\/lasprimeras.com.do\/index.php\/wp-json\/wp\/v2\/posts\/49286","targetHints":{"allow":["GET"]}}],"collection":[{"href":"https:\/\/lasprimeras.com.do\/index.php\/wp-json\/wp\/v2\/posts"}],"about":[{"href":"https:\/\/lasprimeras.com.do\/index.php\/wp-json\/wp\/v2\/types\/post"}],"author":[{"embeddable":true,"href":"https:\/\/lasprimeras.com.do\/index.php\/wp-json\/wp\/v2\/users\/1"}],"replies":[{"embeddable":true,"href":"https:\/\/lasprimeras.com.do\/index.php\/wp-json\/wp\/v2\/comments?post=49286"}],"version-history":[{"count":0,"href":"https:\/\/lasprimeras.com.do\/index.php\/wp-json\/wp\/v2\/posts\/49286\/revisions"}],"wp:featuredmedia":[{"embeddable":true,"href":"https:\/\/lasprimeras.com.do\/index.php\/wp-json\/"}],"wp:attachment":[{"href":"https:\/\/lasprimeras.com.do\/index.php\/wp-json\/wp\/v2\/media?parent=49286"}],"wp:term":[{"taxonomy":"category","embeddable":true,"href":"https:\/\/lasprimeras.com.do\/index.php\/wp-json\/wp\/v2\/categories?post=49286"},{"taxonomy":"post_tag","embeddable":true,"href":"https:\/\/lasprimeras.com.do\/index.php\/wp-json\/wp\/v2\/tags?post=49286"}],"curies":[{"name":"wp","href":"https:\/\/api.w.org\/{rel}","templated":true}]}}