{"id":49294,"date":"2023-05-09T22:06:46","date_gmt":"2023-05-10T02:06:46","guid":{"rendered":"https:\/\/atento.com.do\/?p=49294"},"modified":"2023-05-09T22:06:46","modified_gmt":"2023-05-10T02:06:46","slug":"jce-oficializa-resolucion-que-establece-la-reserva-del-20-de-las-candidaturas-por-nivel-electoral","status":"publish","type":"post","link":"https:\/\/lasprimeras.com.do\/index.php\/2023\/05\/09\/jce-oficializa-resolucion-que-establece-la-reserva-del-20-de-las-candidaturas-por-nivel-electoral\/","title":{"rendered":"JCE oficializa resoluci\u00f3n que establece la reserva del 20% de las candidaturas por nivel electoral"},"content":{"rendered":"\n<p>El art\u00edculo 58 de la Ley 33-18 se\u00f1ala que el organismo de m\u00e1xima direcci\u00f3n colegiada de todo partido, agrupaci\u00f3n o movimiento pol\u00edtico, con la aprobaci\u00f3n de sus integrantes, tiene el derecho de reservar a conveniencia de su organizaci\u00f3n.<\/p>\n\n\n\n<p><strong>Santo Domingo, RD.-.<\/strong> Casi 24 horas despu\u00e9s de que se venci\u00f3 el plazo para que los partidos depositaran por escrito su parecer ante el borrador presentado por las autoridades electorales, la Junta Central Electoral (JCE) oficializ\u00f3 la resoluci\u00f3n n\u00famero 13-2023 que oficializa que las reservas del 20 % de las candidaturas que deban ser realizadas por las organizaciones pol\u00edticas, se debe de aplicar por cada nivel electoral y no en la universalidad de los cargos electivos.<\/p>\n\n\n\n<p>El \u00f3rgano tom\u00f3 la decisi\u00f3n basada en una decisi\u00f3n del Tribunal Superior Electoral (TSE) que en 2019, bajo la presidencia del actual presidente de la JCE Rom\u00e1n J\u00e1quez Liranzo, anul\u00f3 las reservas del Partido Revolucionario Moderno (PRM) al determinar que ese partido aplic\u00f3 mal lo establecido en la ley de partidos, ya que seg\u00fan la intenci\u00f3n de ese organismo el texto legislativo &#8220;no dispone una reserva del 20 % del total de las nominaciones, sino que las mismas deben ser segregadas por cada nivel de elecci\u00f3n&#8221;.<\/p>\n\n\n\n<p>Es decir, para el pr\u00f3ximo periodo electoral los partidos solo podr\u00e1n reservar plazas para las candidaturas de hasta 38 diputados y seis senadores; lo cual dificultar\u00eda el tema de negociaci\u00f3n de alianzas y coaliciones entre las organizaciones pol\u00edticas; adem\u00e1s de 32 alcaldes; 233 regidores, 47 directores con sus subdirectores y 147 vocales; mientras que todas las dem\u00e1s candidaturas deber\u00e1n ser disputadas en primarias, convenciones y\/o asambleas.<\/p>\n\n\n\n<p>La decisi\u00f3n de los miembros del pleno de la JCE fue tomada a pesar de que al menos unos 26 partidos de oposici\u00f3n se mostraron en contra de que la misma sea aplicada de esa manera y no de un 20% universal como era ejecutado y durante un encuentro con la prensa la pasada semana, indicaron que esa sentencia del TSE &#8220;no es vinculante&#8221; debido a que existe un texto legislativo m\u00e1s reciente.<\/p>\n\n\n\n<p>LOS TEXTOS LEGISLATIVOS<\/p>\n\n\n\n<p>Esa ley reciente a la que hicieron referencia fue a la nueva Ley Electoral 20-23 que en su art\u00edculo 106 se\u00f1ala que las alianzas son posibles en &#8220;una, en varias o en todas las provincias&#8221;.<\/p>\n\n\n\n<p>LO QUE DICE LA LEY DE PARTIDOS<\/p>\n\n\n\n<p>El art\u00edculo 58 de la Ley 33-18 se\u00f1ala que el organismo de m\u00e1xima direcci\u00f3n colegiada de todo partido, agrupaci\u00f3n o movimiento pol\u00edtico, con la aprobaci\u00f3n de sus integrantes, tiene el derecho de reservar a conveniencia de su organizaci\u00f3n, incluyendo los puestos cedidos a dirigentes de la misma organizaci\u00f3n o por acuerdos, alianzas o fusiones con otros, un m\u00e1ximo de candidaturas a cargos de elecci\u00f3n popular equivalente al 20 % del total de las nominaciones para los puestos de senadores, diputados, alcaldes, regidores, directores, subdirectores y vocales de distritos municipales establecidas por la Constituci\u00f3n y las leyes.<\/p>\n","protected":false},"excerpt":{"rendered":"<p>El art\u00edculo 58 de la Ley 33-18 se\u00f1ala que el organismo de m\u00e1xima direcci\u00f3n colegiada de todo partido, agrupaci\u00f3n o movimiento pol\u00edtico, con la aprobaci\u00f3n de sus integrantes, tiene el&hellip;<\/p>\n","protected":false},"author":1,"featured_media":47439,"comment_status":"open","ping_status":"open","sticky":false,"template":"","format":"standard","meta":{"content-type":"","jetpack_post_was_ever_published":false,"_jetpack_newsletter_access":"","_jetpack_dont_email_post_to_subs":false,"_jetpack_newsletter_tier_id":0,"_jetpack_memberships_contains_paywalled_content":false,"_jetpack_memberships_contains_paid_content":false,"footnotes":""},"categories":[35,25],"tags":[40,731,980,183,981,982,881,370],"class_list":["post-49294","post","type-post","status-publish","format-standard","has-post-thumbnail","hentry","category-nacionales","category-portada","tag-candidaturas","tag-electoral","tag-establece","tag-jce","tag-nivel","tag-oficializa","tag-reserva","tag-resolucion"],"jetpack_featured_media_url":"","jetpack-related-posts":[{"id":49392,"url":"https:\/\/lasprimeras.com.do\/index.php\/2023\/05\/10\/hipolito-si-partidos-protestan-por-resolucion-de-jce-hay-que-tirarle-tres-bombas\/","url_meta":{"origin":49294,"position":0},"title":"Hip\u00f3lito: si partidos protestan por resoluci\u00f3n de JCE hay que tirarle tres bombas","author":"prenxa100","date":"10 de mayo de 2023","format":false,"excerpt":"\u201cLes tiramos bombas lacrim\u00f3genas, igual que le tiramos a Leonel (Fern\u00e1ndez) aquella vez que hubo que llevarlo a una cl\u00ednica\u201d, sostuvo. Santo Domingo.-. El expresidente de la Rep\u00fablica, Hip\u00f3lito Mej\u00eda, calific\u00f3 como un \u201cdisparate\u201d la posici\u00f3n de algunos partidos pol\u00edticos de lanzarse a las calles en protesta por la resoluci\u00f3n\u2026","rel":"","context":"En \u00abPORTADA\u00bb","block_context":{"text":"PORTADA","link":"https:\/\/lasprimeras.com.do\/index.php\/category\/portada\/"},"img":{"alt_text":"","src":"","width":0,"height":0},"classes":[]},{"id":49984,"url":"https:\/\/lasprimeras.com.do\/index.php\/2023\/05\/16\/prd-agota-recurso-de-revision-a-resolucion-13-23-de-jce-sobre-reservas-de-candidaturas\/","url_meta":{"origin":49294,"position":1},"title":"PRD agota recurso de revisi\u00f3n a Resoluci\u00f3n 13-23 de JCE sobre reservas de candidaturas","author":"prenxa100","date":"16 de mayo de 2023","format":false,"excerpt":"Los perrede\u00edstas, junto a otros partidos, accionan ante el \u00f3rgano de comicios en oposici\u00f3n a la citada ordenanza, que consideran \u201cuna camisa de fuerza\u201d. Santo Domingo. \u2013 El Partido Revolucionario Dominicano (PRD), junto a otras 12 organizaciones de oposici\u00f3n, someti\u00f3 ante la Junta Central Electoral (JCE) un recurso de revisi\u00f3n\u2026","rel":"","context":"En \u00abPORTADA\u00bb","block_context":{"text":"PORTADA","link":"https:\/\/lasprimeras.com.do\/index.php\/category\/portada\/"},"img":{"alt_text":"","src":"","width":0,"height":0},"classes":[]},{"id":50774,"url":"https:\/\/lasprimeras.com.do\/index.php\/2023\/05\/23\/la-jce-ratifica-20-reservas-de-candidaturas-cada-nivel-eleccion\/","url_meta":{"origin":49294,"position":2},"title":"La JCE ratifica 20 % reservas de candidaturas cada nivel elecci\u00f3n","author":"prenxa100","date":"23 de mayo de 2023","format":false,"excerpt":"Santo Domingo.- La Junta Central Electoral (JCE) ratific\u00f3 que las agrupaciones pol\u00edticas solo podr\u00e1n reservarse el 20 % de las candidaturas por cada nivel de elecci\u00f3n, aunque modific\u00f3 parcialmente su anterior decisi\u00f3n al \u00abaclarar\u00bb que este porcentaje ser\u00e1 el \u00abm\u00e1ximo\u00bb a ser utilizado por los partidos. La JCE, en una\u2026","rel":"","context":"En \u00abPORTADA\u00bb","block_context":{"text":"PORTADA","link":"https:\/\/lasprimeras.com.do\/index.php\/category\/portada\/"},"img":{"alt_text":"","src":"","width":0,"height":0},"classes":[]},{"id":50087,"url":"https:\/\/lasprimeras.com.do\/index.php\/2023\/05\/17\/ambiguedad-de-texto-legal-genero-interpretacion-sobre-reservas-de-candidaturas\/","url_meta":{"origin":49294,"position":3},"title":"Ambig\u00fcedad de texto legal gener\u00f3 interpretaci\u00f3n sobre reservas de candidaturas","author":"prenxa100","date":"17 de mayo de 2023","format":false,"excerpt":"Santo Domingo, RD.-. El conflicto que enfrenta a varios partidos con la Junta Central Electoral (JCE) por las aplicaci\u00f3n del 20 por ciento de reservas de candidaturas, ha surgido por la ambig\u00fcedad del art\u00edculo 58 de la ley 33-18, de partidos, agrupaciones y movimientos pol\u00edticos, que se presta a interpretaci\u00f3n.\u2026","rel":"","context":"En \u00abNACIONALES\u00bb","block_context":{"text":"NACIONALES","link":"https:\/\/lasprimeras.com.do\/index.php\/category\/nacionales\/"},"img":{"alt_text":"","src":"","width":0,"height":0},"classes":[]},{"id":48723,"url":"https:\/\/lasprimeras.com.do\/index.php\/2023\/05\/03\/pleno-socializa-borrador-de-resolucion-de-reservas-de-candidaturas\/","url_meta":{"origin":49294,"position":4},"title":"Pleno socializa borrador de resoluci\u00f3n de reservas de candidaturas","author":"prenxa100","date":"3 de mayo de 2023","format":false,"excerpt":"Organizaciones pol\u00edticas tienen hasta el 8 de mayo para presentar observaciones. Santo Domingo.- El Pleno de la Junta Central Electoral (JCE) elabor\u00f3 el borrador de resoluci\u00f3n sobre la aplicaci\u00f3n del porcentaje de las reservas de las candidaturas que establece la Ley No. 33-18 de partidos, agrupaciones y movimientos pol\u00edticos para\u2026","rel":"","context":"En \u00abNACIONALES\u00bb","block_context":{"text":"NACIONALES","link":"https:\/\/lasprimeras.com.do\/index.php\/category\/nacionales\/"},"img":{"alt_text":"","src":"","width":0,"height":0},"classes":[]},{"id":53565,"url":"https:\/\/lasprimeras.com.do\/index.php\/2023\/06\/28\/fuerza-del-pueblo-deposito-reservas-de-candidaturas-ante-la-jce\/","url_meta":{"origin":49294,"position":5},"title":"Fuerza del Pueblo deposit\u00f3 reservas de candidaturas ante la JCE","author":"Nelson Feliz","date":"28 de junio de 2023","format":false,"excerpt":"El partido Fuerza del Pueblo (FP) deposit\u00f3 ante la Junta Central Electoral (JCE) sus reservas de candidaturas, en cumplimiento del plazo otorgado y correspondiente al 20% establecido en la ley 33-18 de Partidos y Agrupaciones Pol\u00edticas. El partido que preside el l\u00edder de la oposici\u00f3n pol\u00edtica dominicana, Leonel Fern\u00e1ndez, tambi\u00e9n\u2026","rel":"","context":"En \u00abSin categor\u00eda\u00bb","block_context":{"text":"Sin categor\u00eda","link":"https:\/\/lasprimeras.com.do\/index.php\/category\/sin-categoria\/"},"img":{"alt_text":"Manuel Crespo","src":"https:\/\/i0.wp.com\/lasprimeras.com.do\/wp-content\/uploads\/2023\/06\/Manuel-Crespo.jpg?resize=350%2C200&ssl=1","width":350,"height":200,"srcset":"https:\/\/i0.wp.com\/lasprimeras.com.do\/wp-content\/uploads\/2023\/06\/Manuel-Crespo.jpg?resize=350%2C200&ssl=1 1x, https:\/\/i0.wp.com\/lasprimeras.com.do\/wp-content\/uploads\/2023\/06\/Manuel-Crespo.jpg?resize=525%2C300&ssl=1 1.5x"},"classes":[]}],"jetpack_sharing_enabled":true,"_links":{"self":[{"href":"https:\/\/lasprimeras.com.do\/index.php\/wp-json\/wp\/v2\/posts\/49294","targetHints":{"allow":["GET"]}}],"collection":[{"href":"https:\/\/lasprimeras.com.do\/index.php\/wp-json\/wp\/v2\/posts"}],"about":[{"href":"https:\/\/lasprimeras.com.do\/index.php\/wp-json\/wp\/v2\/types\/post"}],"author":[{"embeddable":true,"href":"https:\/\/lasprimeras.com.do\/index.php\/wp-json\/wp\/v2\/users\/1"}],"replies":[{"embeddable":true,"href":"https:\/\/lasprimeras.com.do\/index.php\/wp-json\/wp\/v2\/comments?post=49294"}],"version-history":[{"count":0,"href":"https:\/\/lasprimeras.com.do\/index.php\/wp-json\/wp\/v2\/posts\/49294\/revisions"}],"wp:featuredmedia":[{"embeddable":true,"href":"https:\/\/lasprimeras.com.do\/index.php\/wp-json\/"}],"wp:attachment":[{"href":"https:\/\/lasprimeras.com.do\/index.php\/wp-json\/wp\/v2\/media?parent=49294"}],"wp:term":[{"taxonomy":"category","embeddable":true,"href":"https:\/\/lasprimeras.com.do\/index.php\/wp-json\/wp\/v2\/categories?post=49294"},{"taxonomy":"post_tag","embeddable":true,"href":"https:\/\/lasprimeras.com.do\/index.php\/wp-json\/wp\/v2\/tags?post=49294"}],"curies":[{"name":"wp","href":"https:\/\/api.w.org\/{rel}","templated":true}]}}