{"id":49306,"date":"2023-05-10T07:10:53","date_gmt":"2023-05-10T11:10:53","guid":{"rendered":"https:\/\/atento.com.do\/?p=49306"},"modified":"2023-05-10T07:10:53","modified_gmt":"2023-05-10T11:10:53","slug":"oceanus-investment-preve-inicio-desarrollo-de-bucanye-en-pedernales","status":"publish","type":"post","link":"https:\/\/lasprimeras.com.do\/index.php\/2023\/05\/10\/oceanus-investment-preve-inicio-desarrollo-de-bucanye-en-pedernales\/","title":{"rendered":"Oceanus Investment prev\u00e9 inicio desarrollo de Bucany\u00e9 en Pedernales"},"content":{"rendered":"\n<p><strong>Santo Domingo-.. <\/strong>La compa\u00f1\u00eda Oceanus Investment prev\u00e9 dar inicio a la construcci\u00f3n del proyecto tur\u00edstico Bucany\u00e9 en Pedernales el pr\u00f3ximo mes de noviembre si se cumplen los plazos administrativos que le permitan obtener la licencia ambiental.<\/p>\n\n\n\n<p>El representante legal de la compa\u00f1\u00eda, Salvador Catrain, ha explicado hoy que est\u00e1n a la espera de que el Ministerio de Medio Ambiente otorgue en un plazo m\u00e1ximo de 45 d\u00edas los t\u00e9rminos de referencia que permitan realizar el estudio de impacto ambiental de la zona para, posteriormente, obtener la licencia ambiental definitiva.<\/p>\n\n\n\n<p>Durante una entrevista en la Z101, Catrain ha afirmado que la empresa ha cumplido con todas solicitudes requeridas.<\/p>\n\n\n\n<p>El Ayuntamiento de Pedernales ya le otorg\u00f3 la no objeci\u00f3n de uso de suelo y \u00fanicamente est\u00e1 a la espera de la solicitud de autorizaci\u00f3n ambiental y de impacto m\u00ednimo. \u201cBucany\u00e9 se apega a la norma ambiental y tur\u00edstica y cumple con los usos de su categor\u00eda VI de \u00e1rea nacional de recreo que permite el desarrollo sostenible de un proyecto que promueva el beneficio social, econ\u00f3mico y la protecci\u00f3n del medioambiente\u201d, ha a\u00f1adido.<\/p>\n\n\n\n<p>El impacto social y econ\u00f3mico que tendr\u00e1 el proyecto en Pedernales es uno de los factores que la compa\u00f1\u00eda tiene m\u00e1s en cuenta. Seg\u00fan Catrain, Oceanus Investment prev\u00e9 invertir US$ 2,000 millones en Bucany\u00e9 en un plazo de 20 a\u00f1os para la construcci\u00f3n de 17,000 habitaciones.<\/p>\n\n\n\n<p>En la primera fase, siempre y cuando el Estado construya las infraestructuras urbanas necesarias, se destinar\u00edan US$ 35 millones en un hotel de 125 habitaciones con la creaci\u00f3n de 500 puestos de trabajo.<\/p>\n\n\n\n<p>En total, Bucany\u00e9 ser\u00e1 un generador de empleo. Se calcula que pueda dar trabajo directo a 51,000 personas, todas ellas de la provincia de Pedernales. \u201cColocaremos a Pedernales en el mundo. Haremos de la zona una marca pa\u00eds\u201d, ha subrayado Catrain.<\/p>\n\n\n\n<p>De su parte, el abogado asesor de Oceanus Investment, Francisco Manzano, ha dejado claro que los t\u00edtulos de propiedad de la parcela 40, que cuentan con la garant\u00eda soberana del Estado y donde se ubicar\u00e1 Bucany\u00e9, se compraron \u201cde buena fe\u201d a sus propietarios y se encontraban sin cargas ni grav\u00e1menes.<\/p>\n\n\n\n<p>\u201cAhora, adem\u00e1s, tenemos una certificaci\u00f3n de la jurisdicci\u00f3n inmobiliaria donde se hace constar que desde 2014 los terrenos no tienen litis con el Estado\u201d, ha agregado.<\/p>\n\n\n\n<p>Sobre las inquietudes de grupos ambientalistas, la empresa entiende sus preocupaciones y se reafirma en su compromiso con el respeto a la naturaleza, compromiso que recoge el propio m\u00e1ster plan del proyecto y que incluye informes mensuales de cumplimiento ambiental.<\/p>\n\n\n\n<p>\u201cEntendemos sus preocupaciones e invitamos a las asociaciones que lo deseen a que se sumen y nos acompa\u00f1en en el desarrollo sostenible de Bucany\u00e9. Si hay un gran beneficiario del proyecto es la comunidad y el pueblo de Pedernales. No queremos confrontar con nadie\u201d, ha afirmado Manzano.<\/p>\n","protected":false},"excerpt":{"rendered":"<p>Santo Domingo-.. La compa\u00f1\u00eda Oceanus Investment prev\u00e9 dar inicio a la construcci\u00f3n del proyecto tur\u00edstico Bucany\u00e9 en Pedernales el pr\u00f3ximo mes de noviembre si se cumplen los plazos administrativos que&hellip;<\/p>\n","protected":false},"author":1,"featured_media":49307,"comment_status":"open","ping_status":"open","sticky":false,"template":"","format":"standard","meta":{"content-type":"","jetpack_post_was_ever_published":false,"_jetpack_newsletter_access":"","_jetpack_dont_email_post_to_subs":false,"_jetpack_newsletter_tier_id":0,"_jetpack_memberships_contains_paywalled_content":false,"_jetpack_memberships_contains_paid_content":false,"footnotes":""},"categories":[25,376],"tags":[987,363,988,30],"class_list":["post-49306","post","type-post","status-publish","format-standard","has-post-thumbnail","hentry","category-portada","category-turismo","tag-bucanye","tag-desarrollo","tag-oceanus-investment","tag-pedernales"],"jetpack_featured_media_url":"","jetpack-related-posts":[{"id":124895,"url":"https:\/\/lasprimeras.com.do\/index.php\/2026\/03\/17\/republica-dominicana-traza-ruta-hacia-la-economia-espacial-con-proyecto-en-pedernales\/","url_meta":{"origin":49306,"position":0},"title":"Rep\u00fablica Dominicana traza ruta hacia la econom\u00eda espacial con proyecto en Pedernales","author":"Nelson Feliz","date":"17 de marzo de 2026","format":false,"excerpt":"La empresa LOD Holdings presentan iniciativa estrat\u00e9gica que posiciona al pa\u00eds como nuevo hub regional de lanzamientos, con enfoque sostenible, regulado y de inversi\u00f3n internacional. El proyecto tendr\u00e1 una inversi\u00f3n estimada de m\u00e1s de 600 millones de d\u00f3lares. El Gobierno de la Rep\u00fablica Dominicana, a trav\u00e9s del Ministerio de la\u2026","rel":"","context":"En \u00abECONOM\u00cdA\u00bb","block_context":{"text":"ECONOM\u00cdA","link":"https:\/\/lasprimeras.com.do\/index.php\/category\/economia\/"},"img":{"alt_text":"","src":"https:\/\/i0.wp.com\/lasprimeras.com.do\/wp-content\/uploads\/2026\/03\/COHETES-OVIEDO.jpg?resize=350%2C200&ssl=1","width":350,"height":200,"srcset":"https:\/\/i0.wp.com\/lasprimeras.com.do\/wp-content\/uploads\/2026\/03\/COHETES-OVIEDO.jpg?resize=350%2C200&ssl=1 1x, https:\/\/i0.wp.com\/lasprimeras.com.do\/wp-content\/uploads\/2026\/03\/COHETES-OVIEDO.jpg?resize=525%2C300&ssl=1 1.5x, https:\/\/i0.wp.com\/lasprimeras.com.do\/wp-content\/uploads\/2026\/03\/COHETES-OVIEDO.jpg?resize=700%2C400&ssl=1 2x"},"classes":[]},{"id":100854,"url":"https:\/\/lasprimeras.com.do\/index.php\/2025\/06\/12\/abogan-por-un-desarrollo-turistico-en-pedernales-que-respete-el-entorno-y-beneficie-comunidades-locales\/","url_meta":{"origin":49306,"position":1},"title":"Abogan por un desarrollo tur\u00edstico en Pedernales que respete el entorno y beneficie comunidades locales","author":"Nelson Feliz","date":"12 de junio de 2025","format":false,"excerpt":"\u00a0Diversos representantes del sector medioambiental coincidieron en se\u00f1alar que el desarrollo del nuevo polo tur\u00edstico Cabo Rojo, en Pedernales, debe ejecutarse con absoluto respeto a la integridad del medio ambiente, especialmente a las \u00e1reas protegidas de la zona,y garantizar la participaci\u00f3n activa de la comunidad para que los beneficios lleguen\u2026","rel":"","context":"En \u00abNACIONALES\u00bb","block_context":{"text":"NACIONALES","link":"https:\/\/lasprimeras.com.do\/index.php\/category\/nacionales\/"},"img":{"alt_text":"","src":"https:\/\/i0.wp.com\/lasprimeras.com.do\/wp-content\/uploads\/2025\/06\/Ambientalistas.jpg?resize=350%2C200&ssl=1","width":350,"height":200,"srcset":"https:\/\/i0.wp.com\/lasprimeras.com.do\/wp-content\/uploads\/2025\/06\/Ambientalistas.jpg?resize=350%2C200&ssl=1 1x, https:\/\/i0.wp.com\/lasprimeras.com.do\/wp-content\/uploads\/2025\/06\/Ambientalistas.jpg?resize=525%2C300&ssl=1 1.5x, https:\/\/i0.wp.com\/lasprimeras.com.do\/wp-content\/uploads\/2025\/06\/Ambientalistas.jpg?resize=700%2C400&ssl=1 2x"},"classes":[]},{"id":51281,"url":"https:\/\/lasprimeras.com.do\/index.php\/2023\/05\/30\/da-recibe-licencia-ambiental-para-construccion-aeropuerto-cabo-rojo\/","url_meta":{"origin":49306,"position":2},"title":"DA recibe licencia ambiental para construcci\u00f3n Aeropuerto Cabo Rojo","author":"prenxa100","date":"30 de mayo de 2023","format":false,"excerpt":"SANTO DOMINGO.-.El Departamento Aeroportuario (DA) recibi\u00f3 de parte del Ministerio de Medio Ambiente y Recursos Naturales, la licencia de permiso ambiental para la construcci\u00f3n y operaci\u00f3n del Aeropuerto Internacional de Cabo Rojo, en la provincia Pedernales. Se trata de la Licencia Ambiental N\u00famero 0492-23 que, en sus especificaciones, ubica el\u2026","rel":"","context":"En \u00abNACIONALES\u00bb","block_context":{"text":"NACIONALES","link":"https:\/\/lasprimeras.com.do\/index.php\/category\/nacionales\/"},"img":{"alt_text":"","src":"","width":0,"height":0},"classes":[]},{"id":101047,"url":"https:\/\/lasprimeras.com.do\/index.php\/2025\/06\/15\/carolina-mejia-pondera-escogencia-de-socio-privado-para-cabo-rojo\/","url_meta":{"origin":49306,"position":3},"title":"Carolina Mej\u00eda pondera escogencia de socio privado para Cabo Rojo","author":"Nelson Feliz","date":"15 de junio de 2025","format":false,"excerpt":"Secretaria General del partido de gobierno recorri\u00f3 este domingo el Puerto y la primera fase de construcci\u00f3n Proyecto de Desarrollo Tur\u00edstico Cabo Rojo. La Secretaria General y aspirante a la nominaci\u00f3n presidencial del Partido Revolucionario Moderno, Carolina Mej\u00eda calific\u00f3 este domingo como prometedora la escogencia del Consorcio Cabo Rojo como\u2026","rel":"","context":"En \u00abPOLITICA\u00bb","block_context":{"text":"POLITICA","link":"https:\/\/lasprimeras.com.do\/index.php\/category\/politica\/"},"img":{"alt_text":"","src":"https:\/\/i0.wp.com\/lasprimeras.com.do\/wp-content\/uploads\/2025\/06\/Carolina-Mejia-1.jpg?resize=350%2C200&ssl=1","width":350,"height":200,"srcset":"https:\/\/i0.wp.com\/lasprimeras.com.do\/wp-content\/uploads\/2025\/06\/Carolina-Mejia-1.jpg?resize=350%2C200&ssl=1 1x, https:\/\/i0.wp.com\/lasprimeras.com.do\/wp-content\/uploads\/2025\/06\/Carolina-Mejia-1.jpg?resize=525%2C300&ssl=1 1.5x, https:\/\/i0.wp.com\/lasprimeras.com.do\/wp-content\/uploads\/2025\/06\/Carolina-Mejia-1.jpg?resize=700%2C400&ssl=1 2x"},"classes":[]},{"id":123457,"url":"https:\/\/lasprimeras.com.do\/index.php\/2026\/03\/01\/advierten-sobre-riesgos-del-lanzamiento-de-cohetes-en-pedernales\/","url_meta":{"origin":49306,"position":4},"title":"Advierten sobre riesgos del lanzamiento de cohetes en Pedernales","author":"Nelson Feliz","date":"1 de marzo de 2026","format":false,"excerpt":"Una plataforma de lanzamiento de cohetes cerca de la reserva natural acu\u00e1tica Laguna de Oviedo afectar\u00eda con toda seguridad ese ecosistema, advirti\u00f3 la ambientalista \u00c1ngela Guerrero. La bi\u00f3loga se refiri\u00f3 al anuncio del presidente Luis Abinader, en su discurso de rendici\u00f3n de cuentas, de que antes de mayo de 2028\u2026","rel":"","context":"En \u00abNACIONALES\u00bb","block_context":{"text":"NACIONALES","link":"https:\/\/lasprimeras.com.do\/index.php\/category\/nacionales\/"},"img":{"alt_text":"","src":"https:\/\/i0.wp.com\/lasprimeras.com.do\/wp-content\/uploads\/2026\/03\/Lanzamiento-de-cohetes.jpg?resize=350%2C200&ssl=1","width":350,"height":200,"srcset":"https:\/\/i0.wp.com\/lasprimeras.com.do\/wp-content\/uploads\/2026\/03\/Lanzamiento-de-cohetes.jpg?resize=350%2C200&ssl=1 1x, https:\/\/i0.wp.com\/lasprimeras.com.do\/wp-content\/uploads\/2026\/03\/Lanzamiento-de-cohetes.jpg?resize=525%2C300&ssl=1 1.5x, https:\/\/i0.wp.com\/lasprimeras.com.do\/wp-content\/uploads\/2026\/03\/Lanzamiento-de-cohetes.jpg?resize=700%2C400&ssl=1 2x, https:\/\/i0.wp.com\/lasprimeras.com.do\/wp-content\/uploads\/2026\/03\/Lanzamiento-de-cohetes.jpg?resize=1050%2C600&ssl=1 3x, https:\/\/i0.wp.com\/lasprimeras.com.do\/wp-content\/uploads\/2026\/03\/Lanzamiento-de-cohetes.jpg?resize=1400%2C800&ssl=1 4x"},"classes":[]},{"id":88433,"url":"https:\/\/lasprimeras.com.do\/index.php\/2024\/08\/28\/diputado-rafelin-perez-presenta-iniciativas-legislativas-para-el-desarrollo-de-pedernales\/","url_meta":{"origin":49306,"position":5},"title":"Diputado Rafelin P\u00e9rez presenta Iniciativas Legislativas para el Desarrollo de Pedernales","author":"Nelson Feliz","date":"28 de agosto de 2024","format":false,"excerpt":"El Diputado Rafelin P\u00e9rez, de la Fuerza del Pueblo, ha presentado recientemente proyectos de ley y resoluciones ante la oficina legislativa con el objetivo de impulsar el desarrollo y bienestar de la provincia de Pedernales. Entre los proyectos m\u00e1s destacados se encuentran: Proyecto de Ley para la Autonom\u00eda de las\u2026","rel":"","context":"En \u00abSin categor\u00eda\u00bb","block_context":{"text":"Sin categor\u00eda","link":"https:\/\/lasprimeras.com.do\/index.php\/category\/sin-categoria\/"},"img":{"alt_text":"Rafelin P\u00e9rez","src":"https:\/\/i0.wp.com\/lasprimeras.com.do\/wp-content\/uploads\/2024\/08\/Rafelin-Perez.jpg?resize=350%2C200&ssl=1","width":350,"height":200,"srcset":"https:\/\/i0.wp.com\/lasprimeras.com.do\/wp-content\/uploads\/2024\/08\/Rafelin-Perez.jpg?resize=350%2C200&ssl=1 1x, https:\/\/i0.wp.com\/lasprimeras.com.do\/wp-content\/uploads\/2024\/08\/Rafelin-Perez.jpg?resize=525%2C300&ssl=1 1.5x, https:\/\/i0.wp.com\/lasprimeras.com.do\/wp-content\/uploads\/2024\/08\/Rafelin-Perez.jpg?resize=700%2C400&ssl=1 2x"},"classes":[]}],"jetpack_sharing_enabled":true,"_links":{"self":[{"href":"https:\/\/lasprimeras.com.do\/index.php\/wp-json\/wp\/v2\/posts\/49306","targetHints":{"allow":["GET"]}}],"collection":[{"href":"https:\/\/lasprimeras.com.do\/index.php\/wp-json\/wp\/v2\/posts"}],"about":[{"href":"https:\/\/lasprimeras.com.do\/index.php\/wp-json\/wp\/v2\/types\/post"}],"author":[{"embeddable":true,"href":"https:\/\/lasprimeras.com.do\/index.php\/wp-json\/wp\/v2\/users\/1"}],"replies":[{"embeddable":true,"href":"https:\/\/lasprimeras.com.do\/index.php\/wp-json\/wp\/v2\/comments?post=49306"}],"version-history":[{"count":0,"href":"https:\/\/lasprimeras.com.do\/index.php\/wp-json\/wp\/v2\/posts\/49306\/revisions"}],"wp:featuredmedia":[{"embeddable":true,"href":"https:\/\/lasprimeras.com.do\/index.php\/wp-json\/"}],"wp:attachment":[{"href":"https:\/\/lasprimeras.com.do\/index.php\/wp-json\/wp\/v2\/media?parent=49306"}],"wp:term":[{"taxonomy":"category","embeddable":true,"href":"https:\/\/lasprimeras.com.do\/index.php\/wp-json\/wp\/v2\/categories?post=49306"},{"taxonomy":"post_tag","embeddable":true,"href":"https:\/\/lasprimeras.com.do\/index.php\/wp-json\/wp\/v2\/tags?post=49306"}],"curies":[{"name":"wp","href":"https:\/\/api.w.org\/{rel}","templated":true}]}}