{"id":49315,"date":"2023-05-10T07:49:39","date_gmt":"2023-05-10T11:49:39","guid":{"rendered":"https:\/\/atento.com.do\/?p=49315"},"modified":"2023-05-10T07:49:39","modified_gmt":"2023-05-10T11:49:39","slug":"diputada-priscila-d-oleo-responde-a-faride-sobre-camara-de-cuentas","status":"publish","type":"post","link":"https:\/\/lasprimeras.com.do\/index.php\/2023\/05\/10\/diputada-priscila-d-oleo-responde-a-faride-sobre-camara-de-cuentas\/","title":{"rendered":"Diputada Priscila D \u2018Oleo responde a Faride sobre C\u00e1mara de Cuentas"},"content":{"rendered":"\n<p>\u201cLa incapacidad para gobernar y resolver asuntos de Estado los lleva a buscar culpables en lugar de soluciones\u201d.<\/p>\n\n\n\n<p><strong>SANTO DOMINGO.-<\/strong> La diputada por el Partido de la Liberaci\u00f3n Dominicana (PLD) por la provincia Mar\u00eda Trinidad S\u00e1nchez, Priscila D \u2018Oleo, rechaz\u00f3 las declaraciones de la senadora del Distrito Nacional, Faride Raful, asegurando que la incapacidad para gobernar y resolver asuntos de Estado los lleva a buscar culpables en lugar de soluciones.<\/p>\n\n\n\n<p>D \u2018Oleo, dijo que \u201cla senadora se ha convertido en la voz que explica y justifica todo, m\u00e1s no en un catalizador de soluciones, ahora que tiene mayor\u00eda y es partido de gobierno\u201d.<\/p>\n\n\n\n<p>Asimismo, expres\u00f3 que \u201cla situaci\u00f3n de la C\u00e1mara de Cuentas pondr\u00e1 a prueba la responsabilidad frente al pa\u00eds que tiene el PRM con la institucionalidad, ya que con su mayor\u00eda en la C\u00e1mara Alta se puede convertir en decisivo para el destino de ese \u00f3rgano\u201d.<\/p>\n\n\n\n<p>D \u2018Oleo agreg\u00f3 que \u201cLa incapacidad para gobernar y resolver asuntos de Estado los lleva a buscar culpables en lugar de soluciones. La senadora fue protagonista de la elecci\u00f3n de los miembros de la C\u00e1mara de Cuentas y su presidente, el cual tiene estrecha vinculaci\u00f3n con el partido de gobierno\u201d.<\/p>\n","protected":false},"excerpt":{"rendered":"<p>\u201cLa incapacidad para gobernar y resolver asuntos de Estado los lleva a buscar culpables en lugar de soluciones\u201d. SANTO DOMINGO.- La diputada por el Partido de la Liberaci\u00f3n Dominicana (PLD)&hellip;<\/p>\n","protected":false},"author":1,"featured_media":49316,"comment_status":"open","ping_status":"open","sticky":false,"template":"","format":"standard","meta":{"content-type":"","jetpack_post_was_ever_published":false,"_jetpack_newsletter_access":"","_jetpack_dont_email_post_to_subs":false,"_jetpack_newsletter_tier_id":0,"_jetpack_memberships_contains_paywalled_content":false,"_jetpack_memberships_contains_paid_content":false,"footnotes":""},"categories":[25],"tags":[340,995,996,997,998],"class_list":["post-49315","post","type-post","status-publish","format-standard","has-post-thumbnail","hentry","category-portada","tag-camara-de-cuentas","tag-diputada","tag-faride-raful","tag-priscila-d-oleo","tag-responde"],"jetpack_featured_media_url":"","jetpack-related-posts":[{"id":48743,"url":"https:\/\/lasprimeras.com.do\/index.php\/2023\/05\/03\/faride-se-ha-demostrado-que-hay-una-situacion-de-ingobernabilidad-y-procede-juicio-politico-contra-todos-los-miembros-de-camara-de-cuentas\/","url_meta":{"origin":49315,"position":0},"title":"Faride: se ha demostrado que hay una situaci\u00f3n de ingobernabilidad y procede juicio pol\u00edtico contra todos los miembros de C\u00e1mara de Cuentas","author":"prenxa100","date":"3 de mayo de 2023","format":false,"excerpt":"Tras las graves declaraciones del presidente de la\u00a0C\u00e1mara de Cuentas,\u00a0Janel Andr\u00e9s Ram\u00edrez, la senadora del Distrito Nacional,\u00a0Faride Raful, manifest\u00f3 este mi\u00e9rcoles que se ha demostrado que hay una situaci\u00f3n de ingobernabilidad y que apoya juicio pol\u00edtico contra todos sus miembros. \"Yo creo que traer, invitar no es lo que precisamente\u2026","rel":"","context":"En \u00abSin categor\u00eda\u00bb","block_context":{"text":"Sin categor\u00eda","link":"https:\/\/lasprimeras.com.do\/index.php\/category\/sin-categoria\/"},"img":{"alt_text":"","src":"","width":0,"height":0},"classes":[]},{"id":67416,"url":"https:\/\/lasprimeras.com.do\/index.php\/2023\/11\/15\/faride-raful-explica-su-picante-reaccion-a-la-candidatura-de-omar-fernandez\/","url_meta":{"origin":49315,"position":1},"title":"Faride Raful explica su \u00abpicante\u00bb reacci\u00f3n a la candidatura de Omar Fern\u00e1ndez","author":"BIMARY DE JES\u00daS Matos","date":"15 de noviembre de 2023","format":false,"excerpt":"Santo Domingo.-La senadora por el Distrito Nacional, Faride Raful, explic\u00f3 este mi\u00e9rcoles su \u00abpicante\u00bb reacci\u00f3n a la candidatura a esa posici\u00f3n del actual diputado de la Fuerza del Pueblo, Omar Fern\u00e1ndez, para las elecciones del pr\u00f3ximo a\u00f1o 2024. \u00abNosotros simplemente emitimos nuestra opini\u00f3n al respecto, como me corresponde de manera\u2026","rel":"","context":"En \u00abSin categor\u00eda\u00bb","block_context":{"text":"Sin categor\u00eda","link":"https:\/\/lasprimeras.com.do\/index.php\/category\/sin-categoria\/"},"img":{"alt_text":"","src":"https:\/\/i0.wp.com\/lasprimeras.com.do\/wp-content\/uploads\/2023\/11\/WhatsApp-Image-2023-11-15-at-11.49.55-AM-1.webp?resize=350%2C200&ssl=1","width":350,"height":200,"srcset":"https:\/\/i0.wp.com\/lasprimeras.com.do\/wp-content\/uploads\/2023\/11\/WhatsApp-Image-2023-11-15-at-11.49.55-AM-1.webp?resize=350%2C200&ssl=1 1x, https:\/\/i0.wp.com\/lasprimeras.com.do\/wp-content\/uploads\/2023\/11\/WhatsApp-Image-2023-11-15-at-11.49.55-AM-1.webp?resize=525%2C300&ssl=1 1.5x, https:\/\/i0.wp.com\/lasprimeras.com.do\/wp-content\/uploads\/2023\/11\/WhatsApp-Image-2023-11-15-at-11.49.55-AM-1.webp?resize=700%2C400&ssl=1 2x"},"classes":[]},{"id":56653,"url":"https:\/\/lasprimeras.com.do\/index.php\/2023\/08\/03\/faride-dice-en-el-prm-hay-precandidatos-involucrados-en-hechos-de-violaciones-sexuales\/","url_meta":{"origin":49315,"position":2},"title":"Faride dice en el PRM hay precandidatos involucrados en hechos de violaciones sexuales","author":"Nelson Feliz","date":"3 de agosto de 2023","format":false,"excerpt":"La senadora del Distrito Nacional por el Partido Revolucionario Moderno (PRM), Faride Raful, durante la sesi\u00f3n en el Senado critic\u00f3 fuertemente a los partidos, entre ellos al oficialista, al cual pertenece, por permitir que personas que han sido acusadas y condenadas por violaciones sexuales contra menores de edad, inscriban candidatura\u2026","rel":"","context":"En \u00abPORTADA\u00bb","block_context":{"text":"PORTADA","link":"https:\/\/lasprimeras.com.do\/index.php\/category\/portada\/"},"img":{"alt_text":"Faride Raful","src":"https:\/\/i0.wp.com\/lasprimeras.com.do\/wp-content\/uploads\/2023\/08\/Faride-Raful.jpeg?resize=350%2C200&ssl=1","width":350,"height":200,"srcset":"https:\/\/i0.wp.com\/lasprimeras.com.do\/wp-content\/uploads\/2023\/08\/Faride-Raful.jpeg?resize=350%2C200&ssl=1 1x, https:\/\/i0.wp.com\/lasprimeras.com.do\/wp-content\/uploads\/2023\/08\/Faride-Raful.jpeg?resize=525%2C300&ssl=1 1.5x"},"classes":[]},{"id":68046,"url":"https:\/\/lasprimeras.com.do\/index.php\/2023\/11\/21\/rosario-espinales-imperdonable-que-el-prm-no-haya-reservado-la-candidatura-de-faride-raful\/","url_meta":{"origin":49315,"position":3},"title":"Rosario Espinal:&#8221;Es imperdonable que el PRM no haya reservado la candidatura de Faride Raful&#8221;","author":"Nelson Feliz","date":"21 de noviembre de 2023","format":false,"excerpt":"La polit\u00f3loga Rosario Espinal calific\u00f3 como una acci\u00f3n imperdonable que el Partido Revolucionario Moderno, no haya reservado la candidatura a la senadora Faride Raful, en el Distrito Nacional. Espinal, dijo que es una desconsideraci\u00f3n que la dirigencia del PRM est\u00e9 buscando otro candidato para competir contra el aspirante a senador\u2026","rel":"","context":"En \u00abPORTADA\u00bb","block_context":{"text":"PORTADA","link":"https:\/\/lasprimeras.com.do\/index.php\/category\/portada\/"},"img":{"alt_text":"Rosario Espinal","src":"https:\/\/i0.wp.com\/lasprimeras.com.do\/wp-content\/uploads\/2023\/11\/Rosario-Espinal.jpg?resize=350%2C200&ssl=1","width":350,"height":200},"classes":[]},{"id":95953,"url":"https:\/\/lasprimeras.com.do\/index.php\/2025\/03\/23\/faride-raful-se-reune-con-juntas-de-vecinos-del-dn-fortalecera-la-seguridad-ciudadana\/","url_meta":{"origin":49315,"position":4},"title":"Faride Raful se re\u00fane con juntas de vecinos del DN; fortalecer\u00e1 la seguridad ciudadana","author":"Nelson Feliz","date":"23 de marzo de 2025","format":false,"excerpt":"La ministra inst\u00f3 a los presidentes de las juntas a mantener la comunicaci\u00f3n con los comandantes locales. La ministra de Interior y Polic\u00eda, Faride Raful se reuni\u00f3 este fin de semana en la sede del Ministerio con representantes de las juntas de vecinos de la Circunscripci\u00f3n 1, donde estuvo acompa\u00f1ada\u2026","rel":"","context":"En \u00abNACIONALES\u00bb","block_context":{"text":"NACIONALES","link":"https:\/\/lasprimeras.com.do\/index.php\/category\/nacionales\/"},"img":{"alt_text":"","src":"https:\/\/i0.wp.com\/lasprimeras.com.do\/wp-content\/uploads\/2025\/03\/Faride-Raful.jpg?resize=350%2C200&ssl=1","width":350,"height":200,"srcset":"https:\/\/i0.wp.com\/lasprimeras.com.do\/wp-content\/uploads\/2025\/03\/Faride-Raful.jpg?resize=350%2C200&ssl=1 1x, https:\/\/i0.wp.com\/lasprimeras.com.do\/wp-content\/uploads\/2025\/03\/Faride-Raful.jpg?resize=525%2C300&ssl=1 1.5x, https:\/\/i0.wp.com\/lasprimeras.com.do\/wp-content\/uploads\/2025\/03\/Faride-Raful.jpg?resize=700%2C400&ssl=1 2x"},"classes":[]},{"id":72150,"url":"https:\/\/lasprimeras.com.do\/index.php\/2023\/12\/27\/faride-raful-anuncia-que-no-va-como-candidata-a-senadora-por-el-distrito-nacional\/","url_meta":{"origin":49315,"position":5},"title":"Faride Raful anuncia que no va como candidata a Senadora por el Distrito Nacional","author":"Nelson Feliz","date":"27 de diciembre de 2023","format":false,"excerpt":"La senadora del Partido Revolucionario Moderno (PRM) en el Distrito Nacional anunci\u00f3 a trav\u00e9s de un video en sus redes sociales que no ser\u00e1 la candidata a repetir para la senadur\u00eda de la capital debido a que el presidente Luis Abinader le ha solicitado asumir una responsabilidad de mayor \u201cenvergadura\u201d\u2026","rel":"","context":"En \u00abPORTADA\u00bb","block_context":{"text":"PORTADA","link":"https:\/\/lasprimeras.com.do\/index.php\/category\/portada\/"},"img":{"alt_text":"Faride Raful","src":"https:\/\/i0.wp.com\/lasprimeras.com.do\/wp-content\/uploads\/2023\/08\/Faride-Raful.jpeg?resize=350%2C200&ssl=1","width":350,"height":200,"srcset":"https:\/\/i0.wp.com\/lasprimeras.com.do\/wp-content\/uploads\/2023\/08\/Faride-Raful.jpeg?resize=350%2C200&ssl=1 1x, https:\/\/i0.wp.com\/lasprimeras.com.do\/wp-content\/uploads\/2023\/08\/Faride-Raful.jpeg?resize=525%2C300&ssl=1 1.5x"},"classes":[]}],"jetpack_sharing_enabled":true,"_links":{"self":[{"href":"https:\/\/lasprimeras.com.do\/index.php\/wp-json\/wp\/v2\/posts\/49315","targetHints":{"allow":["GET"]}}],"collection":[{"href":"https:\/\/lasprimeras.com.do\/index.php\/wp-json\/wp\/v2\/posts"}],"about":[{"href":"https:\/\/lasprimeras.com.do\/index.php\/wp-json\/wp\/v2\/types\/post"}],"author":[{"embeddable":true,"href":"https:\/\/lasprimeras.com.do\/index.php\/wp-json\/wp\/v2\/users\/1"}],"replies":[{"embeddable":true,"href":"https:\/\/lasprimeras.com.do\/index.php\/wp-json\/wp\/v2\/comments?post=49315"}],"version-history":[{"count":0,"href":"https:\/\/lasprimeras.com.do\/index.php\/wp-json\/wp\/v2\/posts\/49315\/revisions"}],"wp:featuredmedia":[{"embeddable":true,"href":"https:\/\/lasprimeras.com.do\/index.php\/wp-json\/"}],"wp:attachment":[{"href":"https:\/\/lasprimeras.com.do\/index.php\/wp-json\/wp\/v2\/media?parent=49315"}],"wp:term":[{"taxonomy":"category","embeddable":true,"href":"https:\/\/lasprimeras.com.do\/index.php\/wp-json\/wp\/v2\/categories?post=49315"},{"taxonomy":"post_tag","embeddable":true,"href":"https:\/\/lasprimeras.com.do\/index.php\/wp-json\/wp\/v2\/tags?post=49315"}],"curies":[{"name":"wp","href":"https:\/\/api.w.org\/{rel}","templated":true}]}}