{"id":49336,"date":"2023-05-10T12:06:21","date_gmt":"2023-05-10T16:06:21","guid":{"rendered":"https:\/\/atento.com.do\/?p=49336"},"modified":"2023-05-10T12:06:21","modified_gmt":"2023-05-10T16:06:21","slug":"precandidata-a-la-alcaldia-de-sde-apoya-congreso-sobre-autismo","status":"publish","type":"post","link":"https:\/\/lasprimeras.com.do\/index.php\/2023\/05\/10\/precandidata-a-la-alcaldia-de-sde-apoya-congreso-sobre-autismo\/","title":{"rendered":"Precandidata a la alcald\u00eda de SDE apoya Congreso sobre Autismo"},"content":{"rendered":"\n<p>Santo Domingo Este.-. La precandidata a la Alcald\u00eda de Santo Domingo Este por la Fuerza del Pueblo, Leandra Acosta, anunci\u00f3 su respaldo al Primer Congreso sobre el Trastorno del Espectro del Autismo que fue celebrado recientemente en la biblioteca Pedro Mir de la Universidad Aut\u00f3noma de Santo Domingo, con el respaldo de la Fundaci\u00f3n Ciadif.<\/p>\n\n\n\n<p>Acosta, sostuvo que la poblaci\u00f3n de ni\u00f1os con Autismo se ha incrementado considerablemente y la mayor\u00eda de las familias no poseen los recursos econ\u00f3micos y las herramientas adecuadas para lograr una mejor calidad de vida para estos infantes.<\/p>\n\n\n\n<p>La empresaria y l\u00edder comunitaria de Santo Domingo Este, dijo que se siente comprometida con este evento y se abrazara a la causa, ya que tenemos muchos ni\u00f1os que no son reconocidos antes la ayuda del estado y existen muchas familias con precariedades antes est\u00e1 situaci\u00f3n.<\/p>\n\n\n\n<p>\u201cAdem\u00e1s de recaudar fondos, los cuales estar\u00e1n destinados a familias de escasos recursos que poseen alg\u00fan familiar con TEA, es una oportunidad para aprender y aportar\u201d indic\u00f3 Jeanelfred Beltr\u00e9, presidenta de la Fundaci\u00f3n Ciadif.<\/p>\n\n\n\n<p>Leandra Acosta, sostuvo que en el Congreso sobre el Trastorno del Espectro del Autismo, se ofrecieron informaciones actualizadas y relevantes sobre el autismo y neurodiversidad, para fomentar la inclusi\u00f3n, el respeto y hacer valer los derechos fundamentales que poseen las personas con autismo en nuestro pa\u00eds.<\/p>\n\n\n\n<p>Destac\u00f3, que el Senado tiene previsto conocer el proyecto de ley de Atenci\u00f3n, Inclusi\u00f3n y Protecci\u00f3n para personas con Trastornos de Espectro Autista, para de ah\u00ed enviarlo a la C\u00e1mara de Diputados, donde deber\u00e1 ser conocido en dos lecturas, para poder llegar al Poder Ejecutivo.<\/p>\n\n\n\n<p>Dicho proyecto es de la autor\u00eda de los senadores Franklin Rodr\u00edguez y Dionis S\u00e1nchez, y tiene como objetivo regular la atenci\u00f3n, protecci\u00f3n e inclusi\u00f3n plena y efectiva en la sociedad de las personas con el trastorno autista (TEA), mediante la protecci\u00f3n y garant\u00eda de sus derechos, as\u00ed como la satisfacci\u00f3n de sus necesidades.<\/p>\n","protected":false},"excerpt":{"rendered":"<p>Santo Domingo Este.-. La precandidata a la Alcald\u00eda de Santo Domingo Este por la Fuerza del Pueblo, Leandra Acosta, anunci\u00f3 su respaldo al Primer Congreso sobre el Trastorno del Espectro&hellip;<\/p>\n","protected":false},"author":1,"featured_media":49349,"comment_status":"open","ping_status":"open","sticky":false,"template":"","format":"standard","meta":{"content-type":"","jetpack_post_was_ever_published":false,"_jetpack_newsletter_access":"","_jetpack_dont_email_post_to_subs":false,"_jetpack_newsletter_tier_id":0,"_jetpack_memberships_contains_paywalled_content":false,"_jetpack_memberships_contains_paid_content":false,"footnotes":""},"categories":[25],"tags":[869,410,530,1015,1016],"class_list":["post-49336","post","type-post","status-publish","format-standard","has-post-thumbnail","hentry","category-portada","tag-alcaldia","tag-autismo","tag-congreso","tag-precandidata","tag-sde"],"jetpack_featured_media_url":"","jetpack-related-posts":[{"id":53261,"url":"https:\/\/lasprimeras.com.do\/index.php\/2023\/06\/24\/leandra-acosta-y-cientos-de-personas-marchan-por-el-derecho-de-los-ninos-con-autismo\/","url_meta":{"origin":49336,"position":0},"title":"Leandra Acosta y cientos de personas marchan por el derecho de los ni\u00f1os con autismo","author":"Nelson Feliz","date":"24 de junio de 2023","format":false,"excerpt":"https:\/\/youtu.be\/gHWayPbl76I Un ambiente permeado por la emoci\u00f3n, el entusiasmo y compromiso, cientos de personas marcharon este s\u00e1bado, junto a la aspirante a la alcald\u00eda de Santo Domingo Este por la Fuerza del Pueblo, Leandra Acosta,\u00a0 por el derecho de los ni\u00f1os con autismo. La caminata inicio en el sector de\u2026","rel":"","context":"En \u00abNACIONALES\u00bb","block_context":{"text":"NACIONALES","link":"https:\/\/lasprimeras.com.do\/index.php\/category\/nacionales\/"},"img":{"alt_text":"","src":"https:\/\/i0.wp.com\/lasprimeras.com.do\/wp-content\/uploads\/2023\/06\/Leandra-Acosta-Marcha.jpg?resize=350%2C200&ssl=1","width":350,"height":200,"srcset":"https:\/\/i0.wp.com\/lasprimeras.com.do\/wp-content\/uploads\/2023\/06\/Leandra-Acosta-Marcha.jpg?resize=350%2C200&ssl=1 1x, https:\/\/i0.wp.com\/lasprimeras.com.do\/wp-content\/uploads\/2023\/06\/Leandra-Acosta-Marcha.jpg?resize=525%2C300&ssl=1 1.5x, https:\/\/i0.wp.com\/lasprimeras.com.do\/wp-content\/uploads\/2023\/06\/Leandra-Acosta-Marcha.jpg?resize=700%2C400&ssl=1 2x"},"classes":[]},{"id":51487,"url":"https:\/\/lasprimeras.com.do\/index.php\/2023\/05\/31\/leandra-acosta-respalda-camara-de-diputados-por-convertir-en-ley-sobre-trastorno-del-espectro-autista\/","url_meta":{"origin":49336,"position":1},"title":"Leandra Acosta respalda C\u00e1mara de Diputados por convertir en Ley sobre Trastorno del Espectro Autista","author":"prenxa100","date":"31 de mayo de 2023","format":false,"excerpt":"Santo Domingo Este.-. La precandidata a la Alcald\u00eda de Santo Domingo Este por la Fuerza del Pueblo, Leandra Acosta, saludo y respaldo a la C\u00e1mara de Diputados por haber convertido en ley el proyecto de atenci\u00f3n, inclusi\u00f3n y protecci\u00f3n para las personas con Trastorno del Espectro Autista (TEA). Acosta, tambi\u00e9n,\u2026","rel":"","context":"En \u00abPORTADA\u00bb","block_context":{"text":"PORTADA","link":"https:\/\/lasprimeras.com.do\/index.php\/category\/portada\/"},"img":{"alt_text":"","src":"","width":0,"height":0},"classes":[]},{"id":50447,"url":"https:\/\/lasprimeras.com.do\/index.php\/2023\/05\/21\/precandidata-a-la-alcaldia-en-sde-propone-un-frente-opositor-contra-el-gobierno\/","url_meta":{"origin":49336,"position":2},"title":"Precandidata a la alcald\u00eda en SDE propone un frente opositor contra el Gobierno","author":"prenxa100","date":"21 de mayo de 2023","format":false,"excerpt":"Santo Domingo, Este.-. La precandidata a la Alcald\u00eda de Santo Domingo Este, Leandra Acosta, declar\u00f3 que es necesario crear un frente opositor encabezado por la Fuerza del Pueblo, porque estamos luchando en contra de un poder abusivo y enfocando en poder lastimar a nuestros ciudadanos a causa de que tienen\u2026","rel":"","context":"En \u00abPORTADA\u00bb","block_context":{"text":"PORTADA","link":"https:\/\/lasprimeras.com.do\/index.php\/category\/portada\/"},"img":{"alt_text":"","src":"https:\/\/i0.wp.com\/img.youtube.com\/vi\/r-bbH0qNQro\/0.jpg?resize=350%2C200","width":350,"height":200},"classes":[]},{"id":54230,"url":"https:\/\/lasprimeras.com.do\/index.php\/2023\/07\/09\/leandra-acosta-inscribe-precandidatura-a-la-alcaldia-de-sde\/","url_meta":{"origin":49336,"position":3},"title":"Leandra Acosta inscribe precandidatura a la Alcald\u00eda de SDE","author":"Nelson Feliz","date":"9 de julio de 2023","format":false,"excerpt":"La empresaria y dirigente pol\u00edtica Leandra Acosta inscribi\u00f3 su precandidatura a la Alcald\u00eda de Santo Domingo Este, en un acto celebrado en la Casa Nacional del Partido la Fuerza del Pueblo ubicado en el sector de Gazcue en el Distrito Nacional. La precandidata municipal, se present\u00f3 a la Casa Nacional\u2026","rel":"","context":"En \u00abPORTADA\u00bb","block_context":{"text":"PORTADA","link":"https:\/\/lasprimeras.com.do\/index.php\/category\/portada\/"},"img":{"alt_text":"Leandra Acosta","src":"https:\/\/i0.wp.com\/lasprimeras.com.do\/wp-content\/uploads\/2023\/07\/Leandra-Acosta.jpeg?resize=350%2C200&ssl=1","width":350,"height":200,"srcset":"https:\/\/i0.wp.com\/lasprimeras.com.do\/wp-content\/uploads\/2023\/07\/Leandra-Acosta.jpeg?resize=350%2C200&ssl=1 1x, https:\/\/i0.wp.com\/lasprimeras.com.do\/wp-content\/uploads\/2023\/07\/Leandra-Acosta.jpeg?resize=525%2C300&ssl=1 1.5x, https:\/\/i0.wp.com\/lasprimeras.com.do\/wp-content\/uploads\/2023\/07\/Leandra-Acosta.jpeg?resize=700%2C400&ssl=1 2x, https:\/\/i0.wp.com\/lasprimeras.com.do\/wp-content\/uploads\/2023\/07\/Leandra-Acosta.jpeg?resize=1050%2C600&ssl=1 3x"},"classes":[]},{"id":53548,"url":"https:\/\/lasprimeras.com.do\/index.php\/2023\/06\/28\/leandra-acosta-el-caid-de-santo-dgo-este-no-esta-abierto-porque-no-tenemos-autoridades-municipales\/","url_meta":{"origin":49336,"position":4},"title":"Leandra Acosta: \u201cEl CAID de Santo Dgo. Este, no est\u00e1 abierto porque no tenemos autoridades municipales\u201d","author":"Nelson Feliz","date":"28 de junio de 2023","format":false,"excerpt":"La aspirante a la alcald\u00eda de Santo Domingo Este por la Fuerza del Pueblo, Leandra Acosta, denunci\u00f3 hoy que este municipio no cuenta con autoridades municipales en el ayuntamiento que se preocupen por el derecho de ni\u00f1os y ni\u00f1as con trastorno del espectro autista. Manifest\u00f3, nosotros en Santo Domingo Este,\u2026","rel":"","context":"En \u00abPORTADA\u00bb","block_context":{"text":"PORTADA","link":"https:\/\/lasprimeras.com.do\/index.php\/category\/portada\/"},"img":{"alt_text":"Leandra Acosta","src":"https:\/\/i0.wp.com\/lasprimeras.com.do\/wp-content\/uploads\/2023\/06\/WhatsApp-Image-2023-03-29-at-10.55.33-PM-1.jpeg?resize=350%2C200&ssl=1","width":350,"height":200,"srcset":"https:\/\/i0.wp.com\/lasprimeras.com.do\/wp-content\/uploads\/2023\/06\/WhatsApp-Image-2023-03-29-at-10.55.33-PM-1.jpeg?resize=350%2C200&ssl=1 1x, https:\/\/i0.wp.com\/lasprimeras.com.do\/wp-content\/uploads\/2023\/06\/WhatsApp-Image-2023-03-29-at-10.55.33-PM-1.jpeg?resize=525%2C300&ssl=1 1.5x, https:\/\/i0.wp.com\/lasprimeras.com.do\/wp-content\/uploads\/2023\/06\/WhatsApp-Image-2023-03-29-at-10.55.33-PM-1.jpeg?resize=700%2C400&ssl=1 2x, https:\/\/i0.wp.com\/lasprimeras.com.do\/wp-content\/uploads\/2023\/06\/WhatsApp-Image-2023-03-29-at-10.55.33-PM-1.jpeg?resize=1050%2C600&ssl=1 3x"},"classes":[]},{"id":54399,"url":"https:\/\/lasprimeras.com.do\/index.php\/2023\/07\/10\/leandra-acosta-dice-la-fuerza-del-pueblo-tiene-garantizada-alcaldia-de-sde\/","url_meta":{"origin":49336,"position":5},"title":"Leandra Acosta dice la Fuerza del Pueblo tiene garantizada Alcald\u00eda de SDE","author":"Nelson Feliz","date":"10 de julio de 2023","format":false,"excerpt":"La empresaria y dirigente pol\u00edtica Leandra Acosta inscribi\u00f3 formalmente su precandidatura a la Alcald\u00eda de Santo Domingo Este, en un acto celebrado en la Casa Nacional del Partido la Fuerza del Pueblo ubicado en la avenida Bol\u00edvar esquina Dr. B\u00e1ez del sector Gazcue en \u00a0el Distrito Nacional. La precandidata municipal,\u2026","rel":"","context":"En \u00abPORTADA\u00bb","block_context":{"text":"PORTADA","link":"https:\/\/lasprimeras.com.do\/index.php\/category\/portada\/"},"img":{"alt_text":"Leandra Acosta","src":"https:\/\/i0.wp.com\/lasprimeras.com.do\/wp-content\/uploads\/2023\/07\/Leandra-Acosta.jpg?resize=350%2C200&ssl=1","width":350,"height":200,"srcset":"https:\/\/i0.wp.com\/lasprimeras.com.do\/wp-content\/uploads\/2023\/07\/Leandra-Acosta.jpg?resize=350%2C200&ssl=1 1x, https:\/\/i0.wp.com\/lasprimeras.com.do\/wp-content\/uploads\/2023\/07\/Leandra-Acosta.jpg?resize=525%2C300&ssl=1 1.5x, https:\/\/i0.wp.com\/lasprimeras.com.do\/wp-content\/uploads\/2023\/07\/Leandra-Acosta.jpg?resize=700%2C400&ssl=1 2x"},"classes":[]}],"jetpack_sharing_enabled":true,"_links":{"self":[{"href":"https:\/\/lasprimeras.com.do\/index.php\/wp-json\/wp\/v2\/posts\/49336","targetHints":{"allow":["GET"]}}],"collection":[{"href":"https:\/\/lasprimeras.com.do\/index.php\/wp-json\/wp\/v2\/posts"}],"about":[{"href":"https:\/\/lasprimeras.com.do\/index.php\/wp-json\/wp\/v2\/types\/post"}],"author":[{"embeddable":true,"href":"https:\/\/lasprimeras.com.do\/index.php\/wp-json\/wp\/v2\/users\/1"}],"replies":[{"embeddable":true,"href":"https:\/\/lasprimeras.com.do\/index.php\/wp-json\/wp\/v2\/comments?post=49336"}],"version-history":[{"count":0,"href":"https:\/\/lasprimeras.com.do\/index.php\/wp-json\/wp\/v2\/posts\/49336\/revisions"}],"wp:featuredmedia":[{"embeddable":true,"href":"https:\/\/lasprimeras.com.do\/index.php\/wp-json\/"}],"wp:attachment":[{"href":"https:\/\/lasprimeras.com.do\/index.php\/wp-json\/wp\/v2\/media?parent=49336"}],"wp:term":[{"taxonomy":"category","embeddable":true,"href":"https:\/\/lasprimeras.com.do\/index.php\/wp-json\/wp\/v2\/categories?post=49336"},{"taxonomy":"post_tag","embeddable":true,"href":"https:\/\/lasprimeras.com.do\/index.php\/wp-json\/wp\/v2\/tags?post=49336"}],"curies":[{"name":"wp","href":"https:\/\/api.w.org\/{rel}","templated":true}]}}