{"id":49360,"date":"2023-05-03T20:13:00","date_gmt":"2023-05-04T00:13:00","guid":{"rendered":"https:\/\/atento.com.do\/?p=49360"},"modified":"2023-05-03T20:13:00","modified_gmt":"2023-05-04T00:13:00","slug":"senado-aprueba-en-dos-lecturas-ley-de-atencion-a-las-personas-con-autismo-2","status":"publish","type":"post","link":"https:\/\/lasprimeras.com.do\/index.php\/2023\/05\/03\/senado-aprueba-en-dos-lecturas-ley-de-atencion-a-las-personas-con-autismo-2\/","title":{"rendered":"Senado aprueba en dos lecturas Ley de Atenci\u00f3n a las Personas con Autismo"},"content":{"rendered":"\n<p>Dentro de los beneficios que posee esta ley a favor de las personas que padecen el trastorno del espectro autista (TEA), es que contar\u00e1n con el derecho de recibir un diagn\u00f3stico y evaluaci\u00f3n temprana, accesible y sin prejuicios, servicios incluidos en el Sistema Dominicano de Seguridad Social, con cobertura dentro del Seguro Nacional de Salud (SeNaSa).<\/p>\n\n\n\n<p><strong>Santo Domingo.<\/strong> El Senado de la Rep\u00fablica declar\u00f3 de urgencia y aprob\u00f3 en dos lecturas consecutivas el Proyecto de Ley de Atenci\u00f3n, Inclusi\u00f3n y Protecci\u00f3n para las Personas con Trastorno del Espectro Autista (TEA).<\/p>\n\n\n\n<p>La propuesta legislativa, presentada por los senadores Franklin Rodr\u00edguez, Dionis S\u00e1nchez y Ginette Bournigal de Jim\u00e9nez, fue aprobada a unanimidad.<\/p>\n\n\n\n<p>Los proponentes del proyecto destacaron el trabajo realizado por la C\u00e1mara Alta para sancionar esta pieza y por la importancia de la misma para el beneficio de miles de personas afectadas con esta enfermedad. Asimismo, hicieron un llamado a los diputados para que la misma sea aprobada en la presente legislatura.<\/p>\n\n\n\n<p>La normativa tiene el prop\u00f3sito de regular la atenci\u00f3n, protecci\u00f3n e inclusi\u00f3n efectiva en la sociedad de las persona con trastorno del espectro autista, mediante la protecci\u00f3n y garant\u00eda de sus derechos y la satisfacci\u00f3n de sus necesidades.<\/p>\n\n\n\n<p>El proyecto destaca que las personas que tienen TEA contar\u00e1n con el derecho de recibir un diagn\u00f3stico y evaluaci\u00f3n temprana, especializada, accesible y sin prejuicios, servicios con cobertura dentro del Seguro Nacional de Salud (SeNaSa), para recibir consultas cl\u00ednicas y terapias de intervenci\u00f3n especializada.<\/p>\n\n\n\n<p>En segunda lectura, el Pleno aprob\u00f3 el Proyecto de Ley para el Fomento y Competitividad de la Aviaci\u00f3n Civil Nacional, que establece una serie de incentivos a la aeron\u00e1utica y los viajeros.<\/p>\n\n\n\n<p>La pieza, presentada por el Poder Ejecutivo, tiene el prop\u00f3sito de fomentar y aumentar la competitividad de la aviaci\u00f3n civil en el pa\u00eds, estableciendo las condiciones pertinentes que logren los objetivos concretos en sectores clave de la econom\u00eda. Esta ley busca instaurar nuevas rutas a\u00e9reas dom\u00e9sticas e internacionales, adem\u00e1s de aplicar exenciones de pago de impuestos a aeronaves, insumos, as\u00ed como a la venta de vuelos con destino a Rep\u00fablica Dominicana, entre otros beneficios.<\/p>\n\n\n\n<p>El Pleno del Senado guard\u00f3 un minuto de silencio y honr\u00f3 la memoria de Monina Sol\u00e1, actriz y figura emblem\u00e1tica del teatro dominicano; de Rafael \u00c1lvarez Castillo, exdirector de la UASD en San Francisco de Macor\u00eds y por el fallecimiento de dos ni\u00f1os en edades de 3 y 5 a\u00f1os, durante incendio ocurrido en San Francisco de Macor\u00eds. Tambi\u00e9n, por el fallecimiento de Hildanys Trinidad M\u00e9ndez, esposa de Eulifer de los Santos Nova, colaborador de la C\u00e1mara Alta.<\/p>\n\n\n\n<p>El presidente del Senado, Eduardo Estrella, respald\u00f3 el Proyecto de Ley de Atenci\u00f3n, Inclusi\u00f3n y Protecci\u00f3n de Personas con Trastorno del Espectro Autista (TEA). De igual forma, dio la bienvenida a una delegaci\u00f3n de la Universidad Nacional de Administraci\u00f3n y Pol\u00edticas P\u00fablicas de Ruman\u00eda, presente en la sesi\u00f3n de este mi\u00e9rcoles.<\/p>\n\n\n\n<p>En su turno de ponencias, el senador Jos\u00e9 Del Castillo Savi\u00f1\u00f3n solicit\u00f3 al presidente Luis Abinader ir en auxilio de las 390 familias que fueron reubicadas, debido a la construcci\u00f3n de la Presa de Monte Grande, las cuales est\u00e1n viviendo en medio de la insalubridad.<\/p>\n\n\n\n<p>El senador Bautista Rojas G\u00f3mez present\u00f3 una Resoluci\u00f3n que reconoce a los hermanos constituyentes Jos\u00e9 del Carmen Victoria Jos\u00e9 y Ar\u00edstides Victoria Jos\u00e9, por aportes al proceso de consolidaci\u00f3n de la democracia en el 1963. La iniciativa fue enviada a la Comisi\u00f3n de Cultura con fines de an\u00e1lisis.<\/p>\n\n\n\n<p>El senador Ram\u00f3n Pimentel reiter\u00f3 que someti\u00f3 una Resoluci\u00f3n que solicita al presidente Luis Abinader disponer la creaci\u00f3n de un programa de desarrollo de comunidades agr\u00edcolas sin cultivar, pertenecientes al proyecto la Cruz de Manzanillo, Montecristi.<\/p>\n\n\n\n<p>El senador Franklin Romero sostuvo que la separaci\u00f3n o destituci\u00f3n de los miembros C\u00e1mara de Cuentas puede realizarse a trav\u00e9s de un juicio pol\u00edtico, como lo establece la Constituci\u00f3n en Art 93, facultando a la C\u00e1mara de Diputados a proceder. Dijo que el Senado no puede ser juez y parte ante el conflicto.<\/p>\n\n\n\n<p>La senadora Ginette Bournigal de Jim\u00e9nez declar\u00f3 que el Senado de la Rep\u00fablica actuar\u00e1 en consecuencia respecto a la situaci\u00f3n generada en la C\u00e1mara de Cuentas, cuando la C\u00e1mara de Diputados envi\u00e9 los resultados de las investigaciones que ha puesto en marcha en torno al caso.<\/p>\n\n\n\n<p>El senador Dionis S\u00e1nchez destac\u00f3 que el art\u00edculo 94 de la Constituci\u00f3n establece que el Senado de la Rep\u00fablica tiene la potestad para invitar al Pleno de la C\u00e1mara de Cuentas, por lo que espera que el \u00d3rgano Legislativo tome acciones al respecto.<\/p>\n\n\n\n<p>La senadora Faride Raful declar\u00f3 que debe haber consecuencias luego de resultados que arrojen las investigaciones puestas en marcha por la C\u00e1mara de Diputados sobre la situaci\u00f3n la C\u00e1mara de Cuentas, ya que sus miembros fueron elegidos para que mantengan un control externo de las arcas del Estado.<\/p>\n\n\n\n<p>\u201cQueremos urgir como Partido Social Cristiano a la C\u00e1mara de Diputados que inicie un proceso de investigaci\u00f3n para establecer m\u00e9ritos o no de un juicio pol\u00edtico al Pleno de la C\u00e1mara de Cuentas \u201c, afirm\u00f3 el senador Ram\u00f3n Rogelio Genao.<\/p>\n\n\n\n<p>El senador Antonio Marte present\u00f3 el proyecto de Ley que proh\u00edbe la tala de \u00e1rboles en las cuencas de los r\u00edos de la Rep\u00fablica Dominicana. La iniciativa fue enviada a la Comisi\u00f3n Permanente de Medio Ambiente para su estudio.<\/p>\n","protected":false},"excerpt":{"rendered":"<p>Dentro de los beneficios que posee esta ley a favor de las personas que padecen el trastorno del espectro autista (TEA), es que contar\u00e1n con el derecho de recibir un&hellip;<\/p>\n","protected":false},"author":1,"featured_media":49361,"comment_status":"open","ping_status":"open","sticky":false,"template":"","format":"standard","meta":{"content-type":"","jetpack_post_was_ever_published":false,"_jetpack_newsletter_access":"","_jetpack_dont_email_post_to_subs":false,"_jetpack_newsletter_tier_id":0,"_jetpack_memberships_contains_paywalled_content":false,"_jetpack_memberships_contains_paid_content":false,"footnotes":""},"categories":[35,25],"tags":[408,409,410,411,412,413],"class_list":["post-49360","post","type-post","status-publish","format-standard","has-post-thumbnail","hentry","category-nacionales","category-portada","tag-aprueba","tag-atencion","tag-autismo","tag-ley","tag-personas","tag-senado"],"jetpack_featured_media_url":"","jetpack-related-posts":[{"id":48819,"url":"https:\/\/lasprimeras.com.do\/index.php\/2023\/05\/04\/senado-aprueba-en-dos-lecturas-ley-de-atencion-a-las-personas-con-autismo\/","url_meta":{"origin":49360,"position":0},"title":"Senado aprueba en dos lecturas Ley de Atenci\u00f3n a las Personas con Autismo","author":"prenxa100","date":"4 de mayo de 2023","format":false,"excerpt":"SANTO DOMINGO.-.El Senado de la Rep\u00fablica declar\u00f3 de urgencia y aprob\u00f3 en dos lecturas consecutivas el Proyecto de Ley de Atenci\u00f3n, Inclusi\u00f3n y Protecci\u00f3n para las Personas con Trastorno del Espectro Autista (TEA). La propuesta legislativa, presentada por los senadores Franklin Rodr\u00edguez, Dionis S\u00e1nchez y Ginette Bournigal de Jim\u00e9nez, fue\u2026","rel":"","context":"En \u00abNACIONALES\u00bb","block_context":{"text":"NACIONALES","link":"https:\/\/lasprimeras.com.do\/index.php\/category\/nacionales\/"},"img":{"alt_text":"","src":"","width":0,"height":0},"classes":[]},{"id":49424,"url":"https:\/\/lasprimeras.com.do\/index.php\/2023\/05\/11\/camara-de-diputados-aprueba-en-primera-lectura-proyecto-de-ley-del-autismo\/","url_meta":{"origin":49360,"position":1},"title":"C\u00e1mara de Diputados aprueba en primera lectura proyecto de ley del autismo","author":"prenxa100","date":"11 de mayo de 2023","format":false,"excerpt":"SANTO DOMINGO.- La C\u00e1mara de Diputados declar\u00f3 de urgencia y aprob\u00f3 este mi\u00e9rcoles en primera lectura el proyecto de ley de atenci\u00f3n, inclusi\u00f3n y protecci\u00f3n para las personas con Trastorno del Espectro Autista (TEA). La pieza legislativa fue aprobada en dos lecturas consecutivas y a unanimidad por el Senado de\u2026","rel":"","context":"En \u00abNACIONALES\u00bb","block_context":{"text":"NACIONALES","link":"https:\/\/lasprimeras.com.do\/index.php\/category\/nacionales\/"},"img":{"alt_text":"","src":"","width":0,"height":0},"classes":[]},{"id":51356,"url":"https:\/\/lasprimeras.com.do\/index.php\/2023\/05\/30\/diputados-convierten-en-ley-proyecto-de-atencion-para-personas-con-trastorno-del-espectro-autista\/","url_meta":{"origin":49360,"position":2},"title":"Diputados convierten en ley proyecto de atenci\u00f3n para personas con Trastorno del Espectro Autista","author":"prenxa100","date":"30 de mayo de 2023","format":false,"excerpt":"La pieza pasar\u00e1 al Poder Ejecutivo. Santo Domingo.-. La C\u00e1mara de Diputados convirti\u00f3 en ley, tras aprobar en segunda lectura, el proyecto de atenci\u00f3n, inclusi\u00f3n y protecci\u00f3n para las personas con Trastorno del Espectro Autista (TEA). La iniciativa, propuesta por los senadores Franklin Rodr\u00edguez y Dionis S\u00e1nchez, fue estudiada por\u2026","rel":"","context":"En \u00abNACIONALES\u00bb","block_context":{"text":"NACIONALES","link":"https:\/\/lasprimeras.com.do\/index.php\/category\/nacionales\/"},"img":{"alt_text":"","src":"","width":0,"height":0},"classes":[]},{"id":51487,"url":"https:\/\/lasprimeras.com.do\/index.php\/2023\/05\/31\/leandra-acosta-respalda-camara-de-diputados-por-convertir-en-ley-sobre-trastorno-del-espectro-autista\/","url_meta":{"origin":49360,"position":3},"title":"Leandra Acosta respalda C\u00e1mara de Diputados por convertir en Ley sobre Trastorno del Espectro Autista","author":"prenxa100","date":"31 de mayo de 2023","format":false,"excerpt":"Santo Domingo Este.-. La precandidata a la Alcald\u00eda de Santo Domingo Este por la Fuerza del Pueblo, Leandra Acosta, saludo y respaldo a la C\u00e1mara de Diputados por haber convertido en ley el proyecto de atenci\u00f3n, inclusi\u00f3n y protecci\u00f3n para las personas con Trastorno del Espectro Autista (TEA). Acosta, tambi\u00e9n,\u2026","rel":"","context":"En \u00abPORTADA\u00bb","block_context":{"text":"PORTADA","link":"https:\/\/lasprimeras.com.do\/index.php\/category\/portada\/"},"img":{"alt_text":"","src":"","width":0,"height":0},"classes":[]},{"id":51566,"url":"https:\/\/lasprimeras.com.do\/index.php\/2023\/06\/01\/betty-geronimo-asegura-ley-de-autismo-es-un-anhelo-de-muchos\/","url_meta":{"origin":49360,"position":4},"title":"Betty Ger\u00f3nimo asegura ley de autismo es un anhelo de muchos","author":"prenxa100","date":"1 de junio de 2023","format":false,"excerpt":"Afirma que esta Ley es un paso gigante en favor de la solidaridad. Santo Domingo. -\u00a0La diputada del Partido Revolucionario Moderno (PRM), Betty Ger\u00f3nimo, resalt\u00f3 la trascendencia de la aprobaci\u00f3n del Proyecto de Ley de Atenci\u00f3n, Inclusi\u00f3n y Protecci\u00f3n para las Personas con Trastorno del Espectro Autista (TEA), en la\u2026","rel":"","context":"En \u00abSin categor\u00eda\u00bb","block_context":{"text":"Sin categor\u00eda","link":"https:\/\/lasprimeras.com.do\/index.php\/category\/sin-categoria\/"},"img":{"alt_text":"","src":"","width":0,"height":0},"classes":[]},{"id":49336,"url":"https:\/\/lasprimeras.com.do\/index.php\/2023\/05\/10\/precandidata-a-la-alcaldia-de-sde-apoya-congreso-sobre-autismo\/","url_meta":{"origin":49360,"position":5},"title":"Precandidata a la alcald\u00eda de SDE apoya Congreso sobre Autismo","author":"prenxa100","date":"10 de mayo de 2023","format":false,"excerpt":"Santo Domingo Este.-. La precandidata a la Alcald\u00eda de Santo Domingo Este por la Fuerza del Pueblo, Leandra Acosta, anunci\u00f3 su respaldo al Primer Congreso sobre el Trastorno del Espectro del Autismo que fue celebrado recientemente en la biblioteca Pedro Mir de la Universidad Aut\u00f3noma de Santo Domingo, con el\u2026","rel":"","context":"En \u00abPORTADA\u00bb","block_context":{"text":"PORTADA","link":"https:\/\/lasprimeras.com.do\/index.php\/category\/portada\/"},"img":{"alt_text":"","src":"","width":0,"height":0},"classes":[]}],"jetpack_sharing_enabled":true,"_links":{"self":[{"href":"https:\/\/lasprimeras.com.do\/index.php\/wp-json\/wp\/v2\/posts\/49360","targetHints":{"allow":["GET"]}}],"collection":[{"href":"https:\/\/lasprimeras.com.do\/index.php\/wp-json\/wp\/v2\/posts"}],"about":[{"href":"https:\/\/lasprimeras.com.do\/index.php\/wp-json\/wp\/v2\/types\/post"}],"author":[{"embeddable":true,"href":"https:\/\/lasprimeras.com.do\/index.php\/wp-json\/wp\/v2\/users\/1"}],"replies":[{"embeddable":true,"href":"https:\/\/lasprimeras.com.do\/index.php\/wp-json\/wp\/v2\/comments?post=49360"}],"version-history":[{"count":0,"href":"https:\/\/lasprimeras.com.do\/index.php\/wp-json\/wp\/v2\/posts\/49360\/revisions"}],"wp:featuredmedia":[{"embeddable":true,"href":"https:\/\/lasprimeras.com.do\/index.php\/wp-json\/"}],"wp:attachment":[{"href":"https:\/\/lasprimeras.com.do\/index.php\/wp-json\/wp\/v2\/media?parent=49360"}],"wp:term":[{"taxonomy":"category","embeddable":true,"href":"https:\/\/lasprimeras.com.do\/index.php\/wp-json\/wp\/v2\/categories?post=49360"},{"taxonomy":"post_tag","embeddable":true,"href":"https:\/\/lasprimeras.com.do\/index.php\/wp-json\/wp\/v2\/tags?post=49360"}],"curies":[{"name":"wp","href":"https:\/\/api.w.org\/{rel}","templated":true}]}}