{"id":49389,"date":"2023-05-10T22:30:21","date_gmt":"2023-05-11T02:30:21","guid":{"rendered":"https:\/\/atento.com.do\/?p=49389"},"modified":"2023-05-10T22:30:21","modified_gmt":"2023-05-11T02:30:21","slug":"hombre-mata-de-cuatro-disparo-a-su-expareja-en-santiago","status":"publish","type":"post","link":"https:\/\/lasprimeras.com.do\/index.php\/2023\/05\/10\/hombre-mata-de-cuatro-disparo-a-su-expareja-en-santiago\/","title":{"rendered":"Hombre mata de cuatro disparo a su expareja en Santiago"},"content":{"rendered":"\n<p><strong>LA CANELA, SANTIAGO: <\/strong>Un hombre mato de cuatro disparos a su ex pareja, hecho registrado en La Canela de Santiago.<\/p>\n\n\n\n<p>La hoy occisa qui\u00e9n era empleada de la cl\u00ednica Coromina, fue identificada como Lucero de 23 a\u00f1os.<\/p>\n\n\n\n<p>Seg\u00fan familiares de la fallecida el hombre la acosaba constantemente y en otra ocasi\u00f3n hab\u00eda intentando quitarle la vida.<\/p>\n\n\n\n<p>En cuanto, que el homicida fue identificado como Juan Guzm\u00e1n ( C\u00e9sar) ch\u00f3fer de tractores, qui\u00e9n hab\u00eda llamado a la v\u00edctima por celular, para supuestamente entregarle algo y cuando se aperson\u00f3 a la v\u00edctima, le realiz\u00f3 cuatro disparos, que le causaron la muerte inmediatamente. El homicida tan pronto cometi\u00f3 el hecho se dio a la fuga.<\/p>\n","protected":false},"excerpt":{"rendered":"<p>LA CANELA, SANTIAGO: Un hombre mato de cuatro disparos a su ex pareja, hecho registrado en La Canela de Santiago. La hoy occisa qui\u00e9n era empleada de la cl\u00ednica Coromina,&hellip;<\/p>\n","protected":false},"author":1,"featured_media":49390,"comment_status":"open","ping_status":"open","sticky":false,"template":"","format":"standard","meta":{"content-type":"","jetpack_post_was_ever_published":false,"_jetpack_newsletter_access":"","_jetpack_dont_email_post_to_subs":false,"_jetpack_newsletter_tier_id":0,"_jetpack_memberships_contains_paywalled_content":false,"_jetpack_memberships_contains_paid_content":false,"footnotes":""},"categories":[35],"tags":[1071,46,755,1049],"class_list":["post-49389","post","type-post","status-publish","format-standard","has-post-thumbnail","hentry","category-nacionales","tag-expareja","tag-hombre","tag-mata","tag-santiago"],"jetpack_featured_media_url":"","jetpack-related-posts":[{"id":75601,"url":"https:\/\/lasprimeras.com.do\/index.php\/2024\/02\/02\/condenan-a-40-anos-a-hombre-mato-a-su-expareja-y-disparo-contra-sus-dos-hijos\/","url_meta":{"origin":49389,"position":0},"title":"Condenan a 40 a\u00f1os a hombre mat\u00f3 a su expareja y dispar\u00f3 contra sus dos hijos","author":"Nelson Feliz","date":"2 de febrero de 2024","format":false,"excerpt":"Por Roberto P\u00e9rez El Tercer Tribunal Colegiado de Santiago, acogi\u00f3 a unanimidad la solicitud del Ministerio P\u00fablico y conden\u00f3 a 40 a\u00f1os de c\u00e1rcel a un hombre que asesin\u00f3 de su expareja, al asestarle un disparo en la frente en momentos en los que penetr\u00f3 a la residencia de la\u2026","rel":"","context":"En \u00abJUSTICIA\u00bb","block_context":{"text":"JUSTICIA","link":"https:\/\/lasprimeras.com.do\/index.php\/category\/justicia\/"},"img":{"alt_text":"condenado","src":"https:\/\/i0.wp.com\/lasprimeras.com.do\/wp-content\/uploads\/2024\/02\/condenado.jpg?resize=350%2C200&ssl=1","width":350,"height":200,"srcset":"https:\/\/i0.wp.com\/lasprimeras.com.do\/wp-content\/uploads\/2024\/02\/condenado.jpg?resize=350%2C200&ssl=1 1x, https:\/\/i0.wp.com\/lasprimeras.com.do\/wp-content\/uploads\/2024\/02\/condenado.jpg?resize=525%2C300&ssl=1 1.5x"},"classes":[]},{"id":86620,"url":"https:\/\/lasprimeras.com.do\/index.php\/2024\/07\/28\/identifican-hombre-que-mato-otro-en-sfm\/","url_meta":{"origin":49389,"position":1},"title":"Identifican hombre que mato otro en SFM","author":"Nelson Feliz","date":"28 de julio de 2024","format":false,"excerpt":"Identifican hombre que mat\u00f3 de 16 disparos otro en el municipio de las Guaran\u00e1s en San Francisco de Macor\u00eds. Se trata de Noelvis Duarte alias (Coco) el supuesto asesino del joven Antonio Tavares de 38 a\u00f1os de edad. Seg\u00fan los familiares del occiso, el homicida ten\u00eda un resentimiento desde ni\u00f1o\u2026","rel":"","context":"En \u00abNACIONALES\u00bb","block_context":{"text":"NACIONALES","link":"https:\/\/lasprimeras.com.do\/index.php\/category\/nacionales\/"},"img":{"alt_text":"","src":"","width":0,"height":0},"classes":[]},{"id":58904,"url":"https:\/\/lasprimeras.com.do\/index.php\/2023\/08\/29\/hombre-acusado-de-matar-a-su-expareja-en-yamasa-es-encontrado-ahorcado-en-guerra\/","url_meta":{"origin":49389,"position":2},"title":"Hombre acusado de matar a su expareja en Yamas\u00e1 es encontrado ahorcado en Guerra","author":"Nelson Feliz","date":"29 de agosto de 2023","format":false,"excerpt":"-El hombre es acusado de perseguir y matar a su esposa de varias estocadas. -La pareja procre\u00f3 dos hijos durante su relaci\u00f3n. Autoridades localizaron el cad\u00e1ver del joven Luis Joel de la Rosa (Luiyi) de 33 a\u00f1os de edad, se\u00f1alado como el responsable de matar a su expareja Rosmelisa de\u2026","rel":"","context":"En \u00abNACIONALES\u00bb","block_context":{"text":"NACIONALES","link":"https:\/\/lasprimeras.com.do\/index.php\/category\/nacionales\/"},"img":{"alt_text":"Luis Joel De la Rosa (a) Luiyi de 33 anos de edad","src":"https:\/\/i0.wp.com\/lasprimeras.com.do\/wp-content\/uploads\/2023\/08\/Luis-Joel-De-la-Rosa-a-Luiyi-de-33-anos-de-edad.jpeg?resize=350%2C200&ssl=1","width":350,"height":200,"srcset":"https:\/\/i0.wp.com\/lasprimeras.com.do\/wp-content\/uploads\/2023\/08\/Luis-Joel-De-la-Rosa-a-Luiyi-de-33-anos-de-edad.jpeg?resize=350%2C200&ssl=1 1x, https:\/\/i0.wp.com\/lasprimeras.com.do\/wp-content\/uploads\/2023\/08\/Luis-Joel-De-la-Rosa-a-Luiyi-de-33-anos-de-edad.jpeg?resize=525%2C300&ssl=1 1.5x, https:\/\/i0.wp.com\/lasprimeras.com.do\/wp-content\/uploads\/2023\/08\/Luis-Joel-De-la-Rosa-a-Luiyi-de-33-anos-de-edad.jpeg?resize=700%2C400&ssl=1 2x"},"classes":[]},{"id":75832,"url":"https:\/\/lasprimeras.com.do\/index.php\/2024\/02\/05\/hombre-mata-de-un-tiro-en-la-cabeza-a-otro-en-santiago\/","url_meta":{"origin":49389,"position":3},"title":"Hombre mata de un tiro en la cabeza a otro en Santiago","author":"Nelson Feliz","date":"5 de febrero de 2024","format":false,"excerpt":"Un hombre muri\u00f3 de un disparo en la cabeza que le propin\u00f3 otro que se desmont\u00f3 de una camioeta sin mediar palabras, en un hecho registrado en la comunidad de Cienfuegos, en el distrito municipal Santiago Oeste. La v\u00edctima fue identificada como Di\u00f3genes Santiago Infante Gonz\u00e1lez, de 40 a\u00f1os de\u2026","rel":"","context":"En \u00abNACIONALES\u00bb","block_context":{"text":"NACIONALES","link":"https:\/\/lasprimeras.com.do\/index.php\/category\/nacionales\/"},"img":{"alt_text":"","src":"","width":0,"height":0},"classes":[]},{"id":59340,"url":"https:\/\/lasprimeras.com.do\/index.php\/2023\/09\/02\/hombre-mata-cunado-de-una-punalada-tras-sorprenderlo-golpeando-a-su-hermana\/","url_meta":{"origin":49389,"position":4},"title":"Hombre mata cu\u00f1ado de una pu\u00f1alada tras sorprenderlo golpeando a su hermana","author":"Nelson Feliz","date":"2 de septiembre de 2023","format":false,"excerpt":"Un hombre mat\u00f3 de una cuchillada\u00a0 a su cu\u00f1ado, cuando supuestamente intentaba defender a su hermana de una golpiza que le estaba dando la hoy v\u00edctima. El hecho ocurri\u00f3 en el sector Altos de Chav\u00f3n de \u00a0Puerto\u00a0 Plata. La v\u00edctima fue identificada como Ad\u00e1n Ventura, de 28 a\u00f1os\u00a0 de edad,\u2026","rel":"","context":"En \u00abNACIONALES\u00bb","block_context":{"text":"NACIONALES","link":"https:\/\/lasprimeras.com.do\/index.php\/category\/nacionales\/"},"img":{"alt_text":"Adan Ventura","src":"https:\/\/i0.wp.com\/lasprimeras.com.do\/wp-content\/uploads\/2023\/09\/Adan-Ventura.jpg?resize=350%2C200&ssl=1","width":350,"height":200,"srcset":"https:\/\/i0.wp.com\/lasprimeras.com.do\/wp-content\/uploads\/2023\/09\/Adan-Ventura.jpg?resize=350%2C200&ssl=1 1x, https:\/\/i0.wp.com\/lasprimeras.com.do\/wp-content\/uploads\/2023\/09\/Adan-Ventura.jpg?resize=525%2C300&ssl=1 1.5x, https:\/\/i0.wp.com\/lasprimeras.com.do\/wp-content\/uploads\/2023\/09\/Adan-Ventura.jpg?resize=700%2C400&ssl=1 2x"},"classes":[]},{"id":120469,"url":"https:\/\/lasprimeras.com.do\/index.php\/2026\/01\/24\/apresan-a-joven-acusado-de-darle-42-punaladas-a-su-expareja-embarazada-en-santiago\/","url_meta":{"origin":49389,"position":5},"title":"Apresan a joven acusado de darle 42 pu\u00f1aladas a su expareja embarazada en Santiago","author":"Nelson Feliz","date":"24 de enero de 2026","format":false,"excerpt":"El imputado permanece ingresado en un centro de salud y ser\u00e1 presentado ante el Ministerio P\u00fablico. La Polic\u00eda Nacional inform\u00f3 que se encuentra bajo custodia policial el joven acusado de herir con m\u00faltiples estocadas a su expareja embarazada, durante un hecho ocurrido el 21 de enero, en el sector Bella\u2026","rel":"","context":"En \u00abMILITARES\u00bb","block_context":{"text":"MILITARES","link":"https:\/\/lasprimeras.com.do\/index.php\/category\/militares\/"},"img":{"alt_text":"","src":"https:\/\/i0.wp.com\/lasprimeras.com.do\/wp-content\/uploads\/2026\/01\/PAREJA.jpg?resize=350%2C200&ssl=1","width":350,"height":200,"srcset":"https:\/\/i0.wp.com\/lasprimeras.com.do\/wp-content\/uploads\/2026\/01\/PAREJA.jpg?resize=350%2C200&ssl=1 1x, https:\/\/i0.wp.com\/lasprimeras.com.do\/wp-content\/uploads\/2026\/01\/PAREJA.jpg?resize=525%2C300&ssl=1 1.5x, https:\/\/i0.wp.com\/lasprimeras.com.do\/wp-content\/uploads\/2026\/01\/PAREJA.jpg?resize=700%2C400&ssl=1 2x"},"classes":[]}],"jetpack_sharing_enabled":true,"_links":{"self":[{"href":"https:\/\/lasprimeras.com.do\/index.php\/wp-json\/wp\/v2\/posts\/49389","targetHints":{"allow":["GET"]}}],"collection":[{"href":"https:\/\/lasprimeras.com.do\/index.php\/wp-json\/wp\/v2\/posts"}],"about":[{"href":"https:\/\/lasprimeras.com.do\/index.php\/wp-json\/wp\/v2\/types\/post"}],"author":[{"embeddable":true,"href":"https:\/\/lasprimeras.com.do\/index.php\/wp-json\/wp\/v2\/users\/1"}],"replies":[{"embeddable":true,"href":"https:\/\/lasprimeras.com.do\/index.php\/wp-json\/wp\/v2\/comments?post=49389"}],"version-history":[{"count":0,"href":"https:\/\/lasprimeras.com.do\/index.php\/wp-json\/wp\/v2\/posts\/49389\/revisions"}],"wp:featuredmedia":[{"embeddable":true,"href":"https:\/\/lasprimeras.com.do\/index.php\/wp-json\/"}],"wp:attachment":[{"href":"https:\/\/lasprimeras.com.do\/index.php\/wp-json\/wp\/v2\/media?parent=49389"}],"wp:term":[{"taxonomy":"category","embeddable":true,"href":"https:\/\/lasprimeras.com.do\/index.php\/wp-json\/wp\/v2\/categories?post=49389"},{"taxonomy":"post_tag","embeddable":true,"href":"https:\/\/lasprimeras.com.do\/index.php\/wp-json\/wp\/v2\/tags?post=49389"}],"curies":[{"name":"wp","href":"https:\/\/api.w.org\/{rel}","templated":true}]}}