{"id":49392,"date":"2023-05-10T22:37:33","date_gmt":"2023-05-11T02:37:33","guid":{"rendered":"https:\/\/atento.com.do\/?p=49392"},"modified":"2023-05-10T22:37:33","modified_gmt":"2023-05-11T02:37:33","slug":"hipolito-si-partidos-protestan-por-resolucion-de-jce-hay-que-tirarle-tres-bombas","status":"publish","type":"post","link":"https:\/\/lasprimeras.com.do\/index.php\/2023\/05\/10\/hipolito-si-partidos-protestan-por-resolucion-de-jce-hay-que-tirarle-tres-bombas\/","title":{"rendered":"Hip\u00f3lito: si partidos protestan por resoluci\u00f3n de JCE hay que tirarle tres bombas"},"content":{"rendered":"\n<p>\u201cLes tiramos bombas lacrim\u00f3genas, igual que le tiramos a Leonel (Fern\u00e1ndez) aquella vez que hubo que llevarlo a una cl\u00ednica\u201d, sostuvo.<\/p>\n\n\n\n<p><strong>Santo Domingo.-.<\/strong> El expresidente de la Rep\u00fablica, Hip\u00f3lito Mej\u00eda, calific\u00f3 como un \u201cdisparate\u201d la posici\u00f3n de algunos partidos pol\u00edticos de lanzarse a las calles en protesta por la resoluci\u00f3n emitida por la Junta Central Electoral (JCE) que aborda el tema de las reservas de candidaturas.<\/p>\n\n\n\n<p>\u201c\u00bfQu\u00e9 calle? \u00bfUsted est\u00e1 loco? Eso es un disparate\u201d, dijo el exmandatario tras ser cuestionado al respecto por los medios de comunicaci\u00f3n.<\/p>\n\n\n\n<p>Mej\u00eda tambi\u00e9n advirti\u00f3 a los organismos partidarios que, de llevar a cabo esa manifestaci\u00f3n, deber\u00e1n enfrentarse con los cuerpos del orden.<\/p>\n\n\n\n<p>\u201cLes tiramos bombas lacrim\u00f3genas, igual que le tiramos a Leonel (Fern\u00e1ndez) aquella vez que hubo que llevarlo a una cl\u00ednica\u201d.<\/p>\n\n\n\n<p>El dirigente del Partido Revolucionario Moderno (PRM) agreg\u00f3 que \u201cse le tiran tres bombitas de esa para fortalecer la democracia\u201d.<\/p>\n\n\n\n<p>La resoluci\u00f3n n\u00famero 13-2023 del \u00f3rgano electoral oficializa que las reservas del 20 % de las candidaturas que deban ser realizadas por las organizaciones pol\u00edticas, se deben de aplicar por cada nivel electoral y no en la universalidad de los cargos electivos.<\/p>\n\n\n\n<p>Es decir, para el pr\u00f3ximo periodo electoral los partidos solo podr\u00e1n reservar plazas para las candidaturas de hasta 38 diputados y seis senadores; lo cual dificultar\u00eda el tema de negociaci\u00f3n de alianzas y coaliciones entre las organizaciones pol\u00edticas; adem\u00e1s de 32 alcaldes; 233 regidores, 47 directores con sus subdirectores y 147 vocales; mientras que todas las dem\u00e1s candidaturas deber\u00e1n ser disputadas en primarias, convenciones y\/o asambleas.<\/p>\n\n\n\n<p>La ordenanza ha generado discordancia y rechazo por parte de los partidos de oposici\u00f3n.<\/p>\n","protected":false},"excerpt":{"rendered":"<p>\u201cLes tiramos bombas lacrim\u00f3genas, igual que le tiramos a Leonel (Fern\u00e1ndez) aquella vez que hubo que llevarlo a una cl\u00ednica\u201d, sostuvo. Santo Domingo.-. El expresidente de la Rep\u00fablica, Hip\u00f3lito Mej\u00eda,&hellip;<\/p>\n","protected":false},"author":1,"featured_media":47809,"comment_status":"open","ping_status":"open","sticky":false,"template":"","format":"standard","meta":{"content-type":"","jetpack_post_was_ever_published":false,"_jetpack_newsletter_access":"","_jetpack_dont_email_post_to_subs":false,"_jetpack_newsletter_tier_id":0,"_jetpack_memberships_contains_paywalled_content":false,"_jetpack_memberships_contains_paid_content":false,"footnotes":""},"categories":[25],"tags":[1072,1073,183,718,1074,370],"class_list":["post-49392","post","type-post","status-publish","format-standard","has-post-thumbnail","hentry","category-portada","tag-bombas","tag-hipolito-mejia","tag-jce","tag-partidos","tag-protestan","tag-resolucion"],"jetpack_featured_media_url":"","jetpack-related-posts":[{"id":49559,"url":"https:\/\/lasprimeras.com.do\/index.php\/2023\/05\/11\/elpidio-baez-responde-al-ex-presidente-hipolito-mejia\/","url_meta":{"origin":49392,"position":0},"title":"Elpidio B\u00e1ez responde al ex presidente Hip\u00f3lito Mej\u00eda","author":"prenxa100","date":"11 de mayo de 2023","format":false,"excerpt":"Santo Domingo.-.El diputado del Partido de la Liberaci\u00f3n Dominicana por el Distrito Nacional, Elpidio B\u00e1ez responde al ex presidente Hip\u00f3lito Mej\u00eda, recuerda que el derecho a la protesta tiene rango constitucional. El legilador, afirm\u00f3 que vivimos en una sociedad democr\u00e1tica donde la Constituci\u00f3n de la Rep\u00fablica garantiza el derecho que\u2026","rel":"","context":"En \u00abPORTADA\u00bb","block_context":{"text":"PORTADA","link":"https:\/\/lasprimeras.com.do\/index.php\/category\/portada\/"},"img":{"alt_text":"","src":"","width":0,"height":0},"classes":[]},{"id":67563,"url":"https:\/\/lasprimeras.com.do\/index.php\/2023\/11\/16\/hipolito-mejia-responde-cuestionamientos-de-leonel-fernandez\/","url_meta":{"origin":49392,"position":1},"title":"Hip\u00f3lito Mej\u00eda responde cuestionamientos de Leonel Fern\u00e1ndez","author":"Nelson Feliz","date":"16 de noviembre de 2023","format":false,"excerpt":"El expresidente de la Rep\u00fablica,\u00a0Hip\u00f3lito Mej\u00eda, le respondi\u00f3 al presidente de la Fuerza del Pueblo,\u00a0Leonel Fern\u00e1ndez, quien llam\u00f3 al actual gobierno a dejar de se\u00f1alar el pasado y hacerse cargo de los problemas del presente. Mej\u00eda dijo que Fern\u00e1ndez no tiene peso moral para cuestionar el trabajo del Gobierno que\u2026","rel":"","context":"En \u00abPORTADA\u00bb","block_context":{"text":"PORTADA","link":"https:\/\/lasprimeras.com.do\/index.php\/category\/portada\/"},"img":{"alt_text":"Hipolito Mejia","src":"https:\/\/i0.wp.com\/lasprimeras.com.do\/wp-content\/uploads\/2023\/09\/Hipolito-Mejia.jpg?resize=350%2C200&ssl=1","width":350,"height":200,"srcset":"https:\/\/i0.wp.com\/lasprimeras.com.do\/wp-content\/uploads\/2023\/09\/Hipolito-Mejia.jpg?resize=350%2C200&ssl=1 1x, https:\/\/i0.wp.com\/lasprimeras.com.do\/wp-content\/uploads\/2023\/09\/Hipolito-Mejia.jpg?resize=525%2C300&ssl=1 1.5x"},"classes":[]},{"id":69538,"url":"https:\/\/lasprimeras.com.do\/index.php\/2023\/12\/04\/policias-de-haiti-penetran-al-pais-e-incautan-mercancias\/","url_meta":{"origin":49392,"position":2},"title":"Polic\u00edas de Hait\u00ed penetran al pa\u00eds e incautan mercanc\u00edas","author":"BIMARY DE JES\u00daS Matos","date":"4 de diciembre de 2023","format":false,"excerpt":"Haiti.-Ayer tarde en la secci\u00f3n La Vig\u00eda, en Dajab\u00f3n, cuando se registraba un intercambio comercial entre haitianos y dominicanos, se presentaron el vicegobernador y el alcalde de Juana M\u00e9ndez acompa\u00f1ados de varios polic\u00edas, y procedieron a tirarles las mercanc\u00edas a sus compatriotas. Asimismo lanzaron bombas lacrim\u00f3genas y penetraron hasta la\u2026","rel":"","context":"En \u00abPORTADA\u00bb","block_context":{"text":"PORTADA","link":"https:\/\/lasprimeras.com.do\/index.php\/category\/portada\/"},"img":{"alt_text":"","src":"https:\/\/i0.wp.com\/lasprimeras.com.do\/wp-content\/uploads\/2023\/12\/Nuestro-Mundo-8-2.jpg?resize=350%2C200&ssl=1","width":350,"height":200,"srcset":"https:\/\/i0.wp.com\/lasprimeras.com.do\/wp-content\/uploads\/2023\/12\/Nuestro-Mundo-8-2.jpg?resize=350%2C200&ssl=1 1x, https:\/\/i0.wp.com\/lasprimeras.com.do\/wp-content\/uploads\/2023\/12\/Nuestro-Mundo-8-2.jpg?resize=525%2C300&ssl=1 1.5x"},"classes":[]},{"id":111876,"url":"https:\/\/lasprimeras.com.do\/index.php\/2025\/10\/14\/anpa-pospone-paro-de-labores-tras-intervencion-del-expresidente-hipolito-mejia\/","url_meta":{"origin":49392,"position":3},"title":"ANPA pospone paro de labores tras intervenci\u00f3n del expresidente Hip\u00f3lito Mej\u00eda","author":"Nelson Feliz","date":"14 de octubre de 2025","format":false,"excerpt":"La Asociaci\u00f3n Nacional de Profesionales Agropecuarios (ANPA) inform\u00f3 hoy que ten\u00eda previsto anunciar un paro nacional de labores por 48 horas en todo el sector agropecuario, sin embargo, el anuncio ha sido pospuesto luego de que el expresidente de la Rep\u00fablica, ingeniero Hip\u00f3lito Mej\u00eda, aceptara la solicitud de la ANPA\u2026","rel":"","context":"En \u00abNACIONALES\u00bb","block_context":{"text":"NACIONALES","link":"https:\/\/lasprimeras.com.do\/index.php\/category\/nacionales\/"},"img":{"alt_text":"","src":"https:\/\/i0.wp.com\/lasprimeras.com.do\/wp-content\/uploads\/2025\/10\/Victor-Hugo-Tito-Hernandez.jpg?resize=350%2C200&ssl=1","width":350,"height":200,"srcset":"https:\/\/i0.wp.com\/lasprimeras.com.do\/wp-content\/uploads\/2025\/10\/Victor-Hugo-Tito-Hernandez.jpg?resize=350%2C200&ssl=1 1x, https:\/\/i0.wp.com\/lasprimeras.com.do\/wp-content\/uploads\/2025\/10\/Victor-Hugo-Tito-Hernandez.jpg?resize=525%2C300&ssl=1 1.5x, https:\/\/i0.wp.com\/lasprimeras.com.do\/wp-content\/uploads\/2025\/10\/Victor-Hugo-Tito-Hernandez.jpg?resize=700%2C400&ssl=1 2x"},"classes":[]},{"id":49537,"url":"https:\/\/lasprimeras.com.do\/index.php\/2023\/05\/11\/diputados-de-la-fp-pld-prd-se-retiran-de-la-sesion-en-forma-de-protesta-por-resolucion-de-la-jce\/","url_meta":{"origin":49392,"position":4},"title":"Diputados de la FP, PLD, PRD se retiran de la sesi\u00f3n en forma de protesta por resoluci\u00f3n de la JCE","author":"prenxa100","date":"11 de mayo de 2023","format":false,"excerpt":"Santo Domingo, D.N.- El bloque de diputados del partido Fuerza del Pueblo, en conjunto con otros bloques de oposici\u00f3n se retiraron este jueves de la sesi\u00f3n de la C\u00e1mara Baja en se\u00f1al de protesta por la resoluci\u00f3n emitida por la Junta Central Electoral (JCE) que establece reservas de un 20%\u2026","rel":"","context":"En \u00abPORTADA\u00bb","block_context":{"text":"PORTADA","link":"https:\/\/lasprimeras.com.do\/index.php\/category\/portada\/"},"img":{"alt_text":"","src":"https:\/\/i0.wp.com\/img.youtube.com\/vi\/-WkwTGpZFKI\/0.jpg?resize=350%2C200","width":350,"height":200},"classes":[]},{"id":67565,"url":"https:\/\/lasprimeras.com.do\/index.php\/2023\/11\/16\/policia-haitiana-lanza-bombas-lacrimogenas-a-compatriotas-que-compraban-productos-dominicanos\/","url_meta":{"origin":49392,"position":5},"title":"Polic\u00eda haitiana lanza bombas lacrim\u00f3genas a compatriotas que compraban productos dominicanos","author":"Nelson Feliz","date":"16 de noviembre de 2023","format":false,"excerpt":"La llegada del cuerpo armado a la zona provoc\u00f3 que haitianos corrieran a territorio dominicano. GOIDY REYES DAJAB\u00d3N, RD.-.Bajo disparos y bombas lacrim\u00f3genas miembros de la Polic\u00eda Fronteriza de Hait\u00ed (Polifront), impidieron la realizaci\u00f3n de un mercado informal entre haitianos y dominicanos, inform\u00f3 Heat TV medio de comunicaci\u00f3n de Hait\u00ed.\u2026","rel":"","context":"En \u00abNACIONALES\u00bb","block_context":{"text":"NACIONALES","link":"https:\/\/lasprimeras.com.do\/index.php\/category\/nacionales\/"},"img":{"alt_text":"militares","src":"https:\/\/i0.wp.com\/lasprimeras.com.do\/wp-content\/uploads\/2023\/11\/militares.jpeg?resize=350%2C200&ssl=1","width":350,"height":200,"srcset":"https:\/\/i0.wp.com\/lasprimeras.com.do\/wp-content\/uploads\/2023\/11\/militares.jpeg?resize=350%2C200&ssl=1 1x, https:\/\/i0.wp.com\/lasprimeras.com.do\/wp-content\/uploads\/2023\/11\/militares.jpeg?resize=525%2C300&ssl=1 1.5x, https:\/\/i0.wp.com\/lasprimeras.com.do\/wp-content\/uploads\/2023\/11\/militares.jpeg?resize=700%2C400&ssl=1 2x"},"classes":[]}],"jetpack_sharing_enabled":true,"_links":{"self":[{"href":"https:\/\/lasprimeras.com.do\/index.php\/wp-json\/wp\/v2\/posts\/49392","targetHints":{"allow":["GET"]}}],"collection":[{"href":"https:\/\/lasprimeras.com.do\/index.php\/wp-json\/wp\/v2\/posts"}],"about":[{"href":"https:\/\/lasprimeras.com.do\/index.php\/wp-json\/wp\/v2\/types\/post"}],"author":[{"embeddable":true,"href":"https:\/\/lasprimeras.com.do\/index.php\/wp-json\/wp\/v2\/users\/1"}],"replies":[{"embeddable":true,"href":"https:\/\/lasprimeras.com.do\/index.php\/wp-json\/wp\/v2\/comments?post=49392"}],"version-history":[{"count":0,"href":"https:\/\/lasprimeras.com.do\/index.php\/wp-json\/wp\/v2\/posts\/49392\/revisions"}],"wp:featuredmedia":[{"embeddable":true,"href":"https:\/\/lasprimeras.com.do\/index.php\/wp-json\/"}],"wp:attachment":[{"href":"https:\/\/lasprimeras.com.do\/index.php\/wp-json\/wp\/v2\/media?parent=49392"}],"wp:term":[{"taxonomy":"category","embeddable":true,"href":"https:\/\/lasprimeras.com.do\/index.php\/wp-json\/wp\/v2\/categories?post=49392"},{"taxonomy":"post_tag","embeddable":true,"href":"https:\/\/lasprimeras.com.do\/index.php\/wp-json\/wp\/v2\/tags?post=49392"}],"curies":[{"name":"wp","href":"https:\/\/api.w.org\/{rel}","templated":true}]}}