{"id":49397,"date":"2023-05-10T22:54:19","date_gmt":"2023-05-11T02:54:19","guid":{"rendered":"https:\/\/atento.com.do\/?p=49397"},"modified":"2023-05-10T22:54:19","modified_gmt":"2023-05-11T02:54:19","slug":"apresan-dominicanos-llegaron-como-polizones-a-puerto-rico","status":"publish","type":"post","link":"https:\/\/lasprimeras.com.do\/index.php\/2023\/05\/10\/apresan-dominicanos-llegaron-como-polizones-a-puerto-rico\/","title":{"rendered":"Apresan dominicanos llegaron como polizones a Puerto Rico"},"content":{"rendered":"\n<p><strong>SAN JUAN, Puerto Rico.- <\/strong>Tres dominicanos que viajaron como polizones en una barcaza fueron detenidos por oficiales de Aduanas y Protecci\u00f3n Fronteriza en el sur de Puerto Rico.<\/p>\n\n\n\n<p>Seg\u00fan inform\u00f3 en un comunicado el CBP, sus oficiales fueron alertados en el puerto de Ponce (sur) por oficiales de la Polic\u00eda de Puerto Rico sobre unos posibles polizones a bordo de un remolcador, de nombre Indian Dawn, que opera en la costa sur de la isla.<\/p>\n\n\n\n<p>El remolcador Indian Dawn arrastraba una barcaza de nombre Sea Crest, que se movilizaba desde Lake Charles, en Luisiana, al puerto de Guayanilla.<\/p>\n\n\n\n<p>Los tres polizones varones fueron detenidos al arribar al muelle despu\u00e9s de saltar al agua tratando de escapar de las autoridades.<\/p>\n\n\n\n<p>La informaci\u00f3n obtenida indica que los inmigrantes indocumentados abordaron la embarcaci\u00f3n cerca de Saman\u00e1, Rep\u00fablica Dominicana, mientras la embarcaci\u00f3n transitaba por la zona.<\/p>\n\n\n\n<p>Los individuos afirmaron ser ciudadanos de la Rep\u00fablica Dominicana. Los tres hombres ser\u00e1n deportados.<\/p>\n","protected":false},"excerpt":{"rendered":"<p>SAN JUAN, Puerto Rico.- Tres dominicanos que viajaron como polizones en una barcaza fueron detenidos por oficiales de Aduanas y Protecci\u00f3n Fronteriza en el sur de Puerto Rico. Seg\u00fan inform\u00f3&hellip;<\/p>\n","protected":false},"author":1,"featured_media":49398,"comment_status":"open","ping_status":"open","sticky":false,"template":"","format":"standard","meta":{"content-type":"","jetpack_post_was_ever_published":false,"_jetpack_newsletter_access":"","_jetpack_dont_email_post_to_subs":false,"_jetpack_newsletter_tier_id":0,"_jetpack_memberships_contains_paywalled_content":false,"_jetpack_memberships_contains_paid_content":false,"footnotes":""},"categories":[1],"tags":[43,487,1077,1078],"class_list":["post-49397","post","type-post","status-publish","format-standard","has-post-thumbnail","hentry","category-sin-categoria","tag-apresa","tag-dominicanos","tag-polizones","tag-puerto-rico"],"jetpack_featured_media_url":"","jetpack-related-posts":[{"id":53140,"url":"https:\/\/lasprimeras.com.do\/index.php\/2023\/06\/23\/manzanillo-apresan-tres-personas-raptaron-hombre-para-llevarlos-a-puerto-rico\/","url_meta":{"origin":49397,"position":0},"title":"Manzanillo: Apresan tres personas raptaron hombre para llevarlos a Puerto Rico","author":"Nelson Feliz","date":"23 de junio de 2023","format":false,"excerpt":"Tres personas fueron detenidas en el municipio de Pepillo Salcedo (Manzanillo), a quien previamente obligaron subirse a un veh\u00edculo con el supuesto fin de cobrarle doscientos mil pesos que alegadamente le hab\u00edan pagado para llevarlos a la isla de Puerto Rico. Los detenidos son Nicol\u00e1s S\u00e1nchez Almonte, de 26 a\u00f1os;\u2026","rel":"","context":"En \u00abMILITARES\u00bb","block_context":{"text":"MILITARES","link":"https:\/\/lasprimeras.com.do\/index.php\/category\/militares\/"},"img":{"alt_text":"","src":"https:\/\/i0.wp.com\/lasprimeras.com.do\/wp-content\/uploads\/2023\/06\/presos.jpg?resize=350%2C200&ssl=1","width":350,"height":200,"srcset":"https:\/\/i0.wp.com\/lasprimeras.com.do\/wp-content\/uploads\/2023\/06\/presos.jpg?resize=350%2C200&ssl=1 1x, https:\/\/i0.wp.com\/lasprimeras.com.do\/wp-content\/uploads\/2023\/06\/presos.jpg?resize=525%2C300&ssl=1 1.5x, https:\/\/i0.wp.com\/lasprimeras.com.do\/wp-content\/uploads\/2023\/06\/presos.jpg?resize=700%2C400&ssl=1 2x"},"classes":[]},{"id":108796,"url":"https:\/\/lasprimeras.com.do\/index.php\/2025\/09\/10\/cuba-derrota-a-puerto-rico-por-nocaut-13-2\/","url_meta":{"origin":49397,"position":1},"title":"Cuba derrota a Puerto Rico por nocaut, 13-2","author":"Nelson Feliz","date":"10 de septiembre de 2025","format":false,"excerpt":"El campe\u00f3n del evento se define este jueves En el primer partido del d\u00eda 5 del torneo de b\u00e9isbol Premundial U15, el seleccionado de Cuba volvi\u00f3 a lograr victoria, en esta ocasi\u00f3n, propin\u00e1ndole un nocaut a Puerto Rico 13 carreras por 2. En el segundo episodio los cubanos batearon 10,\u2026","rel":"","context":"En \u00abDEPORTES\u00bb","block_context":{"text":"DEPORTES","link":"https:\/\/lasprimeras.com.do\/index.php\/category\/deportes\/"},"img":{"alt_text":"","src":"https:\/\/i0.wp.com\/lasprimeras.com.do\/wp-content\/uploads\/2025\/09\/Cuba-derrota-a-Puerto-Rico-por-nocaut-13-2.jpg?resize=350%2C200&ssl=1","width":350,"height":200,"srcset":"https:\/\/i0.wp.com\/lasprimeras.com.do\/wp-content\/uploads\/2025\/09\/Cuba-derrota-a-Puerto-Rico-por-nocaut-13-2.jpg?resize=350%2C200&ssl=1 1x, https:\/\/i0.wp.com\/lasprimeras.com.do\/wp-content\/uploads\/2025\/09\/Cuba-derrota-a-Puerto-Rico-por-nocaut-13-2.jpg?resize=525%2C300&ssl=1 1.5x, https:\/\/i0.wp.com\/lasprimeras.com.do\/wp-content\/uploads\/2025\/09\/Cuba-derrota-a-Puerto-Rico-por-nocaut-13-2.jpg?resize=700%2C400&ssl=1 2x"},"classes":[]},{"id":81457,"url":"https:\/\/lasprimeras.com.do\/index.php\/2024\/04\/21\/autoridades-arrestan-tres-fugitivos-boricuas-vinculados-a-masacre-en-puerto-rico\/","url_meta":{"origin":49397,"position":2},"title":"Autoridades arrestan tres fugitivos boricuas vinculados a masacre en Puerto Rico","author":"Nelson Feliz","date":"21 de abril de 2024","format":false,"excerpt":"Por Martin Restituyo Oficiales de la Armada de Rep\u00fablica Dominicana, (ARD) y agentes de la Direcci\u00f3n Nacional de Control de Drogas (DNCD), arrestaron a tres fugitivos boricuas, vinculados a la muerte de cuatro personas en julio del 2022, en los predios del residencial Juan C\u00e9sar Cordero D\u00e1vila (Quintana), en Hato\u2026","rel":"","context":"En \u00abMILITARES\u00bb","block_context":{"text":"MILITARES","link":"https:\/\/lasprimeras.com.do\/index.php\/category\/militares\/"},"img":{"alt_text":"DNCD","src":"https:\/\/i0.wp.com\/lasprimeras.com.do\/wp-content\/uploads\/2024\/04\/DNCD.jpg?resize=350%2C200&ssl=1","width":350,"height":200,"srcset":"https:\/\/i0.wp.com\/lasprimeras.com.do\/wp-content\/uploads\/2024\/04\/DNCD.jpg?resize=350%2C200&ssl=1 1x, https:\/\/i0.wp.com\/lasprimeras.com.do\/wp-content\/uploads\/2024\/04\/DNCD.jpg?resize=525%2C300&ssl=1 1.5x"},"classes":[]},{"id":87892,"url":"https:\/\/lasprimeras.com.do\/index.php\/2024\/08\/19\/puerto-rico-derrota-a-republica-dominicana-10-por-4\/","url_meta":{"origin":49397,"position":3},"title":"Puerto Rico derrota a Rep\u00fablica Dominicana 10 por 4","author":"Nelson Feliz","date":"19 de agosto de 2024","format":false,"excerpt":"Barranquilla, Colombia.- La Rep\u00fablica Dominicana jug\u00f3 su tercer partido de la Copa Mundial De B\u00e9isbol U15 que se celebra en Barranquilla, Colombia, en el Estadio Edgar Renter\u00eda, ante la selecci\u00f3n de de Puerto Rico, terminando el partido a favor de los boricuas 10 por 4. Las carreras boricuas fueron producto\u2026","rel":"","context":"En \u00abSin categor\u00eda\u00bb","block_context":{"text":"Sin categor\u00eda","link":"https:\/\/lasprimeras.com.do\/index.php\/category\/sin-categoria\/"},"img":{"alt_text":"","src":"https:\/\/i0.wp.com\/lasprimeras.com.do\/wp-content\/uploads\/2024\/08\/b.jpg?resize=350%2C200&ssl=1","width":350,"height":200,"srcset":"https:\/\/i0.wp.com\/lasprimeras.com.do\/wp-content\/uploads\/2024\/08\/b.jpg?resize=350%2C200&ssl=1 1x, https:\/\/i0.wp.com\/lasprimeras.com.do\/wp-content\/uploads\/2024\/08\/b.jpg?resize=525%2C300&ssl=1 1.5x"},"classes":[]},{"id":81695,"url":"https:\/\/lasprimeras.com.do\/index.php\/2024\/04\/23\/rd-entrega-a-estados-unidos-boricuas-vinculados-a-masacre-en-puerto-rico\/","url_meta":{"origin":49397,"position":4},"title":"RD entrega a Estados Unidos\u00a0boricuas vinculados a masacre en Puerto Rico","author":"Nelson Feliz","date":"23 de abril de 2024","format":false,"excerpt":"Por Martin Restituyo La Rep\u00fablica Dominicana, a trav\u00e9s de la Direcci\u00f3n Nacional de Control de Drogas (DNCD) y con la cooperaci\u00f3n de U.S. Marshals (Servicio de Alguaciles de Estados Unidos), entregaron en calidad de deportados a tres fugitivos boricuas, vinculados a la muerte de cuatro personas en julio del 2022,\u2026","rel":"","context":"En \u00abMILITARES\u00bb","block_context":{"text":"MILITARES","link":"https:\/\/lasprimeras.com.do\/index.php\/category\/militares\/"},"img":{"alt_text":"DNCD","src":"https:\/\/i0.wp.com\/lasprimeras.com.do\/wp-content\/uploads\/2024\/04\/DNCD-1.jpg?resize=350%2C200&ssl=1","width":350,"height":200,"srcset":"https:\/\/i0.wp.com\/lasprimeras.com.do\/wp-content\/uploads\/2024\/04\/DNCD-1.jpg?resize=350%2C200&ssl=1 1x, https:\/\/i0.wp.com\/lasprimeras.com.do\/wp-content\/uploads\/2024\/04\/DNCD-1.jpg?resize=525%2C300&ssl=1 1.5x, https:\/\/i0.wp.com\/lasprimeras.com.do\/wp-content\/uploads\/2024\/04\/DNCD-1.jpg?resize=700%2C400&ssl=1 2x"},"classes":[]},{"id":101312,"url":"https:\/\/lasprimeras.com.do\/index.php\/2025\/06\/18\/autoridades-dan-la-espalda-a-migrantes-dominicanos-en-puerto-rico-y-estados-unidos\/","url_meta":{"origin":49397,"position":5},"title":"Autoridades dan la espalda a migrantes dominicanos en Puerto Rico y Estados Unidos","author":"Nelson Feliz","date":"18 de junio de 2025","format":false,"excerpt":"El miembro del Comit\u00e9 Pol\u00edtico y titular de la Secretar\u00eda de Dominicanos(as) en el exterior, Alexis Lantigua, ratific\u00f3 la preocupaci\u00f3n del Partido de la Liberaci\u00f3n Dominicana (PLD) por la suerte de los dominicanos residentes en Puerto Rico y Estados Unidos. En el caso de Puerto Rico, Lantigua, en una intervenci\u00f3n\u2026","rel":"","context":"En \u00abPOLITICA\u00bb","block_context":{"text":"POLITICA","link":"https:\/\/lasprimeras.com.do\/index.php\/category\/politica\/"},"img":{"alt_text":"","src":"https:\/\/i0.wp.com\/lasprimeras.com.do\/wp-content\/uploads\/2025\/06\/Alexis-L.jpg?resize=350%2C200&ssl=1","width":350,"height":200,"srcset":"https:\/\/i0.wp.com\/lasprimeras.com.do\/wp-content\/uploads\/2025\/06\/Alexis-L.jpg?resize=350%2C200&ssl=1 1x, https:\/\/i0.wp.com\/lasprimeras.com.do\/wp-content\/uploads\/2025\/06\/Alexis-L.jpg?resize=525%2C300&ssl=1 1.5x, https:\/\/i0.wp.com\/lasprimeras.com.do\/wp-content\/uploads\/2025\/06\/Alexis-L.jpg?resize=700%2C400&ssl=1 2x"},"classes":[]}],"jetpack_sharing_enabled":true,"_links":{"self":[{"href":"https:\/\/lasprimeras.com.do\/index.php\/wp-json\/wp\/v2\/posts\/49397","targetHints":{"allow":["GET"]}}],"collection":[{"href":"https:\/\/lasprimeras.com.do\/index.php\/wp-json\/wp\/v2\/posts"}],"about":[{"href":"https:\/\/lasprimeras.com.do\/index.php\/wp-json\/wp\/v2\/types\/post"}],"author":[{"embeddable":true,"href":"https:\/\/lasprimeras.com.do\/index.php\/wp-json\/wp\/v2\/users\/1"}],"replies":[{"embeddable":true,"href":"https:\/\/lasprimeras.com.do\/index.php\/wp-json\/wp\/v2\/comments?post=49397"}],"version-history":[{"count":0,"href":"https:\/\/lasprimeras.com.do\/index.php\/wp-json\/wp\/v2\/posts\/49397\/revisions"}],"wp:featuredmedia":[{"embeddable":true,"href":"https:\/\/lasprimeras.com.do\/index.php\/wp-json\/"}],"wp:attachment":[{"href":"https:\/\/lasprimeras.com.do\/index.php\/wp-json\/wp\/v2\/media?parent=49397"}],"wp:term":[{"taxonomy":"category","embeddable":true,"href":"https:\/\/lasprimeras.com.do\/index.php\/wp-json\/wp\/v2\/categories?post=49397"},{"taxonomy":"post_tag","embeddable":true,"href":"https:\/\/lasprimeras.com.do\/index.php\/wp-json\/wp\/v2\/tags?post=49397"}],"curies":[{"name":"wp","href":"https:\/\/api.w.org\/{rel}","templated":true}]}}