{"id":49400,"date":"2023-05-10T23:00:45","date_gmt":"2023-05-11T03:00:45","guid":{"rendered":"https:\/\/atento.com.do\/?p=49400"},"modified":"2023-05-10T23:00:45","modified_gmt":"2023-05-11T03:00:45","slug":"castro-marte-denuncia-servicio-electrico-en-higuey-se-ha-vuelto-un-caos","status":"publish","type":"post","link":"https:\/\/lasprimeras.com.do\/index.php\/2023\/05\/10\/castro-marte-denuncia-servicio-electrico-en-higuey-se-ha-vuelto-un-caos\/","title":{"rendered":"Castro Marte denuncia servicio el\u00e9ctrico en Hig\u00fcey se ha vuelto un caos"},"content":{"rendered":"\n<p><strong>Santo Domingo.-. <\/strong>El obispo de la Di\u00f3cesis Nuestra Se\u00f1ora de La Altagracia en Hig\u00fcey, monse\u00f1or Jes\u00fas Castro Marte, denunci\u00f3 que el servicio el\u00e9ctrico en esa demarcaci\u00f3n \u201ces un caos\u201d.<\/p>\n\n\n\n<p>A trav\u00e9s de la red social Twitter, Marte afirm\u00f3 que la gente trabajadora est\u00e1 sufriendo mucho a causa de esa problem\u00e1tica.<\/p>\n\n\n\n<p>\u201cEl servicio el\u00e9ctrico del municipio de Higuey, ha vuelto a ser un caos. La gente trabajadora de este pueblo est\u00e1 sufriendo mucho\u201d, escribi\u00f3 Marte.<\/p>\n\n\n\n<figure class=\"wp-block-image size-full\"><img decoding=\"async\" src=\"https:\/\/atento.com.do\/wp-content\/uploads\/2023\/05\/castro.jpg\" alt=\"\" class=\"wp-image-49403\"\/><\/figure>\n\n\n\n<p>El religioso hizo un llamado a las autoridades para que enfrenten y resuelvan esa necesidad que tiene el pueblo con determinaci\u00f3n y prontitud.<\/p>\n\n\n\n<p>Adem\u00e1s del municipio Hig\u00fcey, decenas de residentes en la avenida Jacobo Majluta (Santo Domingo Norte) llevan varios d\u00edas protestando por los continuos apagones que se est\u00e1n registrando a todas horas del d\u00eda.<\/p>\n\n\n\n<p>Por los apagones algunos han perdido electrodom\u00e9sticos.<\/p>\n","protected":false},"excerpt":{"rendered":"<p>Santo Domingo.-. El obispo de la Di\u00f3cesis Nuestra Se\u00f1ora de La Altagracia en Hig\u00fcey, monse\u00f1or Jes\u00fas Castro Marte, denunci\u00f3 que el servicio el\u00e9ctrico en esa demarcaci\u00f3n \u201ces un caos\u201d. A&hellip;<\/p>\n","protected":false},"author":1,"featured_media":34097,"comment_status":"open","ping_status":"open","sticky":false,"template":"","format":"standard","meta":{"content-type":"","jetpack_post_was_ever_published":false,"_jetpack_newsletter_access":"","_jetpack_dont_email_post_to_subs":false,"_jetpack_newsletter_tier_id":0,"_jetpack_memberships_contains_paywalled_content":false,"_jetpack_memberships_contains_paid_content":false,"footnotes":""},"categories":[35,25],"tags":[1079,1080,1081,1082,865,1083],"class_list":["post-49400","post","type-post","status-publish","format-standard","has-post-thumbnail","hentry","category-nacionales","category-portada","tag-electrico","tag-higuey","tag-jesus-castro-marte","tag-monsenor","tag-servicio","tag-vuelto-un-caos"],"jetpack_featured_media_url":"","jetpack-related-posts":[{"id":120265,"url":"https:\/\/lasprimeras.com.do\/index.php\/2026\/01\/21\/monsenor-castro-marte-afirma-que-hay-mujeres-preparadas-para-presidir-la-republica-dominicana\/","url_meta":{"origin":49400,"position":0},"title":"Monse\u00f1or Castro Marte afirma que hay mujeres preparadas para presidir la Rep\u00fablica Dominicana","author":"Nelson Feliz","date":"21 de enero de 2026","format":false,"excerpt":"Jes\u00fas Castro Marte","rel":"","context":"En \u00abNACIONALES\u00bb","block_context":{"text":"NACIONALES","link":"https:\/\/lasprimeras.com.do\/index.php\/category\/nacionales\/"},"img":{"alt_text":"Jes\u00fas Castro Marte","src":"https:\/\/i0.wp.com\/lasprimeras.com.do\/wp-content\/uploads\/2026\/01\/Jesus-Castro-Marte-1.jpg?resize=350%2C200&ssl=1","width":350,"height":200,"srcset":"https:\/\/i0.wp.com\/lasprimeras.com.do\/wp-content\/uploads\/2026\/01\/Jesus-Castro-Marte-1.jpg?resize=350%2C200&ssl=1 1x, https:\/\/i0.wp.com\/lasprimeras.com.do\/wp-content\/uploads\/2026\/01\/Jesus-Castro-Marte-1.jpg?resize=525%2C300&ssl=1 1.5x, https:\/\/i0.wp.com\/lasprimeras.com.do\/wp-content\/uploads\/2026\/01\/Jesus-Castro-Marte-1.jpg?resize=700%2C400&ssl=1 2x, https:\/\/i0.wp.com\/lasprimeras.com.do\/wp-content\/uploads\/2026\/01\/Jesus-Castro-Marte-1.jpg?resize=1050%2C600&ssl=1 3x"},"classes":[]},{"id":93046,"url":"https:\/\/lasprimeras.com.do\/index.php\/2025\/01\/21\/obispo-castro-marte-elogia-politicas-de-faride-y-pide-que-no-le-tiemble-la-muneca\/","url_meta":{"origin":49400,"position":1},"title":"Obispo Castro Marte elog\u00eda pol\u00edticas de Faride y pide &#8220;que no le tiemble la mu\u00f1eca&#8221;","author":"Nelson Feliz","date":"21 de enero de 2025","format":false,"excerpt":"Durante la homil\u00eda por el D\u00eda de La Altagracia, el religioso inst\u00f3 a la poblaci\u00f3n apoyar las pol\u00edticas contra el desorden y el ruido. El obispo de la Di\u00f3cesis Nuestra Se\u00f1ora de La Altagracia, monse\u00f1or Jes\u00fas Castro Marte, expres\u00f3 este martes su respaldo a la ministra de Interior y Polic\u00eda,\u2026","rel":"","context":"En \u00abNACIONALES\u00bb","block_context":{"text":"NACIONALES","link":"https:\/\/lasprimeras.com.do\/index.php\/category\/nacionales\/"},"img":{"alt_text":"","src":"https:\/\/i0.wp.com\/lasprimeras.com.do\/wp-content\/uploads\/2025\/01\/Jesus-Castro-Marte.jpg?resize=350%2C200&ssl=1","width":350,"height":200,"srcset":"https:\/\/i0.wp.com\/lasprimeras.com.do\/wp-content\/uploads\/2025\/01\/Jesus-Castro-Marte.jpg?resize=350%2C200&ssl=1 1x, https:\/\/i0.wp.com\/lasprimeras.com.do\/wp-content\/uploads\/2025\/01\/Jesus-Castro-Marte.jpg?resize=525%2C300&ssl=1 1.5x, https:\/\/i0.wp.com\/lasprimeras.com.do\/wp-content\/uploads\/2025\/01\/Jesus-Castro-Marte.jpg?resize=700%2C400&ssl=1 2x"},"classes":[]},{"id":57580,"url":"https:\/\/lasprimeras.com.do\/index.php\/2023\/08\/14\/el-obispo-de-higuey-cuestiona-el-sistema-de-justicia-y-politicos-rd\/","url_meta":{"origin":49400,"position":2},"title":"El Obispo de Hig\u00fcey cuestiona el sistema de justicia y pol\u00edticos RD","author":"Nelson Feliz","date":"14 de agosto de 2023","format":false,"excerpt":"Por Yonis Manuel Espinal El obispo de la di\u00f3cesis La Altagracia, monse\u00f1or Jes\u00fas Castro Marte, arremeti\u00f3 contra el sistema de justicia y los pol\u00edticos de la Rep\u00fablica Dominicana por la poca transparencia con la que, a su juicio, se est\u00e1n manejando. Manifest\u00f3 que si un eje tan importante de una\u2026","rel":"","context":"En \u00abNACIONALES\u00bb","block_context":{"text":"NACIONALES","link":"https:\/\/lasprimeras.com.do\/index.php\/category\/nacionales\/"},"img":{"alt_text":"Jes\u00fas Castro Marte","src":"https:\/\/i0.wp.com\/lasprimeras.com.do\/wp-content\/uploads\/2023\/08\/Jesus-Castro-Marte.jpg?resize=350%2C200&ssl=1","width":350,"height":200,"srcset":"https:\/\/i0.wp.com\/lasprimeras.com.do\/wp-content\/uploads\/2023\/08\/Jesus-Castro-Marte.jpg?resize=350%2C200&ssl=1 1x, https:\/\/i0.wp.com\/lasprimeras.com.do\/wp-content\/uploads\/2023\/08\/Jesus-Castro-Marte.jpg?resize=525%2C300&ssl=1 1.5x"},"classes":[]},{"id":120210,"url":"https:\/\/lasprimeras.com.do\/index.php\/2026\/01\/21\/castro-marte-los-servidores-publicos-son-para-servir-al-pais-no-para-buscar-lucro\/","url_meta":{"origin":49400,"position":3},"title":"Castro Marte: &#8220;Los servidores p\u00fablicos son para servir al pa\u00eds, no para buscar lucro&#8221;","author":"Nelson Feliz","date":"21 de enero de 2026","format":false,"excerpt":"Jes\u00fas Castro Marte","rel":"","context":"En \u00abNACIONALES\u00bb","block_context":{"text":"NACIONALES","link":"https:\/\/lasprimeras.com.do\/index.php\/category\/nacionales\/"},"img":{"alt_text":"Jes\u00fas Castro Marte","src":"https:\/\/i0.wp.com\/lasprimeras.com.do\/wp-content\/uploads\/2026\/01\/Jesus-Castro-Marte.jpg?resize=350%2C200&ssl=1","width":350,"height":200,"srcset":"https:\/\/i0.wp.com\/lasprimeras.com.do\/wp-content\/uploads\/2026\/01\/Jesus-Castro-Marte.jpg?resize=350%2C200&ssl=1 1x, https:\/\/i0.wp.com\/lasprimeras.com.do\/wp-content\/uploads\/2026\/01\/Jesus-Castro-Marte.jpg?resize=525%2C300&ssl=1 1.5x, https:\/\/i0.wp.com\/lasprimeras.com.do\/wp-content\/uploads\/2026\/01\/Jesus-Castro-Marte.jpg?resize=700%2C400&ssl=1 2x"},"classes":[]},{"id":95368,"url":"https:\/\/lasprimeras.com.do\/index.php\/2025\/03\/12\/castro-marte-pide-no-distraerse-en-temas-como-el-aborto-y-aprobar-el-codigo-penal\/","url_meta":{"origin":49400,"position":4},"title":"Castro Marte pide no distraerse en temas como el aborto y aprobar el C\u00f3digo Penal","author":"Nelson Feliz","date":"12 de marzo de 2025","format":false,"excerpt":"El obispo de la Di\u00f3cesis Nuestra Se\u00f1ora de La Altagracia en Hig\u00fcey, monse\u00f1or Jes\u00fas Castro Marte, expres\u00f3 este mi\u00e9rcoles la necesidad de que el pa\u00eds tenga un C\u00f3digo Penal actualizado. Castro Marte espera que la comisi\u00f3n encargada de su aprobaci\u00f3n del nuevo c\u00f3digo, no se distraiga en temas establecidos en\u2026","rel":"","context":"En \u00abNACIONALES\u00bb","block_context":{"text":"NACIONALES","link":"https:\/\/lasprimeras.com.do\/index.php\/category\/nacionales\/"},"img":{"alt_text":"Jes\u00fas Castro Marte","src":"https:\/\/i0.wp.com\/lasprimeras.com.do\/wp-content\/uploads\/2023\/08\/Jesus-Castro-Marte.jpg?resize=350%2C200&ssl=1","width":350,"height":200,"srcset":"https:\/\/i0.wp.com\/lasprimeras.com.do\/wp-content\/uploads\/2023\/08\/Jesus-Castro-Marte.jpg?resize=350%2C200&ssl=1 1x, https:\/\/i0.wp.com\/lasprimeras.com.do\/wp-content\/uploads\/2023\/08\/Jesus-Castro-Marte.jpg?resize=525%2C300&ssl=1 1.5x"},"classes":[]},{"id":106435,"url":"https:\/\/lasprimeras.com.do\/index.php\/2025\/08\/15\/carolina-respalda-impulsar-turismo-religioso-en-higuey\/","url_meta":{"origin":49400,"position":5},"title":"Carolina respalda impulsar turismo religioso en Hig\u00fcey","author":"Nelson Feliz","date":"15 de agosto de 2025","format":false,"excerpt":"\u2022Apoya crear condiciones de seguridad para los feligreses en el camino de peregrinaci\u00f3n desde Bayaguana a la Bas\u00edlica de Hig\u00fcey. La precandidata presidencial del Partido Revolucionario Moderno (PRM)Carolina Mej\u00eda respald\u00f3 este jueves la creaci\u00f3n de medidas de seguridad en el camino de peregrinaci\u00f3n desde Bayaguana hacia la Bas\u00edlica Catedral Nuestra\u2026","rel":"","context":"En \u00abPORTADA\u00bb","block_context":{"text":"PORTADA","link":"https:\/\/lasprimeras.com.do\/index.php\/category\/portada\/"},"img":{"alt_text":"Carolina Mej\u00eda","src":"https:\/\/i0.wp.com\/lasprimeras.com.do\/wp-content\/uploads\/2025\/08\/Carolina-Mejia-2.jpg?resize=350%2C200&ssl=1","width":350,"height":200,"srcset":"https:\/\/i0.wp.com\/lasprimeras.com.do\/wp-content\/uploads\/2025\/08\/Carolina-Mejia-2.jpg?resize=350%2C200&ssl=1 1x, https:\/\/i0.wp.com\/lasprimeras.com.do\/wp-content\/uploads\/2025\/08\/Carolina-Mejia-2.jpg?resize=525%2C300&ssl=1 1.5x, https:\/\/i0.wp.com\/lasprimeras.com.do\/wp-content\/uploads\/2025\/08\/Carolina-Mejia-2.jpg?resize=700%2C400&ssl=1 2x"},"classes":[]}],"jetpack_sharing_enabled":true,"_links":{"self":[{"href":"https:\/\/lasprimeras.com.do\/index.php\/wp-json\/wp\/v2\/posts\/49400","targetHints":{"allow":["GET"]}}],"collection":[{"href":"https:\/\/lasprimeras.com.do\/index.php\/wp-json\/wp\/v2\/posts"}],"about":[{"href":"https:\/\/lasprimeras.com.do\/index.php\/wp-json\/wp\/v2\/types\/post"}],"author":[{"embeddable":true,"href":"https:\/\/lasprimeras.com.do\/index.php\/wp-json\/wp\/v2\/users\/1"}],"replies":[{"embeddable":true,"href":"https:\/\/lasprimeras.com.do\/index.php\/wp-json\/wp\/v2\/comments?post=49400"}],"version-history":[{"count":0,"href":"https:\/\/lasprimeras.com.do\/index.php\/wp-json\/wp\/v2\/posts\/49400\/revisions"}],"wp:featuredmedia":[{"embeddable":true,"href":"https:\/\/lasprimeras.com.do\/index.php\/wp-json\/"}],"wp:attachment":[{"href":"https:\/\/lasprimeras.com.do\/index.php\/wp-json\/wp\/v2\/media?parent=49400"}],"wp:term":[{"taxonomy":"category","embeddable":true,"href":"https:\/\/lasprimeras.com.do\/index.php\/wp-json\/wp\/v2\/categories?post=49400"},{"taxonomy":"post_tag","embeddable":true,"href":"https:\/\/lasprimeras.com.do\/index.php\/wp-json\/wp\/v2\/tags?post=49400"}],"curies":[{"name":"wp","href":"https:\/\/api.w.org\/{rel}","templated":true}]}}