{"id":49430,"date":"2023-05-11T06:47:42","date_gmt":"2023-05-11T10:47:42","guid":{"rendered":"https:\/\/atento.com.do\/?p=49430"},"modified":"2023-05-11T06:47:42","modified_gmt":"2023-05-11T10:47:42","slug":"se-produce-una-explosion-en-el-centro-de-milan","status":"publish","type":"post","link":"https:\/\/lasprimeras.com.do\/index.php\/2023\/05\/11\/se-produce-una-explosion-en-el-centro-de-milan\/","title":{"rendered":"Se produce una explosi\u00f3n en el centro de Mil\u00e1n"},"content":{"rendered":"\n<p>Una guarder\u00eda cercana al lugar del siniestro ha sido evacuada.<\/p>\n\n\n\n<p><strong>Mil\u00e1n,Italia.-. <\/strong>Una explosi\u00f3n ha provocado gran incendio la ma\u00f1ana de este jueves en el centro de Mil\u00e1n (Italia), en la zona de Porta Romana, generando una gran nube negra visible desde varias zonas de la ciudad.<\/p>\n\n\n\n<p>De momento se desconoce el origen del fuego, que seg\u00fan medios locales, habr\u00eda partido de una furgoneta y habr\u00eda alcanzado a varios coches cercanos.<\/p>\n\n\n\n<figure class=\"wp-block-image size-full\"><img decoding=\"async\" src=\"https:\/\/atento.com.do\/wp-content\/uploads\/2023\/05\/comunicado.jpg\" alt=\"\" class=\"wp-image-49432\"\/><\/figure>\n\n\n\n<p>Algunos testigos dicen que vieron incendiarse una de las bombonas de ox\u00edgeno que transportaba la furgoneta, probablemente con destino al cercano Instituto Auxol\u00f3gico Italiano, y que luego se produjo una explosi\u00f3n muy violenta.<\/p>\n\n\n\n<figure class=\"wp-block-embed is-type-rich is-provider-twitter wp-block-embed-twitter\"><div class=\"wp-block-embed__wrapper\">\n<div class=\"embed-twitter\"><blockquote class=\"twitter-tweet\" data-width=\"500\" data-dnt=\"true\"><p lang=\"it\" dir=\"ltr\">Milan: s&#39;ciop in Porta Romana, brusen varie viture e un gran fum negher l&#39;\u00e8 in cel. <a href=\"https:\/\/t.co\/6oo15X720p\">pic.twitter.com\/6oo15X720p<\/a><\/p>&mdash; Lombardia Incoeu (@incoeu) <a href=\"https:\/\/twitter.com\/incoeu\/status\/1656604307184312321?ref_src=twsrc%5Etfw\">May 11, 2023<\/a><\/blockquote><script async src=\"https:\/\/platform.twitter.com\/widgets.js\" charset=\"utf-8\"><\/script><\/div>\n<\/div><\/figure>\n\n\n\n<p>Una explosi\u00f3n ha provocado gran incendio la ma\u00f1ana de este jueves en el centro de Mil\u00e1n (Italia), en la zona de Porta Romana, generando una gran nube negra visible desde varias zonas de la ciudad.<\/p>\n\n\n\n<p>Fuente RT<\/p>\n","protected":false},"excerpt":{"rendered":"<p>Una guarder\u00eda cercana al lugar del siniestro ha sido evacuada. Mil\u00e1n,Italia.-. Una explosi\u00f3n ha provocado gran incendio la ma\u00f1ana de este jueves en el centro de Mil\u00e1n (Italia), en la&hellip;<\/p>\n","protected":false},"author":1,"featured_media":49431,"comment_status":"open","ping_status":"open","sticky":false,"template":"","format":"standard","meta":{"content-type":"","jetpack_post_was_ever_published":false,"_jetpack_newsletter_access":"","_jetpack_dont_email_post_to_subs":false,"_jetpack_newsletter_tier_id":0,"_jetpack_memberships_contains_paywalled_content":false,"_jetpack_memberships_contains_paid_content":false,"footnotes":""},"categories":[25],"tags":[743,1109,1110],"class_list":["post-49430","post","type-post","status-publish","format-standard","has-post-thumbnail","hentry","category-portada","tag-centro","tag-explosion","tag-milan-2"],"jetpack_featured_media_url":"","jetpack-related-posts":[{"id":59027,"url":"https:\/\/lasprimeras.com.do\/index.php\/2023\/08\/30\/gases-acumulados-habrian-provocado-explosion-en-san-cristobal\/","url_meta":{"origin":49430,"position":0},"title":"Gases acumulados habr\u00edan provocado explosi\u00f3n en San Crist\u00f3bal","author":"Nelson Feliz","date":"30 de agosto de 2023","format":false,"excerpt":"Punto de inicio. La trayectoria de los fragmentos de los materiales en las diferentes direcciones, evidencian que el epicentro de la explosi\u00f3n lo ubican en la calle Padre Ayala casi esquina Jacinto J. Peynado. Una empresa de reciclaje instalada en el antiguo mercado de San Crist\u00f3bal \u201cconten\u00eda acumulaciones de gases\u2026","rel":"","context":"En \u00abNACIONALES\u00bb","block_context":{"text":"NACIONALES","link":"https:\/\/lasprimeras.com.do\/index.php\/category\/nacionales\/"},"img":{"alt_text":"Explosion","src":"https:\/\/i0.wp.com\/lasprimeras.com.do\/wp-content\/uploads\/2023\/08\/Explosion-1.jpg?resize=350%2C200&ssl=1","width":350,"height":200,"srcset":"https:\/\/i0.wp.com\/lasprimeras.com.do\/wp-content\/uploads\/2023\/08\/Explosion-1.jpg?resize=350%2C200&ssl=1 1x, https:\/\/i0.wp.com\/lasprimeras.com.do\/wp-content\/uploads\/2023\/08\/Explosion-1.jpg?resize=525%2C300&ssl=1 1.5x, https:\/\/i0.wp.com\/lasprimeras.com.do\/wp-content\/uploads\/2023\/08\/Explosion-1.jpg?resize=700%2C400&ssl=1 2x"},"classes":[]},{"id":57716,"url":"https:\/\/lasprimeras.com.do\/index.php\/2023\/08\/15\/aumenta-a-12-el-numero-de-fallecidos-en-la-exploxion-de-san-cristobal\/","url_meta":{"origin":49430,"position":1},"title":"Aumenta a 12 el n\u00famero de fallecidos en la exploxi\u00f3n de San Crist\u00f3bal","author":"Nelson Feliz","date":"15 de agosto de 2023","format":false,"excerpt":"El alcalde de San Crist\u00f3bal, Jos\u00e9 Mont\u00e1s, declar\u00f3 este martes que se elevar\u00f3n a 12 las personas fallecidas y a 40 los heridos por la explosi\u00f3n que se produjo la tarde de este lunes en el centro de la ciudad. Mientras tanto, en la zona de desastre, los bomberos a\u00fan\u2026","rel":"","context":"En \u00abNACIONALES\u00bb","block_context":{"text":"NACIONALES","link":"https:\/\/lasprimeras.com.do\/index.php\/category\/nacionales\/"},"img":{"alt_text":"","src":"https:\/\/i0.wp.com\/lasprimeras.com.do\/wp-content\/uploads\/2023\/08\/explo.jpg?resize=350%2C200&ssl=1","width":350,"height":200,"srcset":"https:\/\/i0.wp.com\/lasprimeras.com.do\/wp-content\/uploads\/2023\/08\/explo.jpg?resize=350%2C200&ssl=1 1x, https:\/\/i0.wp.com\/lasprimeras.com.do\/wp-content\/uploads\/2023\/08\/explo.jpg?resize=525%2C300&ssl=1 1.5x, https:\/\/i0.wp.com\/lasprimeras.com.do\/wp-content\/uploads\/2023\/08\/explo.jpg?resize=700%2C400&ssl=1 2x"},"classes":[]},{"id":65358,"url":"https:\/\/lasprimeras.com.do\/index.php\/2023\/10\/27\/bomberos-aun-intentan-sofocar-incendio-en-fabrica-textil-de-santiago-vecinos-temen-que-se-propague\/","url_meta":{"origin":49430,"position":2},"title":"Bomberos a\u00fan intentan sofocar incendio en f\u00e1brica textil de Santiago: vecinos temen que se propague","author":"BIMARY DE JES\u00daS Matos","date":"27 de octubre de 2023","format":false,"excerpt":"Santiago.-Varias unidades del cuerpo de bomberos de la provincia de Santiago a\u00fan contin\u00faan en los esfuerzos por sofocar el incendio producido la madrugada de este viernes en la f\u00e1brica textil \u201cFashion Textil\u201d, ubicada en el sector Villa Liberaci\u00f3n, de la Otra Banda, en la zona Oeste. Mientras en las inmediaciones\u2026","rel":"","context":"En \u00abPORTADA\u00bb","block_context":{"text":"PORTADA","link":"https:\/\/lasprimeras.com.do\/index.php\/category\/portada\/"},"img":{"alt_text":"","src":"https:\/\/i0.wp.com\/lasprimeras.com.do\/wp-content\/uploads\/2023\/10\/WhatsApp-Image-2023-10-27-at-10.33.57-AM.jpeg?resize=350%2C200&ssl=1","width":350,"height":200,"srcset":"https:\/\/i0.wp.com\/lasprimeras.com.do\/wp-content\/uploads\/2023\/10\/WhatsApp-Image-2023-10-27-at-10.33.57-AM.jpeg?resize=350%2C200&ssl=1 1x, https:\/\/i0.wp.com\/lasprimeras.com.do\/wp-content\/uploads\/2023\/10\/WhatsApp-Image-2023-10-27-at-10.33.57-AM.jpeg?resize=525%2C300&ssl=1 1.5x, https:\/\/i0.wp.com\/lasprimeras.com.do\/wp-content\/uploads\/2023\/10\/WhatsApp-Image-2023-10-27-at-10.33.57-AM.jpeg?resize=700%2C400&ssl=1 2x"},"classes":[]},{"id":96825,"url":"https:\/\/lasprimeras.com.do\/index.php\/2025\/04\/08\/la-tragedia-del-jet-set-es-hasta-ahora-la-segunda-mas-mortal-de-su-tipo-en-los-ultimos-20-anos\/","url_meta":{"origin":49430,"position":3},"title":"La tragedia del Jet Set es, hasta ahora, la segunda m\u00e1s mortal de su tipo en los \u00faltimos 20 a\u00f1os","author":"Nelson Feliz","date":"8 de abril de 2025","format":false,"excerpt":"La cantidad de v\u00edctimas mortales solo es superada por un incendio en la c\u00e1rcel de Hig\u00fcey. La tragedia ocurrida en la madrugada de hoy en la discoteca Jet Set se coloca como la segunda m\u00e1s mort\u00edfera ocurrida en los \u00faltimos 20 a\u00f1os en la Rep\u00fablica Dominicana dentro de los sucesos\u2026","rel":"","context":"En \u00abNACIONALES\u00bb","block_context":{"text":"NACIONALES","link":"https:\/\/lasprimeras.com.do\/index.php\/category\/nacionales\/"},"img":{"alt_text":"","src":"https:\/\/i0.wp.com\/lasprimeras.com.do\/wp-content\/uploads\/2025\/04\/buscan.jpg?resize=350%2C200&ssl=1","width":350,"height":200,"srcset":"https:\/\/i0.wp.com\/lasprimeras.com.do\/wp-content\/uploads\/2025\/04\/buscan.jpg?resize=350%2C200&ssl=1 1x, https:\/\/i0.wp.com\/lasprimeras.com.do\/wp-content\/uploads\/2025\/04\/buscan.jpg?resize=525%2C300&ssl=1 1.5x, https:\/\/i0.wp.com\/lasprimeras.com.do\/wp-content\/uploads\/2025\/04\/buscan.jpg?resize=700%2C400&ssl=1 2x"},"classes":[]},{"id":57652,"url":"https:\/\/lasprimeras.com.do\/index.php\/2023\/08\/14\/registran-tres-muertos-y-33-personas-heridas-por-explosion-en-san-cristobal\/","url_meta":{"origin":49430,"position":4},"title":"Registran tres muertos y 33 personas heridas por explosi\u00f3n en San Crist\u00f3bal","author":"Nelson Feliz","date":"14 de agosto de 2023","format":false,"excerpt":"El Servicio Nacional de Salud inform\u00f3 que registra al menos tres muertes y 33 personas heridas por la explosi\u00f3n registrada la tarde de este lunes en San Crist\u00f3bal, al sur de Rep\u00fablica Dominicana. En un comunicado de prensa, la entidad se\u00f1ala que las 33 personas atendidas en centros de la\u2026","rel":"","context":"En \u00abNACIONALES\u00bb","block_context":{"text":"NACIONALES","link":"https:\/\/lasprimeras.com.do\/index.php\/category\/nacionales\/"},"img":{"alt_text":"","src":"https:\/\/i0.wp.com\/lasprimeras.com.do\/wp-content\/uploads\/2023\/08\/explo.jpg?resize=350%2C200&ssl=1","width":350,"height":200,"srcset":"https:\/\/i0.wp.com\/lasprimeras.com.do\/wp-content\/uploads\/2023\/08\/explo.jpg?resize=350%2C200&ssl=1 1x, https:\/\/i0.wp.com\/lasprimeras.com.do\/wp-content\/uploads\/2023\/08\/explo.jpg?resize=525%2C300&ssl=1 1.5x, https:\/\/i0.wp.com\/lasprimeras.com.do\/wp-content\/uploads\/2023\/08\/explo.jpg?resize=700%2C400&ssl=1 2x"},"classes":[]},{"id":57769,"url":"https:\/\/lasprimeras.com.do\/index.php\/2023\/08\/15\/coe-vaticina-un-mayor-numero-de-muertos-en-sc-hay-3-dias-de-duelo\/","url_meta":{"origin":49430,"position":5},"title":"COE vaticina un mayor n\u00famero de muertos en SC; hay 3 d\u00edas de duelo","author":"Nelson Feliz","date":"15 de agosto de 2023","format":false,"excerpt":"Autoridades dominicanas de socorro informaron este martes que se elev\u00f3 a 11 el n\u00famero de personas fallecidas en la explosi\u00f3n y posterior incendio producidos ayer en el centro de la ciudad de San Crist\u00f3bal (sur), a unos 30 kil\u00f3metros al oeste de Santo Domingo. El director del Centro de Operaciones\u2026","rel":"","context":"En \u00abNACIONALES\u00bb","block_context":{"text":"NACIONALES","link":"https:\/\/lasprimeras.com.do\/index.php\/category\/nacionales\/"},"img":{"alt_text":"Juan Manuel Mendez","src":"https:\/\/i0.wp.com\/lasprimeras.com.do\/wp-content\/uploads\/2023\/08\/Juan-Manuel-Mendez.png?resize=350%2C200&ssl=1","width":350,"height":200,"srcset":"https:\/\/i0.wp.com\/lasprimeras.com.do\/wp-content\/uploads\/2023\/08\/Juan-Manuel-Mendez.png?resize=350%2C200&ssl=1 1x, https:\/\/i0.wp.com\/lasprimeras.com.do\/wp-content\/uploads\/2023\/08\/Juan-Manuel-Mendez.png?resize=525%2C300&ssl=1 1.5x"},"classes":[]}],"jetpack_sharing_enabled":true,"_links":{"self":[{"href":"https:\/\/lasprimeras.com.do\/index.php\/wp-json\/wp\/v2\/posts\/49430","targetHints":{"allow":["GET"]}}],"collection":[{"href":"https:\/\/lasprimeras.com.do\/index.php\/wp-json\/wp\/v2\/posts"}],"about":[{"href":"https:\/\/lasprimeras.com.do\/index.php\/wp-json\/wp\/v2\/types\/post"}],"author":[{"embeddable":true,"href":"https:\/\/lasprimeras.com.do\/index.php\/wp-json\/wp\/v2\/users\/1"}],"replies":[{"embeddable":true,"href":"https:\/\/lasprimeras.com.do\/index.php\/wp-json\/wp\/v2\/comments?post=49430"}],"version-history":[{"count":0,"href":"https:\/\/lasprimeras.com.do\/index.php\/wp-json\/wp\/v2\/posts\/49430\/revisions"}],"wp:featuredmedia":[{"embeddable":true,"href":"https:\/\/lasprimeras.com.do\/index.php\/wp-json\/"}],"wp:attachment":[{"href":"https:\/\/lasprimeras.com.do\/index.php\/wp-json\/wp\/v2\/media?parent=49430"}],"wp:term":[{"taxonomy":"category","embeddable":true,"href":"https:\/\/lasprimeras.com.do\/index.php\/wp-json\/wp\/v2\/categories?post=49430"},{"taxonomy":"post_tag","embeddable":true,"href":"https:\/\/lasprimeras.com.do\/index.php\/wp-json\/wp\/v2\/tags?post=49430"}],"curies":[{"name":"wp","href":"https:\/\/api.w.org\/{rel}","templated":true}]}}