{"id":49525,"date":"2023-05-11T19:55:15","date_gmt":"2023-05-11T23:55:15","guid":{"rendered":"https:\/\/atento.com.do\/?p=49525"},"modified":"2023-05-11T19:55:15","modified_gmt":"2023-05-11T23:55:15","slug":"desmienten-posible-fallecimiento-de-la-madre-de-abel-martinez","status":"publish","type":"post","link":"https:\/\/lasprimeras.com.do\/index.php\/2023\/05\/11\/desmienten-posible-fallecimiento-de-la-madre-de-abel-martinez\/","title":{"rendered":"Desmienten posible fallecimiento de la madre de Abel Mart\u00ednez"},"content":{"rendered":"\n<p><strong>Santo Domingo.-. <\/strong>El equipo de comunicaciones del Candidato Presidencial del Partido de la Liberaci\u00f3n Dominicana (PLD), Abel Mart\u00ednez Duran, se dirige a los medios de comunicaci\u00f3n y al pueblo dominicano para brindar una actualizaci\u00f3n sobre la situaci\u00f3n de salud de Melida Duran, madre de nuestro candidato, y del diputado Mayobanex Mart\u00ednez.<\/p>\n\n\n\n<p>En primer lugar, queremos aclarar que, a diferencia de los informes previos, Melida Duran no ha fallecido. Sin embargo, lamentamos informar que se encuentra en un delicado estado de salud desde hace aproximadamente diez d\u00edas.<\/p>\n\n\n\n<p>Actualmente, est\u00e1 siendo atendida en el hospital HOMS de la ciudad de Santiago, donde est\u00e1 recibiendo la atenci\u00f3n m\u00e9dica necesaria por parte de un equipo de profesionales altamente calificados.<\/p>\n\n\n\n<p>La familia Mart\u00ednez Duran agradece profundamente todas las muestras de solidaridad, oraciones y buenos deseos que han llegado desde todos los rincones del pa\u00eds. El apoyo y el cari\u00f1o recibido han sido un gran aliento en estos momentos dif\u00edciles.<\/p>\n\n\n\n<p>En este sentido, solicitamos a los medios de comunicaci\u00f3n y a la sociedad en general respeto y consideraci\u00f3n por la privacidad de la familia durante este tiempo. Pedimos comprensi\u00f3n y prudencia en la difusi\u00f3n de informaci\u00f3n relacionada con la salud de la se\u00f1ora Melida Duran y el diputado Mayobanex Mart\u00ednez, con el objetivo de preservar el espacio necesario para su recuperaci\u00f3n y bienestar.<\/p>\n\n\n\n<p>El equipo de comunicaciones del Candidato Presidencial del PLD, Abel Mart\u00ednez Duran, seguir\u00e1 informando oportunamente sobre la evoluci\u00f3n de la situaci\u00f3n de salud de Melida Duran y el diputado Mayobanex Mart\u00ednez, a medida que se disponga de nueva informaci\u00f3n.<\/p>\n","protected":false},"excerpt":{"rendered":"<p>Santo Domingo.-. El equipo de comunicaciones del Candidato Presidencial del Partido de la Liberaci\u00f3n Dominicana (PLD), Abel Mart\u00ednez Duran, se dirige a los medios de comunicaci\u00f3n y al pueblo dominicano&hellip;<\/p>\n","protected":false},"author":1,"featured_media":49526,"comment_status":"open","ping_status":"open","sticky":false,"template":"","format":"standard","meta":{"content-type":"","jetpack_post_was_ever_published":false,"_jetpack_newsletter_access":"","_jetpack_dont_email_post_to_subs":false,"_jetpack_newsletter_tier_id":0,"_jetpack_memberships_contains_paywalled_content":false,"_jetpack_memberships_contains_paid_content":false,"footnotes":""},"categories":[35],"tags":[822,1199,1065,1200],"class_list":["post-49525","post","type-post","status-publish","format-standard","has-post-thumbnail","hentry","category-nacionales","tag-abel-martinez","tag-desmienten","tag-fallecimiento","tag-madre"],"jetpack_featured_media_url":"","jetpack-related-posts":[{"id":49952,"url":"https:\/\/lasprimeras.com.do\/index.php\/2023\/05\/15\/abinader-se-solidariza-con-abel-martinez-por-muerte-de-su-madre\/","url_meta":{"origin":49525,"position":0},"title":"Abinader se solidariza con Abel Mart\u00ednez por muerte de su madre","author":"prenxa100","date":"15 de mayo de 2023","format":false,"excerpt":"SANTIAGO.- El presidente Luis Abinader ofreci\u00f3 este lunes sus condolencias al alcalde de Santiago de Los Caballeros, Abel Mart\u00ednez y a sus familiares, por el fallecimiento de su madre, M\u00e9lida Dur\u00e1n. El Mandatario acudi\u00f3 al Parque Memorial Fuente de Luz donde dijo que durante que ha desarrollado una relaci\u00f3n de\u2026","rel":"","context":"En \u00abNACIONALES\u00bb","block_context":{"text":"NACIONALES","link":"https:\/\/lasprimeras.com.do\/index.php\/category\/nacionales\/"},"img":{"alt_text":"","src":"","width":0,"height":0},"classes":[]},{"id":49838,"url":"https:\/\/lasprimeras.com.do\/index.php\/2023\/05\/15\/presidente-abinader-ofrecera-condolencias-a-abel-martinez-por-fallecimiento-de-su-madre\/","url_meta":{"origin":49525,"position":1},"title":"Presidente Abinader ofrecer\u00e1 condolencias a Abel Mart\u00ednez por fallecimiento de su madre","author":"prenxa100","date":"15 de mayo de 2023","format":false,"excerpt":"Santo Domingo.- El presidente Luis Abinader ir\u00e1 este lunes a Santiago de los Caballeros para ofrecer sus condolencias al alcalde de esa ciudad, Abel Mart\u00ednez, por el fallecimiento de su madre, do\u00f1a M\u00e9lida Dur\u00e1n. El mandatario tiene programado llegar a las 10:20 de la ma\u00f1ana al Parque Memorial Fuente de\u2026","rel":"","context":"En \u00abNACIONALES\u00bb","block_context":{"text":"NACIONALES","link":"https:\/\/lasprimeras.com.do\/index.php\/category\/nacionales\/"},"img":{"alt_text":"","src":"","width":0,"height":0},"classes":[]},{"id":49789,"url":"https:\/\/lasprimeras.com.do\/index.php\/2023\/05\/14\/sera-sepultada-el-lunes-15-de-mayo\/","url_meta":{"origin":49525,"position":2},"title":"Ser\u00e1 sepultada el lunes 15 de mayo","author":"prenxa100","date":"14 de mayo de 2023","format":false,"excerpt":"Santo Domingo.-. Esta tarde a las 4.00 p.m. en la funeraria Fuente de Luz en la Avenida Circunvalaci\u00f3n Norte comenzar\u00e1 el velatorio de la se\u00f1ora M\u00e9lida Dur\u00e1n, madre del candidato presidencial del PLD, Abel Mart\u00ednez. Se expondr\u00e1 esta misma tarde en la Capilla A de La Funeraria Fuente de Luz\u2026","rel":"","context":"En \u00abNACIONALES\u00bb","block_context":{"text":"NACIONALES","link":"https:\/\/lasprimeras.com.do\/index.php\/category\/nacionales\/"},"img":{"alt_text":"","src":"","width":0,"height":0},"classes":[]},{"id":49925,"url":"https:\/\/lasprimeras.com.do\/index.php\/2023\/05\/15\/leonel-a-abel-mi-madre-tambien-tenia-95-anos-comparto-su-dolor-se-el-vacio-que-eso-representa\/","url_meta":{"origin":49525,"position":3},"title":"Leonel a Abel: Mi madre tambi\u00e9n ten\u00eda 95 a\u00f1os, comparto su dolor, s\u00e9 el vac\u00edo que eso representa","author":"prenxa100","date":"15 de mayo de 2023","format":false,"excerpt":"Por Wilson P\u00e9rez Santiago.- \u201cHemos venido en nombre de nuestro partido la Fuerza del Pueblo y en el m\u00edo propio a presentar nuestras condolencias al amigo Abel Mart\u00ednez, alcalde de esta ciudad de Santiago y, al mismo tiempo, candidato presidencial por el Partido de la Liberaci\u00f3n Dominicana\u201d, manifest\u00f3 Leonel Fern\u00e1ndez\u2026","rel":"","context":"En \u00abNACIONALES\u00bb","block_context":{"text":"NACIONALES","link":"https:\/\/lasprimeras.com.do\/index.php\/category\/nacionales\/"},"img":{"alt_text":"","src":"","width":0,"height":0},"classes":[]},{"id":49882,"url":"https:\/\/lasprimeras.com.do\/index.php\/2023\/05\/15\/declaran-duelo-municipal-en-santiago-por-la-muerte-de-la-madre-del-alcalde-abel-martinez\/","url_meta":{"origin":49525,"position":4},"title":"Declaran duelo municipal en Santiago por la muerte de la madre del alcalde Abel Mart\u00ednez","author":"prenxa100","date":"15 de mayo de 2023","format":false,"excerpt":"Do\u00f1a M\u00e9lida Dur\u00e1n Vargas fue maestra por m\u00e1s de 40 a\u00f1os. Santiago, RD.-. El Concejo Municipal del Ayuntamiento de Santiago declar\u00f3 duelo municipal, debido a la muerte de do\u00f1a M\u00e9lida Dur\u00e1n Vargas, madre del alcalde Abel Mart\u00ednez. La declaratoria de duelo se conoci\u00f3 como \u00fanico tema en una Sesi\u00f3n Extraordinaria,\u2026","rel":"","context":"En \u00abNACIONALES\u00bb","block_context":{"text":"NACIONALES","link":"https:\/\/lasprimeras.com.do\/index.php\/category\/nacionales\/"},"img":{"alt_text":"","src":"","width":0,"height":0},"classes":[]},{"id":51007,"url":"https:\/\/lasprimeras.com.do\/index.php\/2023\/05\/25\/abel-martinez-retoma-encuentros-y-contacto-con-la-poblacion\/","url_meta":{"origin":49525,"position":5},"title":"Abel Mart\u00ednez retoma encuentros y contacto con la poblaci\u00f3n","author":"prenxa100","date":"25 de mayo de 2023","format":false,"excerpt":"SANTO DOMINGO.-.Luego de la pausa del duelo por el sentido fallecimiento de la se\u00f1ora M\u00e9lida Dur\u00e1n, madre del candidato Presidencial del Partido de la Liberaci\u00f3n Dominicana (PLD), Abel Mart\u00ednez, retoma las actividades de contacto con la poblaci\u00f3n y encuentros con los diferentes sectores nacionales. Por igual, el Partido de la\u2026","rel":"","context":"En \u00abSin categor\u00eda\u00bb","block_context":{"text":"Sin categor\u00eda","link":"https:\/\/lasprimeras.com.do\/index.php\/category\/sin-categoria\/"},"img":{"alt_text":"","src":"","width":0,"height":0},"classes":[]}],"jetpack_sharing_enabled":true,"_links":{"self":[{"href":"https:\/\/lasprimeras.com.do\/index.php\/wp-json\/wp\/v2\/posts\/49525","targetHints":{"allow":["GET"]}}],"collection":[{"href":"https:\/\/lasprimeras.com.do\/index.php\/wp-json\/wp\/v2\/posts"}],"about":[{"href":"https:\/\/lasprimeras.com.do\/index.php\/wp-json\/wp\/v2\/types\/post"}],"author":[{"embeddable":true,"href":"https:\/\/lasprimeras.com.do\/index.php\/wp-json\/wp\/v2\/users\/1"}],"replies":[{"embeddable":true,"href":"https:\/\/lasprimeras.com.do\/index.php\/wp-json\/wp\/v2\/comments?post=49525"}],"version-history":[{"count":0,"href":"https:\/\/lasprimeras.com.do\/index.php\/wp-json\/wp\/v2\/posts\/49525\/revisions"}],"wp:featuredmedia":[{"embeddable":true,"href":"https:\/\/lasprimeras.com.do\/index.php\/wp-json\/"}],"wp:attachment":[{"href":"https:\/\/lasprimeras.com.do\/index.php\/wp-json\/wp\/v2\/media?parent=49525"}],"wp:term":[{"taxonomy":"category","embeddable":true,"href":"https:\/\/lasprimeras.com.do\/index.php\/wp-json\/wp\/v2\/categories?post=49525"},{"taxonomy":"post_tag","embeddable":true,"href":"https:\/\/lasprimeras.com.do\/index.php\/wp-json\/wp\/v2\/tags?post=49525"}],"curies":[{"name":"wp","href":"https:\/\/api.w.org\/{rel}","templated":true}]}}