{"id":49531,"date":"2023-05-11T20:24:31","date_gmt":"2023-05-12T00:24:31","guid":{"rendered":"https:\/\/atento.com.do\/?p=49531"},"modified":"2023-05-11T20:24:31","modified_gmt":"2023-05-12T00:24:31","slug":"adp-afirma-entrega-lo-mejor-para-evitar-las-violencia-en-las-escuelas","status":"publish","type":"post","link":"https:\/\/lasprimeras.com.do\/index.php\/2023\/05\/11\/adp-afirma-entrega-lo-mejor-para-evitar-las-violencia-en-las-escuelas\/","title":{"rendered":"ADP afirma entrega lo mejor para evitar las violencia en las escuelas"},"content":{"rendered":"\n<p><strong>Santo Domingo.-. <\/strong>El Presidente de la Asociaci\u00f3n Dominicana de Profesores, (ADP) Eduardo Hidalgo, afirm\u00f3 que el magisterio nacional entrega lo mejor en procura de evitar la violencia en las escuelas del pa\u00eds.<\/p>\n\n\n\n<p>&#8220;Abogamos para que se busque una salida adecuada si no la violencia y los embarazos se van a multiplicar para el pr\u00f3ximo a\u00f1o escolar, estamos a tiempo&#8221;, dijo Hidalgo.<\/p>\n\n\n\n<p>Sin embargo, explic\u00f3 a los docentes lo han dejado solos. &#8220;Estamos en disposici\u00f3n de dar lo mejor, ahora las autoridades nos han dejado solos, las familias y las autoridades, pues hay escuelas que no tienen un portero ni un polic\u00eda escolar&#8221;.<\/p>\n\n\n\n<p>Asimismo, el dirigente sindical dijo que todo se ha reducido &#8221; a nosotros los maestros y as\u00ed no puede ser&#8221;.<\/p>\n\n\n\n<p>Hidalgo sugiri\u00f3 al Ministerio de educaci\u00f3n activar su departamento de orientaci\u00f3n y psicolog\u00eda a la vez que revel\u00f3 que miles de sic\u00f3logos y orientadores trabajan para unos 2 millones de estudiantes que conforman el sistema educativo, sin el apoyo de las autoridades.<\/p>\n\n\n\n<p>El presidente de la ADP, record\u00f3 un hecho en el que result\u00f3 lesionado un orientador cuando una estudiante intento agredir a otra estudiante con un arma blanca en el acto de izamiento a bandera el a\u00f1o pasado.<\/p>\n\n\n\n<p>Eduardo Hidalgo sostuvo que los docentes corren riesgo al igual que los estudiantes ante casos como estos en el aula.<\/p>\n\n\n\n<p>Hidalgo habl\u00f3 en esos t\u00e9rminos al ser cuestionado en una rueda de prensa en el local de la ADP.<\/p>\n","protected":false},"excerpt":{"rendered":"<p>Santo Domingo.-. El Presidente de la Asociaci\u00f3n Dominicana de Profesores, (ADP) Eduardo Hidalgo, afirm\u00f3 que el magisterio nacional entrega lo mejor en procura de evitar la violencia en las escuelas&hellip;<\/p>\n","protected":false},"author":1,"featured_media":49532,"comment_status":"open","ping_status":"open","sticky":false,"template":"","format":"standard","meta":{"content-type":"","jetpack_post_was_ever_published":false,"_jetpack_newsletter_access":"","_jetpack_dont_email_post_to_subs":false,"_jetpack_newsletter_tier_id":0,"_jetpack_memberships_contains_paywalled_content":false,"_jetpack_memberships_contains_paid_content":false,"footnotes":""},"categories":[35],"tags":[1170],"class_list":["post-49531","post","type-post","status-publish","format-standard","has-post-thumbnail","hentry","category-nacionales","tag-eduardo-hidalgo"],"jetpack_featured_media_url":"","jetpack-related-posts":[{"id":81778,"url":"https:\/\/lasprimeras.com.do\/index.php\/2024\/04\/24\/adp-reafirma-su-disposicion-al-dialogo-ante-preocupacion-de-foro-socioeducativo\/","url_meta":{"origin":49531,"position":0},"title":"ADP reafirma su disposici\u00f3n al di\u00e1logo ante preocupaci\u00f3n de Foro Socioeducativo","author":"Nelson Feliz","date":"24 de abril de 2024","format":false,"excerpt":"El presidente de la Asociaci\u00f3n Dominicana de Profesores (ADP) Eduardo Hidalgo reafirm\u00f3 que el sindicato siempre ha estado abierto al di\u00e1logo por la mejora de la educaci\u00f3n y las condiciones de las escuelas p\u00fablicas. Hidalgo espera de la convocatoria de la mesa de negociaci\u00f3n con el Minerd, ante la preocupaci\u00f3n\u2026","rel":"","context":"En \u00abNACIONALES\u00bb","block_context":{"text":"NACIONALES","link":"https:\/\/lasprimeras.com.do\/index.php\/category\/nacionales\/"},"img":{"alt_text":"Eduardo Hidalgo","src":"https:\/\/i0.wp.com\/lasprimeras.com.do\/wp-content\/uploads\/2024\/04\/Eduardo-Hidalgo-2.jpg?resize=350%2C200&ssl=1","width":350,"height":200,"srcset":"https:\/\/i0.wp.com\/lasprimeras.com.do\/wp-content\/uploads\/2024\/04\/Eduardo-Hidalgo-2.jpg?resize=350%2C200&ssl=1 1x, https:\/\/i0.wp.com\/lasprimeras.com.do\/wp-content\/uploads\/2024\/04\/Eduardo-Hidalgo-2.jpg?resize=525%2C300&ssl=1 1.5x, https:\/\/i0.wp.com\/lasprimeras.com.do\/wp-content\/uploads\/2024\/04\/Eduardo-Hidalgo-2.jpg?resize=700%2C400&ssl=1 2x"},"classes":[]},{"id":53656,"url":"https:\/\/lasprimeras.com.do\/index.php\/2023\/06\/29\/eduardo-hidalgo-felicita-al-magisterio-en-su-dia\/","url_meta":{"origin":49531,"position":1},"title":"Eduardo Hidalgo felicita al magisterio en su d\u00eda","author":"Nelson Feliz","date":"29 de junio de 2023","format":false,"excerpt":"Por Martin Restituyo El presidente de la Asociaci\u00f3n Dominicana de Profesores, (ADP), Eduardo Hidalgo dijo que este 30 de junio, fecha en que se celebra el Dia del Maestro, encuentra al magisterio nacional con el compromiso de seguir luchando por un mejor ambiente de trabajo y una mejora de la\u2026","rel":"","context":"En \u00abNACIONALES\u00bb","block_context":{"text":"NACIONALES","link":"https:\/\/lasprimeras.com.do\/index.php\/category\/nacionales\/"},"img":{"alt_text":"Eduardo Hidalgo","src":"https:\/\/i0.wp.com\/lasprimeras.com.do\/wp-content\/uploads\/2023\/06\/Eduardo-Hidalgo.jpg?resize=350%2C200&ssl=1","width":350,"height":200,"srcset":"https:\/\/i0.wp.com\/lasprimeras.com.do\/wp-content\/uploads\/2023\/06\/Eduardo-Hidalgo.jpg?resize=350%2C200&ssl=1 1x, https:\/\/i0.wp.com\/lasprimeras.com.do\/wp-content\/uploads\/2023\/06\/Eduardo-Hidalgo.jpg?resize=525%2C300&ssl=1 1.5x, https:\/\/i0.wp.com\/lasprimeras.com.do\/wp-content\/uploads\/2023\/06\/Eduardo-Hidalgo.jpg?resize=700%2C400&ssl=1 2x"},"classes":[]},{"id":53143,"url":"https:\/\/lasprimeras.com.do\/index.php\/2023\/06\/23\/presidente-de-la-adp-califica-de-desastroso-el-ano-escolar-2022-2023\/","url_meta":{"origin":49531,"position":2},"title":"Presidente de la ADP califica de desastroso el a\u00f1o escolar 2022-2023","author":"Nelson Feliz","date":"23 de junio de 2023","format":false,"excerpt":"Eduardo Hidalgo dijo que un 73% de las escuelas p\u00fablicas no existen las condiciones de infraestructura, el mobiliario y el equipamiento necesario. El presidente de la Asociaci\u00f3n Dominicana de Profesores (ADP), Eduardo Hidalgo, calific\u00f3 como desastroso el presente a\u00f1o escolar 2022-2023 que reci\u00e9n concluye, por la carencia de los recursos\u2026","rel":"","context":"En \u00abNACIONALES\u00bb","block_context":{"text":"NACIONALES","link":"https:\/\/lasprimeras.com.do\/index.php\/category\/nacionales\/"},"img":{"alt_text":"Presidente de la Asociaci\u00f3n Dominicana de Profesores (ADP), Eduardo Hidalgo.","src":"https:\/\/i0.wp.com\/lasprimeras.com.do\/wp-content\/uploads\/2023\/06\/Eduardo-Hidalgo.jpeg?resize=350%2C200&ssl=1","width":350,"height":200,"srcset":"https:\/\/i0.wp.com\/lasprimeras.com.do\/wp-content\/uploads\/2023\/06\/Eduardo-Hidalgo.jpeg?resize=350%2C200&ssl=1 1x, https:\/\/i0.wp.com\/lasprimeras.com.do\/wp-content\/uploads\/2023\/06\/Eduardo-Hidalgo.jpeg?resize=525%2C300&ssl=1 1.5x, https:\/\/i0.wp.com\/lasprimeras.com.do\/wp-content\/uploads\/2023\/06\/Eduardo-Hidalgo.jpeg?resize=700%2C400&ssl=1 2x"},"classes":[]},{"id":50421,"url":"https:\/\/lasprimeras.com.do\/index.php\/2023\/05\/19\/adp-agradece-respaldo-de-las-seccionales-al-plan-reivindicativo\/","url_meta":{"origin":49531,"position":3},"title":"ADP agradece respaldo de las seccionales al plan reivindicativo","author":"prenxa100","date":"19 de mayo de 2023","format":false,"excerpt":"Santo Domingo. - El presidente de la Asociaci\u00f3n Dominicana de Profesores, (ADP), Eduardo Hidalgo agradeci\u00f3 a las 155 seccionales que conforman el sindicato por su participaci\u00f3n en las asambleas realizadas este viernes en todo el pa\u00eds, como parte de la segunda fase del Plan reivindicativo a favor de los jubilados\u2026","rel":"","context":"En \u00abNACIONALES\u00bb","block_context":{"text":"NACIONALES","link":"https:\/\/lasprimeras.com.do\/index.php\/category\/nacionales\/"},"img":{"alt_text":"","src":"","width":0,"height":0},"classes":[]},{"id":81685,"url":"https:\/\/lasprimeras.com.do\/index.php\/2024\/04\/23\/adp-advierte-endurecera-lucha-por-una-mejor-educacion\/","url_meta":{"origin":49531,"position":4},"title":"ADP advierte endurecer\u00e1 lucha por una mejor educaci\u00f3n","author":"Nelson Feliz","date":"23 de abril de 2024","format":false,"excerpt":"El gremio magisterial condicion\u00f3 que se llegue a un acuerdo sobre el aumento salarial y la evaluaci\u00f3n de desempe\u00f1o en un plazo de una semana. Por Martin Restituyo El presidente de la Asociaci\u00f3n de Profesores (ADP) Eduardo Hidalgo advirti\u00f3 que, si en un plazo de una semana las autoridades no\u2026","rel":"","context":"En \u00abNACIONALES\u00bb","block_context":{"text":"NACIONALES","link":"https:\/\/lasprimeras.com.do\/index.php\/category\/nacionales\/"},"img":{"alt_text":"Eduardo Hidalgo","src":"https:\/\/i0.wp.com\/lasprimeras.com.do\/wp-content\/uploads\/2024\/04\/Eduardo-Hidalgo-1.jpg?resize=350%2C200&ssl=1","width":350,"height":200,"srcset":"https:\/\/i0.wp.com\/lasprimeras.com.do\/wp-content\/uploads\/2024\/04\/Eduardo-Hidalgo-1.jpg?resize=350%2C200&ssl=1 1x, https:\/\/i0.wp.com\/lasprimeras.com.do\/wp-content\/uploads\/2024\/04\/Eduardo-Hidalgo-1.jpg?resize=525%2C300&ssl=1 1.5x, https:\/\/i0.wp.com\/lasprimeras.com.do\/wp-content\/uploads\/2024\/04\/Eduardo-Hidalgo-1.jpg?resize=700%2C400&ssl=1 2x"},"classes":[]},{"id":87113,"url":"https:\/\/lasprimeras.com.do\/index.php\/2024\/08\/07\/hidalgo-dice-aprendizaje-de-los-alumnos-suma-muchos-componentes\/","url_meta":{"origin":49531,"position":5},"title":"Hidalgo dice aprendizaje de los alumnos suma muchos componentes","author":"Nelson Feliz","date":"7 de agosto de 2024","format":false,"excerpt":"Por Martin Restituyo El presidente de la Asociaci\u00f3n Dominicana de Profesores (ADP), Eduardo Hidalgo, reiter\u00f3 que son los propios maestros y maestras que \u201cestamos reclamando que nos eval\u00faen\u201d, ante el hecho de que las actuales autoridades han incumplido con el acuerdo de implementar la Evaluaci\u00f3n del Desempe\u00f1o Docente. Hidalgo, dijo\u2026","rel":"","context":"En \u00abNACIONALES\u00bb","block_context":{"text":"NACIONALES","link":"https:\/\/lasprimeras.com.do\/index.php\/category\/nacionales\/"},"img":{"alt_text":"Eduardo Hidalgo","src":"https:\/\/i0.wp.com\/lasprimeras.com.do\/wp-content\/uploads\/2023\/08\/Eduardo-Hidalgo.jpg?resize=350%2C200&ssl=1","width":350,"height":200,"srcset":"https:\/\/i0.wp.com\/lasprimeras.com.do\/wp-content\/uploads\/2023\/08\/Eduardo-Hidalgo.jpg?resize=350%2C200&ssl=1 1x, https:\/\/i0.wp.com\/lasprimeras.com.do\/wp-content\/uploads\/2023\/08\/Eduardo-Hidalgo.jpg?resize=525%2C300&ssl=1 1.5x, https:\/\/i0.wp.com\/lasprimeras.com.do\/wp-content\/uploads\/2023\/08\/Eduardo-Hidalgo.jpg?resize=700%2C400&ssl=1 2x"},"classes":[]}],"jetpack_sharing_enabled":true,"_links":{"self":[{"href":"https:\/\/lasprimeras.com.do\/index.php\/wp-json\/wp\/v2\/posts\/49531","targetHints":{"allow":["GET"]}}],"collection":[{"href":"https:\/\/lasprimeras.com.do\/index.php\/wp-json\/wp\/v2\/posts"}],"about":[{"href":"https:\/\/lasprimeras.com.do\/index.php\/wp-json\/wp\/v2\/types\/post"}],"author":[{"embeddable":true,"href":"https:\/\/lasprimeras.com.do\/index.php\/wp-json\/wp\/v2\/users\/1"}],"replies":[{"embeddable":true,"href":"https:\/\/lasprimeras.com.do\/index.php\/wp-json\/wp\/v2\/comments?post=49531"}],"version-history":[{"count":0,"href":"https:\/\/lasprimeras.com.do\/index.php\/wp-json\/wp\/v2\/posts\/49531\/revisions"}],"wp:featuredmedia":[{"embeddable":true,"href":"https:\/\/lasprimeras.com.do\/index.php\/wp-json\/"}],"wp:attachment":[{"href":"https:\/\/lasprimeras.com.do\/index.php\/wp-json\/wp\/v2\/media?parent=49531"}],"wp:term":[{"taxonomy":"category","embeddable":true,"href":"https:\/\/lasprimeras.com.do\/index.php\/wp-json\/wp\/v2\/categories?post=49531"},{"taxonomy":"post_tag","embeddable":true,"href":"https:\/\/lasprimeras.com.do\/index.php\/wp-json\/wp\/v2\/tags?post=49531"}],"curies":[{"name":"wp","href":"https:\/\/api.w.org\/{rel}","templated":true}]}}