{"id":49583,"date":"2023-05-12T07:44:08","date_gmt":"2023-05-12T11:44:08","guid":{"rendered":"https:\/\/atento.com.do\/?p=49583"},"modified":"2023-05-12T07:44:08","modified_gmt":"2023-05-12T11:44:08","slug":"tse-emite-mas-de-mil-sentencias-de-rectificaciones-de-actas-del-estado-civil","status":"publish","type":"post","link":"https:\/\/lasprimeras.com.do\/index.php\/2023\/05\/12\/tse-emite-mas-de-mil-sentencias-de-rectificaciones-de-actas-del-estado-civil\/","title":{"rendered":"TSE emite m\u00e1s de mil sentencias de rectificaciones de Actas del Estado Civil"},"content":{"rendered":"\n<p><strong>Santo Domingo. &#8211;<\/strong>El Tribunal Superior Electoral emiti\u00f3 1,192 sentencias de rectificaciones de actas del estado civil, durante el primer trimestre de este a\u00f1o.<\/p>\n\n\n\n<p>De esa cantidad, 395 corresponden al mes de enero; 369 al mes de febrero y 428 corresponden al mes de marzo; impactando un total de 1,560 personas.<\/p>\n\n\n\n<p>Del total de las personas impactadas, 802 corresponden a mujeres y 758 hombres, los cuales, ten\u00edan problemas en actas del estado civil.<\/p>\n\n\n\n<p>Durante el per\u00edodo de referencia, ingresaron al Tribunal 1,204 expedientes, detallados de la siguiente manera: En enero, ingresaron 399; en febrero, 371 y en marzo 434; as\u00ed mismo, se desglosaron 13 expedientes.<\/p>\n\n\n\n<p>La Direcci\u00f3n de Rectificaci\u00f3n de Actas del Estado Civil indic\u00f3 que el informe contiene los detalles m\u00e1s significativos de la labor realizada, enfocado en los expedientes ingresados y fallados por mes, con las personas impactadas en lo que va del a\u00f1o, que es una estad\u00edstica de reciente c\u00e1lculo en la Alta Corte.<\/p>\n\n\n\n<p><strong>\u00bfQu\u00e9 es la rectificaci\u00f3n de un acta del estado civil?<\/strong><\/p>\n\n\n\n<p>Es el resultado de la solicitud que realiza una persona para que por la v\u00eda jurisdiccional se corrija un error de escritura o se incluyan datos que no figuran en un acta del estado civil.<\/p>\n\n\n\n<p>Las rectificaciones de actas del estado civil realizadas por el TSE, son las que tienen un car\u00e1cter jurisdiccional.<\/p>\n\n\n\n<p>El interesado puede solicitarlo por s\u00ed mismo; a trav\u00e9s de un abogado provisto de un poder; o del Ministerio P\u00fablico, seg\u00fan la Ley n\u00fam. 29-11, Org\u00e1nica del TSE y la Ley n\u00fam. 4-23, Org\u00e1nica de los actos del estado civil.<\/p>\n\n\n\n<p>Adem\u00e1s de omisiones y errores materiales de escritura, las actas del estado civil pueden ser rectificadas por borraduras; tachaduras; alteraciones; abreviaturas, entre otras.<\/p>\n\n\n\n<p>Las estad\u00edsticas del primer trimestre fueron expuestas durante el proceso de evaluaci\u00f3n del Plan Operativo Anual (POA), del TSE, organizado por la Direcci\u00f3n de Planificaci\u00f3n y Desarrollo, validando el cumplimiento de las actividades programadas.<\/p>\n\n\n\n<p>El presidente de la Alta Corte, magistrado Ygnacio Pascual Camacho Hidalgo, indic\u00f3 que cada \u00e1rea que compone el Tribunal ha realizado un trabajo transcendente y que eso se manifiesta en las metas programadas y cumplidas, obteniendo el Tribunal un 95% en esta primera evaluaci\u00f3n.<\/p>\n\n\n\n<p>Camacho Hidalgo resalt\u00f3 la importancia de la Planificaci\u00f3n estrat\u00e9gica para trazar las metas que conduzcan al logro de los objetivos que propicien mejoras, siendo herramientas indispensables para alcanzar el \u00e9xito en toda instituci\u00f3n.<\/p>\n\n\n\n<p>Cada director del Tribunal Superior Electoral, evaluado por el departamento de Planificaci\u00f3n, que dirige la ingeniera Yuberquis Genao, present\u00f3 los resultados de las metas logradas en su \u00e1rea en el primer trimestre del POA 2023, durante la actividad realizada en el sal\u00f3n de Audiencia de la Alta Corte.<\/p>\n","protected":false},"excerpt":{"rendered":"<p>Santo Domingo. &#8211;El Tribunal Superior Electoral emiti\u00f3 1,192 sentencias de rectificaciones de actas del estado civil, durante el primer trimestre de este a\u00f1o. De esa cantidad, 395 corresponden al mes&hellip;<\/p>\n","protected":false},"author":1,"featured_media":49584,"comment_status":"open","ping_status":"open","sticky":false,"template":"","format":"standard","meta":{"content-type":"","jetpack_post_was_ever_published":false,"_jetpack_newsletter_access":"","_jetpack_dont_email_post_to_subs":false,"_jetpack_newsletter_tier_id":0,"_jetpack_memberships_contains_paywalled_content":false,"_jetpack_memberships_contains_paid_content":false,"footnotes":""},"categories":[35,25],"tags":[1257,1258,1068,1259,1260,850],"class_list":["post-49583","post","type-post","status-publish","format-standard","has-post-thumbnail","hentry","category-nacionales","category-portada","tag-actas","tag-civil","tag-estado","tag-rectificaciones","tag-sentencias","tag-tse"],"jetpack_featured_media_url":"","jetpack-related-posts":[{"id":128390,"url":"https:\/\/lasprimeras.com.do\/index.php\/2026\/04\/22\/tse-capacita-a-mas-de-un-centenar-de-abogados-en-moca-sobre-rectificacion-de-actas-del-estado-civil\/","url_meta":{"origin":49583,"position":0},"title":"TSE capacita a m\u00e1s de un centenar de abogados en Moca sobre rectificaci\u00f3n de actas del Estado Civil","author":"Nelson Feliz","date":"22 de abril de 2026","format":false,"excerpt":"M\u00e1s de un centenar de abogados, estudiantes de Derecho de la Universidad Tecnol\u00f3gica de Santiago (UTESA) y representantes comunitarios participaron en el taller sobre procedimiento en las rectificaciones de actas del Estado Civil realizado por el Tribunal Superior Electoral (TSE) en el municipio de Moca, provincia Espaillat. La jornada tuvo\u2026","rel":"","context":"En \u00abJUSTICIA\u00bb","block_context":{"text":"JUSTICIA","link":"https:\/\/lasprimeras.com.do\/index.php\/category\/justicia\/"},"img":{"alt_text":"","src":"https:\/\/i0.wp.com\/lasprimeras.com.do\/wp-content\/uploads\/2026\/04\/Taller-Moca.jpg?resize=350%2C200&ssl=1","width":350,"height":200,"srcset":"https:\/\/i0.wp.com\/lasprimeras.com.do\/wp-content\/uploads\/2026\/04\/Taller-Moca.jpg?resize=350%2C200&ssl=1 1x, https:\/\/i0.wp.com\/lasprimeras.com.do\/wp-content\/uploads\/2026\/04\/Taller-Moca.jpg?resize=525%2C300&ssl=1 1.5x, https:\/\/i0.wp.com\/lasprimeras.com.do\/wp-content\/uploads\/2026\/04\/Taller-Moca.jpg?resize=700%2C400&ssl=1 2x"},"classes":[]},{"id":64065,"url":"https:\/\/lasprimeras.com.do\/index.php\/2023\/10\/17\/tse-fusiona-expedientes-aplaza-y-archiva-otros\/","url_meta":{"origin":49583,"position":1},"title":"TSE fusiona expedientes, aplaza y archiva otros","author":"Nelson Feliz","date":"17 de octubre de 2023","format":false,"excerpt":"El Tribunal Superior Electoral conoci\u00f3 catorce (14) audiencias, dentro de las cuales fusion\u00f3 dos expedientes en los que existe identidad de partes, objeto y causa y cancel\u00f3 el rol de ocho por la incomparecencia de las partes, ordenando el archivo de estos \u00faltimos. En los expedientes archivados, los demandados eran\u2026","rel":"","context":"En \u00abSin categor\u00eda\u00bb","block_context":{"text":"Sin categor\u00eda","link":"https:\/\/lasprimeras.com.do\/index.php\/category\/sin-categoria\/"},"img":{"alt_text":"TSE","src":"https:\/\/i0.wp.com\/lasprimeras.com.do\/wp-content\/uploads\/2023\/10\/TSE-1.jpg?resize=350%2C200&ssl=1","width":350,"height":200,"srcset":"https:\/\/i0.wp.com\/lasprimeras.com.do\/wp-content\/uploads\/2023\/10\/TSE-1.jpg?resize=350%2C200&ssl=1 1x, https:\/\/i0.wp.com\/lasprimeras.com.do\/wp-content\/uploads\/2023\/10\/TSE-1.jpg?resize=525%2C300&ssl=1 1.5x"},"classes":[]},{"id":100092,"url":"https:\/\/lasprimeras.com.do\/index.php\/2025\/06\/01\/jce-unifica-actas-del-estado-civil-se-eliminan-formatos-de-extracto-e-inextensa\/","url_meta":{"origin":49583,"position":2},"title":"JCE unifica actas del estado civil; se eliminan formatos de \u201cextracto\u201d e \u201cinextensa\u201d","author":"Nelson Feliz","date":"1 de junio de 2025","format":false,"excerpt":"Medida entra en vigencia el 01 de julio e implica reajustes en el costo de las tasas. La Junta Central Electoral dispuso mediante la Resoluci\u00f3n 9-2025 la unificaci\u00f3n de las actas del estado civil en un \u00fanico formato est\u00e1ndar y elimina los formatos de \u201cextracto\u201d e \u201cinextensa\u201d, medida que entra\u2026","rel":"","context":"En \u00abECONOM\u00cdA\u00bb","block_context":{"text":"ECONOM\u00cdA","link":"https:\/\/lasprimeras.com.do\/index.php\/category\/economia\/"},"img":{"alt_text":"","src":"https:\/\/i0.wp.com\/lasprimeras.com.do\/wp-content\/uploads\/2025\/02\/Fachada-JCE.jpg?resize=350%2C200&ssl=1","width":350,"height":200,"srcset":"https:\/\/i0.wp.com\/lasprimeras.com.do\/wp-content\/uploads\/2025\/02\/Fachada-JCE.jpg?resize=350%2C200&ssl=1 1x, https:\/\/i0.wp.com\/lasprimeras.com.do\/wp-content\/uploads\/2025\/02\/Fachada-JCE.jpg?resize=525%2C300&ssl=1 1.5x, https:\/\/i0.wp.com\/lasprimeras.com.do\/wp-content\/uploads\/2025\/02\/Fachada-JCE.jpg?resize=700%2C400&ssl=1 2x"},"classes":[]},{"id":84286,"url":"https:\/\/lasprimeras.com.do\/index.php\/2024\/06\/05\/reenvian-impugnacion-interpuesta-por-victor-pavon-a-resultados-electorales\/","url_meta":{"origin":49583,"position":3},"title":"Reenv\u00edan impugnaci\u00f3n interpuesta por V\u00edctor Pav\u00f3n a resultados electorales","author":"Nelson Feliz","date":"5 de junio de 2024","format":false,"excerpt":"El Tribunal Superior Electoral(TSE) reenvi\u00f3 para el d\u00eda 11 de junio, la audiencia preliminar en la que se conocer\u00eda un recurso de impugnaci\u00f3n sometido por el ex candidato a diputado de la Fuerza del Pueblo(FP), V\u00edctor Pav\u00f3n, en contra de los resultados electorales emitidos por la Junta Municipal de Santo\u2026","rel":"","context":"En \u00abPORTADA\u00bb","block_context":{"text":"PORTADA","link":"https:\/\/lasprimeras.com.do\/index.php\/category\/portada\/"},"img":{"alt_text":"","src":"https:\/\/i0.wp.com\/lasprimeras.com.do\/wp-content\/uploads\/2024\/06\/reenvian-impugnacion-interpuesta-por-victor-pavon-a-resultados-electorales.jpg?resize=350%2C200&ssl=1","width":350,"height":200,"srcset":"https:\/\/i0.wp.com\/lasprimeras.com.do\/wp-content\/uploads\/2024\/06\/reenvian-impugnacion-interpuesta-por-victor-pavon-a-resultados-electorales.jpg?resize=350%2C200&ssl=1 1x, https:\/\/i0.wp.com\/lasprimeras.com.do\/wp-content\/uploads\/2024\/06\/reenvian-impugnacion-interpuesta-por-victor-pavon-a-resultados-electorales.jpg?resize=525%2C300&ssl=1 1.5x"},"classes":[]},{"id":101901,"url":"https:\/\/lasprimeras.com.do\/index.php\/2025\/06\/29\/jce-este-martes-entra-en-vigor-formato-unico-para-actas-del-estado-civil-y-el-reajuste-de-las-tasas\/","url_meta":{"origin":49583,"position":4},"title":"JCE: \u201cEste martes entra en vigor formato \u00fanico para actas del estado civil y el reajuste de las tasas\u201d","author":"Nelson Feliz","date":"29 de junio de 2025","format":false,"excerpt":"La Junta Central Electoral (JCE) recuerda que este martes 1 de julio de 2025 entra en vigor la Resoluci\u00f3n No. 09-2025 (modificada por la Resoluci\u00f3n No. 14-2025), que establece un \u00fanico formato para las actas de estado civil y el reajuste de las tasas para distintos servicios que ofrece la\u2026","rel":"","context":"En \u00abNACIONALES\u00bb","block_context":{"text":"NACIONALES","link":"https:\/\/lasprimeras.com.do\/index.php\/category\/nacionales\/"},"img":{"alt_text":"","src":"https:\/\/i0.wp.com\/lasprimeras.com.do\/wp-content\/uploads\/2025\/06\/jce-2.jpg?resize=350%2C200&ssl=1","width":350,"height":200,"srcset":"https:\/\/i0.wp.com\/lasprimeras.com.do\/wp-content\/uploads\/2025\/06\/jce-2.jpg?resize=350%2C200&ssl=1 1x, https:\/\/i0.wp.com\/lasprimeras.com.do\/wp-content\/uploads\/2025\/06\/jce-2.jpg?resize=525%2C300&ssl=1 1.5x, https:\/\/i0.wp.com\/lasprimeras.com.do\/wp-content\/uploads\/2025\/06\/jce-2.jpg?resize=700%2C400&ssl=1 2x"},"classes":[]},{"id":88130,"url":"https:\/\/lasprimeras.com.do\/index.php\/2024\/08\/22\/gonzalez-urrutia-insta-a-ente-electoral-a-realizar-auditoria-con-observacion-internacional\/","url_meta":{"origin":49583,"position":5},"title":"Gonz\u00e1lez Urrutia insta a ente electoral a realizar auditor\u00eda con observaci\u00f3n internacional","author":"Nelson Feliz","date":"22 de agosto de 2024","format":false,"excerpt":"Caracas, (EFE).- El abanderado de la mayor coalici\u00f3n opositora de Venezuela, Edmundo Gonz\u00e1lez Urrutia, inst\u00f3 este jueves al Consejo Nacional Electoral (CNE) a llevar a cabo un proceso de auditor\u00eda con observaci\u00f3n internacional de los resultados de los comicios presidenciales del 28 de julio, en los que fue proclamado Nicol\u00e1s\u2026","rel":"","context":"En \u00abSin categor\u00eda\u00bb","block_context":{"text":"Sin categor\u00eda","link":"https:\/\/lasprimeras.com.do\/index.php\/category\/sin-categoria\/"},"img":{"alt_text":"Edmundo Gonz\u00e1lez Urrutia","src":"https:\/\/i0.wp.com\/lasprimeras.com.do\/wp-content\/uploads\/2024\/08\/Edmundo-Gonzalez-Urrutia.jpg?resize=350%2C200&ssl=1","width":350,"height":200,"srcset":"https:\/\/i0.wp.com\/lasprimeras.com.do\/wp-content\/uploads\/2024\/08\/Edmundo-Gonzalez-Urrutia.jpg?resize=350%2C200&ssl=1 1x, https:\/\/i0.wp.com\/lasprimeras.com.do\/wp-content\/uploads\/2024\/08\/Edmundo-Gonzalez-Urrutia.jpg?resize=525%2C300&ssl=1 1.5x, https:\/\/i0.wp.com\/lasprimeras.com.do\/wp-content\/uploads\/2024\/08\/Edmundo-Gonzalez-Urrutia.jpg?resize=700%2C400&ssl=1 2x"},"classes":[]}],"jetpack_sharing_enabled":true,"_links":{"self":[{"href":"https:\/\/lasprimeras.com.do\/index.php\/wp-json\/wp\/v2\/posts\/49583","targetHints":{"allow":["GET"]}}],"collection":[{"href":"https:\/\/lasprimeras.com.do\/index.php\/wp-json\/wp\/v2\/posts"}],"about":[{"href":"https:\/\/lasprimeras.com.do\/index.php\/wp-json\/wp\/v2\/types\/post"}],"author":[{"embeddable":true,"href":"https:\/\/lasprimeras.com.do\/index.php\/wp-json\/wp\/v2\/users\/1"}],"replies":[{"embeddable":true,"href":"https:\/\/lasprimeras.com.do\/index.php\/wp-json\/wp\/v2\/comments?post=49583"}],"version-history":[{"count":0,"href":"https:\/\/lasprimeras.com.do\/index.php\/wp-json\/wp\/v2\/posts\/49583\/revisions"}],"wp:featuredmedia":[{"embeddable":true,"href":"https:\/\/lasprimeras.com.do\/index.php\/wp-json\/"}],"wp:attachment":[{"href":"https:\/\/lasprimeras.com.do\/index.php\/wp-json\/wp\/v2\/media?parent=49583"}],"wp:term":[{"taxonomy":"category","embeddable":true,"href":"https:\/\/lasprimeras.com.do\/index.php\/wp-json\/wp\/v2\/categories?post=49583"},{"taxonomy":"post_tag","embeddable":true,"href":"https:\/\/lasprimeras.com.do\/index.php\/wp-json\/wp\/v2\/tags?post=49583"}],"curies":[{"name":"wp","href":"https:\/\/api.w.org\/{rel}","templated":true}]}}