{"id":49871,"date":"2023-05-15T12:25:46","date_gmt":"2023-05-15T16:25:46","guid":{"rendered":"https:\/\/atento.com.do\/?p=49871"},"modified":"2023-05-15T12:25:46","modified_gmt":"2023-05-15T16:25:46","slug":"un-muerto-y-un-herido-tras-conflicto-en-los-tres-brazos","status":"publish","type":"post","link":"https:\/\/lasprimeras.com.do\/index.php\/2023\/05\/15\/un-muerto-y-un-herido-tras-conflicto-en-los-tres-brazos\/","title":{"rendered":"Un muerto y un herido tras conflicto en Los Tres Brazos"},"content":{"rendered":"\n<p><strong>Santo Domingo, RD.-. <\/strong>Un hombre result\u00f3 muerto y otro herido tras protagonizar un enfrentamiento a tiros en la comunidad Canta La Rana, del sector Los Tres Brazos, en Santo Domingo Este, la madrugada de este lunes.<\/p>\n\n\n\n<p>De acuerdo con el reporte preliminar, el suceso ocurri\u00f3 alrededor de las 5:00 de la madrugada cuando por viejas rencillas el hoy occiso, identificado como Luis Manuel Almendro Abreu, y el herido, a\u00fan no identificado, sostuvieron una discusi\u00f3n que termin\u00f3 en una balacera.<\/p>\n\n\n\n<p>El reporte adem\u00e1s indica que en la escena del crimen se contabilizaron m\u00e1s de cinco casquillos de bala.<\/p>\n\n\n\n<p>Tambi\u00e9n se\u00f1ala la persona herida fue trasladada al Hospital Dar\u00edo Contreras para recibir las atenciones m\u00e9dicas correspondientes.<\/p>\n\n\n\n<p>A la escena llegaron patrullas de la Polic\u00eda Nacional y el Departamento de Investigaci\u00f3n Criminal (Dicrim), quienes acordonaron la zona para no contaminar la escena.<\/p>\n\n\n\n<p>A\u00fan se est\u00e1 a la espera del Instituto Nacional de Ciencias Forenses (Inacif) para que realice el levantamiento del cuerpo que permanece en el pavimento arropado con una manta blanca.<\/p>\n\n\n\n<p>Por otro lado, los moradores de la calle Diagonal Primero (paralela a la escena del crimen) denunciaron que no es la primera vez que un hecho de tal magnitud sucede y que en la misma zona han ocurrido tres asesinatos.<\/p>\n\n\n\n<p>Explicaron que las longitudinales jornadas de fiestas en los negocios de diversi\u00f3n localizados en la mencionada calle, en especial el colmado\u201dLa P\u00e1mpara\u201d casi siempre terminan en sucesos tr\u00e1gicos.<\/p>\n\n\n\n<p>Estos temen que este hecho sea el inicio de un conflicto entre bandos que le quiten la tranquilidad.<\/p>\n","protected":false},"excerpt":{"rendered":"<p>Santo Domingo, RD.-. Un hombre result\u00f3 muerto y otro herido tras protagonizar un enfrentamiento a tiros en la comunidad Canta La Rana, del sector Los Tres Brazos, en Santo Domingo&hellip;<\/p>\n","protected":false},"author":1,"featured_media":49872,"comment_status":"open","ping_status":"open","sticky":false,"template":"","format":"standard","meta":{"content-type":"","jetpack_post_was_ever_published":false,"_jetpack_newsletter_access":"","_jetpack_dont_email_post_to_subs":false,"_jetpack_newsletter_tier_id":0,"_jetpack_memberships_contains_paywalled_content":false,"_jetpack_memberships_contains_paid_content":false,"footnotes":""},"categories":[35],"tags":[1501,307,1528,309],"class_list":["post-49871","post","type-post","status-publish","format-standard","has-post-thumbnail","hentry","category-nacionales","tag-conflicto","tag-herido","tag-los-tres-brazos","tag-muerto"],"jetpack_featured_media_url":"","jetpack-related-posts":[{"id":60640,"url":"https:\/\/lasprimeras.com.do\/index.php\/2023\/09\/17\/discusion-por-celos-deja-un-muerto-y-dos-heridos-en-el-aguacate-de-arenoso\/","url_meta":{"origin":49871,"position":0},"title":"Discusi\u00f3n por celos: Deja un muerto y dos heridos en El Aguacate de Arenoso","author":"Nelson Feliz","date":"17 de septiembre de 2023","format":false,"excerpt":"Un muerto y dos heridos fue el resultado de un altercado ocurrido la madrugada de este domingo, en una piscina bar, ubicada en el distrito municipal El Aguacate de Arenoso. La v\u00edctima mortal fue identificada como Eulises Severino, alias Cocoteo, quien falleci\u00f3 a consecuencia de herida de bala con entrada\u2026","rel":"","context":"En \u00abNACIONALES\u00bb","block_context":{"text":"NACIONALES","link":"https:\/\/lasprimeras.com.do\/index.php\/category\/nacionales\/"},"img":{"alt_text":"Eulises Severino","src":"https:\/\/i0.wp.com\/lasprimeras.com.do\/wp-content\/uploads\/2023\/09\/Eulises-Severino.jpg?resize=350%2C200&ssl=1","width":350,"height":200,"srcset":"https:\/\/i0.wp.com\/lasprimeras.com.do\/wp-content\/uploads\/2023\/09\/Eulises-Severino.jpg?resize=350%2C200&ssl=1 1x, https:\/\/i0.wp.com\/lasprimeras.com.do\/wp-content\/uploads\/2023\/09\/Eulises-Severino.jpg?resize=525%2C300&ssl=1 1.5x, https:\/\/i0.wp.com\/lasprimeras.com.do\/wp-content\/uploads\/2023\/09\/Eulises-Severino.jpg?resize=700%2C400&ssl=1 2x"},"classes":[]},{"id":57555,"url":"https:\/\/lasprimeras.com.do\/index.php\/2023\/08\/13\/en-barahona-reportan-un-hombre-muerto-y-varios-heridos-en-diferentes-hechos\/","url_meta":{"origin":49871,"position":1},"title":"En Barahona reportan un hombre muerto y varios heridos en diferentes hechos\u00a0","author":"Nelson Feliz","date":"13 de agosto de 2023","format":false,"excerpt":"Fu\u00e9 ingresado a la 4:50 de la madrugada en la Emergencia del Hospital Regional Jaime Mota, el cuerpo sin vida del nombrado Juan Carlos Cruz Alc\u00e1ntara de 29 a\u00f1o de edad, qui\u00e9n resid\u00eda en el barrio las flores de esta ciudad de Barahona. Seg\u00fan los m\u00e9dicos de turno del centro\u2026","rel":"","context":"En \u00abNACIONALES\u00bb","block_context":{"text":"NACIONALES","link":"https:\/\/lasprimeras.com.do\/index.php\/category\/nacionales\/"},"img":{"alt_text":"Hospital Jaime Mota","src":"https:\/\/i0.wp.com\/lasprimeras.com.do\/wp-content\/uploads\/2023\/08\/Hospital-Jaime-Mota.jpg?resize=350%2C200&ssl=1","width":350,"height":200,"srcset":"https:\/\/i0.wp.com\/lasprimeras.com.do\/wp-content\/uploads\/2023\/08\/Hospital-Jaime-Mota.jpg?resize=350%2C200&ssl=1 1x, https:\/\/i0.wp.com\/lasprimeras.com.do\/wp-content\/uploads\/2023\/08\/Hospital-Jaime-Mota.jpg?resize=525%2C300&ssl=1 1.5x, https:\/\/i0.wp.com\/lasprimeras.com.do\/wp-content\/uploads\/2023\/08\/Hospital-Jaime-Mota.jpg?resize=700%2C400&ssl=1 2x"},"classes":[]},{"id":82690,"url":"https:\/\/lasprimeras.com.do\/index.php\/2024\/05\/06\/dos-muertos-y-cuatro-heridos-en-colmado-de-la-guayiga\/","url_meta":{"origin":49871,"position":2},"title":"Dos muertos y cuatro heridos en colmado de La Gu\u00e1yiga","author":"Esteffany Vargas","date":"6 de mayo de 2024","format":false,"excerpt":"Polic\u00eda y Ministerio P\u00fablico profundizan las investigaciones.\u00a0\u00a0\u00a0\u00a0\u00a0\u00a0\u00a0\u00a0\u00a0\u00a0\u00a0\u00a0\u00a0\u00a0\u00a0\u00a0\u00a0\u00a0\u00a0 Agentes policiales, en coordinaci\u00f3n con representantes del Ministerio P\u00fablico,\u00a0 profundizan las investigaciones en torno al incidente violento ocurrido en un colmado de La Gu\u00e1yiga, Pedro Brand, donde dos personas resultaron fallecidas por impacto de bala y otras cuatro heridas.\u00a0\u00a0\u00a0\u00a0\u00a0\u00a0\u00a0\u00a0\u00a0\u00a0\u00a0\u00a0\u00a0\u00a0\u00a0\u00a0\u00a0\u00a0\u00a0 En el conflicto social,\u2026","rel":"","context":"En \u00abNACIONALES\u00bb","block_context":{"text":"NACIONALES","link":"https:\/\/lasprimeras.com.do\/index.php\/category\/nacionales\/"},"img":{"alt_text":"","src":"","width":0,"height":0},"classes":[]},{"id":66389,"url":"https:\/\/lasprimeras.com.do\/index.php\/2023\/11\/06\/haitiano-muere-en-intercambio-de-disparos-en-los-tres-brazos\/","url_meta":{"origin":49871,"position":3},"title":"Haitiano muere en &#8220;intercambio de disparos&#8221; en Los Tres Brazos","author":"Nelson Feliz","date":"6 de noviembre de 2023","format":false,"excerpt":"La Polic\u00eda Nacional ultim\u00f3 un reconocido delincuente\" durante un \"intercambio de disparos\" en el sector Los Tres Brazos, del municipio de Santo Domingo Este. La entidad dijo que estaba acusado de varios delitos como robos, asaltos y homicidio. Se trata del nacional haitiano Eliceo Nouel Luice, alias \"El Chulo\", quien\u2026","rel":"","context":"En \u00abNACIONALES\u00bb","block_context":{"text":"NACIONALES","link":"https:\/\/lasprimeras.com.do\/index.php\/category\/nacionales\/"},"img":{"alt_text":"","src":"https:\/\/i0.wp.com\/lasprimeras.com.do\/wp-content\/uploads\/2023\/07\/Pistola.jpg?resize=350%2C200&ssl=1","width":350,"height":200,"srcset":"https:\/\/i0.wp.com\/lasprimeras.com.do\/wp-content\/uploads\/2023\/07\/Pistola.jpg?resize=350%2C200&ssl=1 1x, https:\/\/i0.wp.com\/lasprimeras.com.do\/wp-content\/uploads\/2023\/07\/Pistola.jpg?resize=525%2C300&ssl=1 1.5x, https:\/\/i0.wp.com\/lasprimeras.com.do\/wp-content\/uploads\/2023\/07\/Pistola.jpg?resize=700%2C400&ssl=1 2x"},"classes":[]},{"id":72595,"url":"https:\/\/lasprimeras.com.do\/index.php\/2024\/01\/01\/en-santiago-reportan-tres-muertos-y-heridos-en-violentos-incidentes-en-ano-nuevo\/","url_meta":{"origin":49871,"position":4},"title":"En Santiago reportan tres muertos y heridos en violentos incidentes en A\u00f1o Nuevo","author":"Nelson Feliz","date":"1 de enero de 2024","format":false,"excerpt":"Investigaci\u00f3n en curso por incidentes violentos en la ciudad. Al menos tres personas murieron y cuatro resultaron heridas por armas blancas y de fuego durante las festividades de A\u00f1o Nuevo en la ciudad de Santiago, seg\u00fan informes. A las 5:00 a. m., en el sector El Ciruelito, se report\u00f3 la\u2026","rel":"","context":"En \u00abNACIONALES\u00bb","block_context":{"text":"NACIONALES","link":"https:\/\/lasprimeras.com.do\/index.php\/category\/nacionales\/"},"img":{"alt_text":"Jos\u00e9 Emilio Moreno, fallecido a tiros en El Ciruelito.","src":"https:\/\/i0.wp.com\/lasprimeras.com.do\/wp-content\/uploads\/2024\/01\/Jose-Emilio-Moreno-fallecido-a-tiros-en-El-Ciruelito.jpg?resize=350%2C200&ssl=1","width":350,"height":200,"srcset":"https:\/\/i0.wp.com\/lasprimeras.com.do\/wp-content\/uploads\/2024\/01\/Jose-Emilio-Moreno-fallecido-a-tiros-en-El-Ciruelito.jpg?resize=350%2C200&ssl=1 1x, https:\/\/i0.wp.com\/lasprimeras.com.do\/wp-content\/uploads\/2024\/01\/Jose-Emilio-Moreno-fallecido-a-tiros-en-El-Ciruelito.jpg?resize=525%2C300&ssl=1 1.5x, https:\/\/i0.wp.com\/lasprimeras.com.do\/wp-content\/uploads\/2024\/01\/Jose-Emilio-Moreno-fallecido-a-tiros-en-El-Ciruelito.jpg?resize=700%2C400&ssl=1 2x"},"classes":[]},{"id":87062,"url":"https:\/\/lasprimeras.com.do\/index.php\/2024\/08\/06\/condenan-a-20-anos-de-prision-contra-hombre-por-el-homicidio-en-los-tres-brazos\/","url_meta":{"origin":49871,"position":5},"title":"Condenan a 20 a\u00f1os de prisi\u00f3n contra hombre por el homicidio en Los Tres Brazos","author":"Nelson Feliz","date":"6 de agosto de 2024","format":false,"excerpt":"La Fiscal\u00eda de Santo Domingo Este y Norte logr\u00f3 que un tribunal de esta jurisdicci\u00f3n condenara a 20 a\u00f1os de prisi\u00f3n a Dionar de Oleo Montero, quien de varios disparos les quit\u00f3 la vida a dos hombres, en un hecho ocurrido el pasado a\u00f1o 2023, en el sector de Los\u2026","rel":"","context":"En \u00abJUSTICIA\u00bb","block_context":{"text":"JUSTICIA","link":"https:\/\/lasprimeras.com.do\/index.php\/category\/justicia\/"},"img":{"alt_text":"","src":"https:\/\/i0.wp.com\/lasprimeras.com.do\/wp-content\/uploads\/2023\/09\/mallete.jpeg?resize=350%2C200&ssl=1","width":350,"height":200,"srcset":"https:\/\/i0.wp.com\/lasprimeras.com.do\/wp-content\/uploads\/2023\/09\/mallete.jpeg?resize=350%2C200&ssl=1 1x, https:\/\/i0.wp.com\/lasprimeras.com.do\/wp-content\/uploads\/2023\/09\/mallete.jpeg?resize=525%2C300&ssl=1 1.5x, https:\/\/i0.wp.com\/lasprimeras.com.do\/wp-content\/uploads\/2023\/09\/mallete.jpeg?resize=700%2C400&ssl=1 2x"},"classes":[]}],"jetpack_sharing_enabled":true,"_links":{"self":[{"href":"https:\/\/lasprimeras.com.do\/index.php\/wp-json\/wp\/v2\/posts\/49871","targetHints":{"allow":["GET"]}}],"collection":[{"href":"https:\/\/lasprimeras.com.do\/index.php\/wp-json\/wp\/v2\/posts"}],"about":[{"href":"https:\/\/lasprimeras.com.do\/index.php\/wp-json\/wp\/v2\/types\/post"}],"author":[{"embeddable":true,"href":"https:\/\/lasprimeras.com.do\/index.php\/wp-json\/wp\/v2\/users\/1"}],"replies":[{"embeddable":true,"href":"https:\/\/lasprimeras.com.do\/index.php\/wp-json\/wp\/v2\/comments?post=49871"}],"version-history":[{"count":0,"href":"https:\/\/lasprimeras.com.do\/index.php\/wp-json\/wp\/v2\/posts\/49871\/revisions"}],"wp:featuredmedia":[{"embeddable":true,"href":"https:\/\/lasprimeras.com.do\/index.php\/wp-json\/"}],"wp:attachment":[{"href":"https:\/\/lasprimeras.com.do\/index.php\/wp-json\/wp\/v2\/media?parent=49871"}],"wp:term":[{"taxonomy":"category","embeddable":true,"href":"https:\/\/lasprimeras.com.do\/index.php\/wp-json\/wp\/v2\/categories?post=49871"},{"taxonomy":"post_tag","embeddable":true,"href":"https:\/\/lasprimeras.com.do\/index.php\/wp-json\/wp\/v2\/tags?post=49871"}],"curies":[{"name":"wp","href":"https:\/\/api.w.org\/{rel}","templated":true}]}}