{"id":49874,"date":"2023-05-15T12:33:28","date_gmt":"2023-05-15T16:33:28","guid":{"rendered":"https:\/\/atento.com.do\/?p=49874"},"modified":"2023-05-15T12:33:28","modified_gmt":"2023-05-15T16:33:28","slug":"grupo-populares-paralizan-navarrete-para-pedir-la-libertad-de-dirigente","status":"publish","type":"post","link":"https:\/\/lasprimeras.com.do\/index.php\/2023\/05\/15\/grupo-populares-paralizan-navarrete-para-pedir-la-libertad-de-dirigente\/","title":{"rendered":"Grupo populares paralizan Navarrete para pedir la libertad de dirigente"},"content":{"rendered":"\n<p>ONELIO DOM\u00cdNGUEZ<\/p>\n\n\n\n<p><strong>Santiago, RD.-.<\/strong>El tr\u00e1nsito en la autopista Duarte, en el municipio de Navarrete, se vio hoy interrumpido por representantes de grupos populares que demandan la puesta en libertad de uno de sus miembros, acusado de herir de bala a un agente de la Polic\u00eda Nacional en medio de una protesta.<\/p>\n\n\n\n<p>La autopista que comunica la provincia de Santiago con los pueblos de la L\u00ednea Noroeste, fue obstaculizada con escombros y neum\u00e1ticos encendidos, que imposibilit\u00f3 el libre tr\u00e1nsito por m\u00e1s de tres horas. Se escucharon detonaciones de bomba, tiros de armas de alto calibre.<\/p>\n\n\n\n<p>Sandro L\u00f3pez, dirigente popular de Navarrete, indic\u00f3 que el motivo de la manifestaci\u00f3n es para exigirle a las autoridades judiciales, la puesta en libertad del representante popular Armando Garc\u00eda, quien cumple un a\u00f1o de medida de coerci\u00f3n, acusado de tirotear a un agente de la polic\u00eda en medio de una paro el pasado a\u00f1o.<\/p>\n\n\n\n<p>\u201cArmando Garc\u00eda es un preso pol\u00edtico del Partido Revolucionario Moderno (PRM)\u201d, expres\u00f3 L\u00f3pez, quien demand\u00f3 su puesta en libertad, \u201cporque \u00e9l, nada tiene que ver con el hecho de que lo acusan\u201d.<\/p>\n\n\n\n<p>Navarrete se encuentra militarizado, ya que se hab\u00eda anunciado que el paro continuar\u00e1 todo el d\u00eda, aunque los agentes tienen todo controlado.<\/p>\n\n\n\n<p>Residentes de ese municipio indicaron que la madrugada de hoy se escucharon muchos tiros y que varios negocios fueron saqueados en medio de la paralizaci\u00f3n.<\/p>\n\n\n\n<p>Fuente Listin Diario<\/p>\n","protected":false},"excerpt":{"rendered":"<p>ONELIO DOM\u00cdNGUEZ Santiago, RD.-.El tr\u00e1nsito en la autopista Duarte, en el municipio de Navarrete, se vio hoy interrumpido por representantes de grupos populares que demandan la puesta en libertad de&hellip;<\/p>\n","protected":false},"author":1,"featured_media":49875,"comment_status":"open","ping_status":"open","sticky":false,"template":"","format":"standard","meta":{"content-type":"","jetpack_post_was_ever_published":false,"_jetpack_newsletter_access":"","_jetpack_dont_email_post_to_subs":false,"_jetpack_newsletter_tier_id":0,"_jetpack_memberships_contains_paywalled_content":false,"_jetpack_memberships_contains_paid_content":false,"footnotes":""},"categories":[35],"tags":[660,360,355,1529,1530,1531],"class_list":["post-49874","post","type-post","status-publish","format-standard","has-post-thumbnail","hentry","category-nacionales","tag-exdirigentes","tag-grupo","tag-libertad","tag-navarrete","tag-paralizan","tag-populares"],"jetpack_featured_media_url":"","jetpack-related-posts":[{"id":62166,"url":"https:\/\/lasprimeras.com.do\/index.php\/2023\/10\/03\/dos-personas-heridas-durante-paro-24-horas-en-navarrete\/","url_meta":{"origin":49874,"position":0},"title":"Dos personas heridas durante paro 24 horas en Navarrete","author":"Nelson Feliz","date":"3 de octubre de 2023","format":false,"excerpt":"Los heridos fueron trasladados al hospital municipal de Navarrete, donde est\u00e1n recibiendo atenciones m\u00e9dicas. Dos personas resultaron heridas, por desconocidos en medio del llamado a huelga por 24 horas hecho por grupos populares, en Navarrete, Santiago, en demanda de varias reivindicaciones. Las personas heridas en medio de la protesta fueron\u2026","rel":"","context":"En \u00abNACIONALES\u00bb","block_context":{"text":"NACIONALES","link":"https:\/\/lasprimeras.com.do\/index.php\/category\/nacionales\/"},"img":{"alt_text":"Amplia vigilancia militar y policial en Navarrete","src":"https:\/\/i0.wp.com\/lasprimeras.com.do\/wp-content\/uploads\/2023\/10\/Amplia-vigilancia-militar-y-policial-en-Navarrete.jpeg?resize=350%2C200&ssl=1","width":350,"height":200,"srcset":"https:\/\/i0.wp.com\/lasprimeras.com.do\/wp-content\/uploads\/2023\/10\/Amplia-vigilancia-militar-y-policial-en-Navarrete.jpeg?resize=350%2C200&ssl=1 1x, https:\/\/i0.wp.com\/lasprimeras.com.do\/wp-content\/uploads\/2023\/10\/Amplia-vigilancia-militar-y-policial-en-Navarrete.jpeg?resize=525%2C300&ssl=1 1.5x, https:\/\/i0.wp.com\/lasprimeras.com.do\/wp-content\/uploads\/2023\/10\/Amplia-vigilancia-militar-y-policial-en-Navarrete.jpeg?resize=700%2C400&ssl=1 2x"},"classes":[]},{"id":55486,"url":"https:\/\/lasprimeras.com.do\/index.php\/2023\/07\/21\/accidente-multiple-en-navarrete-deja-10-heridos-ninguno-de-gravedad\/","url_meta":{"origin":49874,"position":1},"title":"Accidente m\u00faltiple en Navarrete deja 10 heridos; ninguno de gravedad","author":"Nelson Feliz","date":"21 de julio de 2023","format":false,"excerpt":"El accidente se habr\u00eda producido luego de que una guagua que transportaba ajuares se la habr\u00eda \u201csalido un colch\u00f3n\u201d. Diez personas resultaron heridas en la tarde de este jueves luego de que se registrara un accidente m\u00faltiple en la autopista Joaqu\u00edn Balaguer, en la entrada de la comunidad Estancia del\u2026","rel":"","context":"En \u00abNACIONALES\u00bb","block_context":{"text":"NACIONALES","link":"https:\/\/lasprimeras.com.do\/index.php\/category\/nacionales\/"},"img":{"alt_text":"camion volcado","src":"https:\/\/i0.wp.com\/lasprimeras.com.do\/wp-content\/uploads\/2023\/07\/camion-volcado.jpeg?resize=350%2C200&ssl=1","width":350,"height":200,"srcset":"https:\/\/i0.wp.com\/lasprimeras.com.do\/wp-content\/uploads\/2023\/07\/camion-volcado.jpeg?resize=350%2C200&ssl=1 1x, https:\/\/i0.wp.com\/lasprimeras.com.do\/wp-content\/uploads\/2023\/07\/camion-volcado.jpeg?resize=525%2C300&ssl=1 1.5x, https:\/\/i0.wp.com\/lasprimeras.com.do\/wp-content\/uploads\/2023\/07\/camion-volcado.jpeg?resize=700%2C400&ssl=1 2x"},"classes":[]},{"id":72758,"url":"https:\/\/lasprimeras.com.do\/index.php\/2024\/01\/02\/encuentran-joven-reportado-como-desaparecido-en-navarrete\/","url_meta":{"origin":49874,"position":2},"title":"Encuentran joven reportado como desaparecido en Navarrete","author":"Nelson Feliz","date":"2 de enero de 2024","format":false,"excerpt":"El cuerpo del joven fue sacado del canal de riego Ulises Francisco Espaillat en el sector de Cienfuegos, en Santiago. Miembros de la Defensa Civil de Santiago y Bomberos del municipio de Navarrete recuperaron el cuerpo del joven Derek Ramos, de 18 a\u00f1os de edad, quien hab\u00eda sido reportado como\u2026","rel":"","context":"En \u00abNACIONALES\u00bb","block_context":{"text":"NACIONALES","link":"https:\/\/lasprimeras.com.do\/index.php\/category\/nacionales\/"},"img":{"alt_text":"defensa civil","src":"https:\/\/i0.wp.com\/lasprimeras.com.do\/wp-content\/uploads\/2024\/01\/defensa-civil.jpeg?resize=350%2C200&ssl=1","width":350,"height":200,"srcset":"https:\/\/i0.wp.com\/lasprimeras.com.do\/wp-content\/uploads\/2024\/01\/defensa-civil.jpeg?resize=350%2C200&ssl=1 1x, https:\/\/i0.wp.com\/lasprimeras.com.do\/wp-content\/uploads\/2024\/01\/defensa-civil.jpeg?resize=525%2C300&ssl=1 1.5x, https:\/\/i0.wp.com\/lasprimeras.com.do\/wp-content\/uploads\/2024\/01\/defensa-civil.jpeg?resize=700%2C400&ssl=1 2x"},"classes":[]},{"id":60034,"url":"https:\/\/lasprimeras.com.do\/index.php\/2023\/09\/09\/abinader-inaugura-tres-obras-y-deja-iniciados-trabajos-circunvalacion-de-navarrete-en-santiago\/","url_meta":{"origin":49874,"position":3},"title":"Abinader inaugura tres obras y deja iniciados trabajos Circunvalaci\u00f3n de Navarrete en Santiago","author":"Nelson Feliz","date":"9 de septiembre de 2023","format":false,"excerpt":"Las obras inauguradas fueron el Polit\u00e9cnico Prof. Miguel \u00c1ngel Guzm\u00e1n, la Escuela B\u00e1sica Palo Amarillo y un punto GOB en La Sirena. El presidente Luis Abinader inaugur\u00f3 tres obras y dej\u00f3 iniciados los trabajos para la construcci\u00f3n de la Circunvalaci\u00f3n de Navarrete en Santiago la cual tendr\u00e1 7.1 kil\u00f3metros. Las\u2026","rel":"","context":"En \u00abECONOM\u00cdA\u00bb","block_context":{"text":"ECONOM\u00cdA","link":"https:\/\/lasprimeras.com.do\/index.php\/category\/economia\/"},"img":{"alt_text":"Luis Abinader","src":"https:\/\/i0.wp.com\/lasprimeras.com.do\/wp-content\/uploads\/2023\/09\/Luis-Abinader-1-1.jpg?resize=350%2C200&ssl=1","width":350,"height":200,"srcset":"https:\/\/i0.wp.com\/lasprimeras.com.do\/wp-content\/uploads\/2023\/09\/Luis-Abinader-1-1.jpg?resize=350%2C200&ssl=1 1x, https:\/\/i0.wp.com\/lasprimeras.com.do\/wp-content\/uploads\/2023\/09\/Luis-Abinader-1-1.jpg?resize=525%2C300&ssl=1 1.5x, https:\/\/i0.wp.com\/lasprimeras.com.do\/wp-content\/uploads\/2023\/09\/Luis-Abinader-1-1.jpg?resize=700%2C400&ssl=1 2x"},"classes":[]},{"id":92363,"url":"https:\/\/lasprimeras.com.do\/index.php\/2025\/01\/03\/accidente-de-una-patana-deja-dos-fallecidos-en-autopista-navarrete-puerto-plata\/","url_meta":{"origin":49874,"position":4},"title":"Accidente de una patana deja dos fallecidos en autopista Navarrete-Puerto Plata","author":"Nelson Feliz","date":"3 de enero de 2025","format":false,"excerpt":"En el hecho fallecieron el chofer que conduc\u00eda el cami\u00f3n y un menor de edad que lo acompa\u00f1aba Dos personas perdieron la vida en un tr\u00e1gico accidente ocurrido la madrugada de este viernes en la autopista Navarrete-Puerto Plata, espec\u00edficamente en el tramo que comprende las comunidades Quebrada Honda y Altamira.\u2026","rel":"","context":"En \u00abNACIONALES\u00bb","block_context":{"text":"NACIONALES","link":"https:\/\/lasprimeras.com.do\/index.php\/category\/nacionales\/"},"img":{"alt_text":"","src":"https:\/\/i0.wp.com\/lasprimeras.com.do\/wp-content\/uploads\/2025\/01\/accide.jpeg?resize=350%2C200&ssl=1","width":350,"height":200,"srcset":"https:\/\/i0.wp.com\/lasprimeras.com.do\/wp-content\/uploads\/2025\/01\/accide.jpeg?resize=350%2C200&ssl=1 1x, https:\/\/i0.wp.com\/lasprimeras.com.do\/wp-content\/uploads\/2025\/01\/accide.jpeg?resize=525%2C300&ssl=1 1.5x, https:\/\/i0.wp.com\/lasprimeras.com.do\/wp-content\/uploads\/2025\/01\/accide.jpeg?resize=700%2C400&ssl=1 2x"},"classes":[]},{"id":98647,"url":"https:\/\/lasprimeras.com.do\/index.php\/2025\/05\/09\/dos-jovenes-mueren-durante-competencia-clandestina-de-motocicletas-en-navarrete\/","url_meta":{"origin":49874,"position":5},"title":"Dos j\u00f3venes mueren durante competencia clandestina de motocicletas en Navarrete","author":"Nelson Feliz","date":"9 de mayo de 2025","format":false,"excerpt":"Dos j\u00f3venes murieron y otros dos resultaron heridos la noche del jueves, durante un accidente ocurrido en medio de una competencia clandestina de motocicletas en el sector Villa Nueva, del municipio Navarrete, provincia Santiago. Las v\u00edctimas fueron identificadas como Luis \u00c1ngel Rodr\u00edguez Ram\u00edrez, de 24 a\u00f1os, y Joandri Francisco, de\u2026","rel":"","context":"En \u00abNACIONALES\u00bb","block_context":{"text":"NACIONALES","link":"https:\/\/lasprimeras.com.do\/index.php\/category\/nacionales\/"},"img":{"alt_text":"","src":"https:\/\/i0.wp.com\/lasprimeras.com.do\/wp-content\/uploads\/2024\/03\/MOTOS.jpg?resize=350%2C200&ssl=1","width":350,"height":200,"srcset":"https:\/\/i0.wp.com\/lasprimeras.com.do\/wp-content\/uploads\/2024\/03\/MOTOS.jpg?resize=350%2C200&ssl=1 1x, https:\/\/i0.wp.com\/lasprimeras.com.do\/wp-content\/uploads\/2024\/03\/MOTOS.jpg?resize=525%2C300&ssl=1 1.5x, https:\/\/i0.wp.com\/lasprimeras.com.do\/wp-content\/uploads\/2024\/03\/MOTOS.jpg?resize=700%2C400&ssl=1 2x"},"classes":[]}],"jetpack_sharing_enabled":true,"_links":{"self":[{"href":"https:\/\/lasprimeras.com.do\/index.php\/wp-json\/wp\/v2\/posts\/49874","targetHints":{"allow":["GET"]}}],"collection":[{"href":"https:\/\/lasprimeras.com.do\/index.php\/wp-json\/wp\/v2\/posts"}],"about":[{"href":"https:\/\/lasprimeras.com.do\/index.php\/wp-json\/wp\/v2\/types\/post"}],"author":[{"embeddable":true,"href":"https:\/\/lasprimeras.com.do\/index.php\/wp-json\/wp\/v2\/users\/1"}],"replies":[{"embeddable":true,"href":"https:\/\/lasprimeras.com.do\/index.php\/wp-json\/wp\/v2\/comments?post=49874"}],"version-history":[{"count":0,"href":"https:\/\/lasprimeras.com.do\/index.php\/wp-json\/wp\/v2\/posts\/49874\/revisions"}],"wp:featuredmedia":[{"embeddable":true,"href":"https:\/\/lasprimeras.com.do\/index.php\/wp-json\/"}],"wp:attachment":[{"href":"https:\/\/lasprimeras.com.do\/index.php\/wp-json\/wp\/v2\/media?parent=49874"}],"wp:term":[{"taxonomy":"category","embeddable":true,"href":"https:\/\/lasprimeras.com.do\/index.php\/wp-json\/wp\/v2\/categories?post=49874"},{"taxonomy":"post_tag","embeddable":true,"href":"https:\/\/lasprimeras.com.do\/index.php\/wp-json\/wp\/v2\/tags?post=49874"}],"curies":[{"name":"wp","href":"https:\/\/api.w.org\/{rel}","templated":true}]}}