{"id":49949,"date":"2023-05-15T23:33:48","date_gmt":"2023-05-16T03:33:48","guid":{"rendered":"https:\/\/atento.com.do\/?p=49949"},"modified":"2023-05-15T23:33:48","modified_gmt":"2023-05-16T03:33:48","slug":"dirigente-fp-denuncia-prm-utiliza-consulado-para-politiqueria","status":"publish","type":"post","link":"https:\/\/lasprimeras.com.do\/index.php\/2023\/05\/15\/dirigente-fp-denuncia-prm-utiliza-consulado-para-politiqueria\/","title":{"rendered":"Dirigente FP denuncia PRM utiliza Consulado para &#8220;politiquer\u00eda&#8221;"},"content":{"rendered":"\n<p>NUEVA YORK.- El Partido Revolucionario Moderno (PRM) utiliza la sede del Consulado General de la Rep\u00fablica Dominicana en Nueva York para actividades proselitistas &#8220;disfrazadas&#8221; de comunitarias, denunci\u00f3 Odell Suero, miembro de la Direcci\u00f3n Central y vicesecretario de Gesti\u00f3n Operativa y Eventos de la Fuerza del Pueblo (FP) en Estados Unidos.<\/p>\n\n\n\n<p>Revel\u00f3 que este domingo, en un supuesto evento por el D\u00eda de las Madres, la encargada del Departamento Legal del Consulado, Eustaquia S\u00e1nchez, identific\u00f3 a una comunitaria y dirigente de la FP que &#8220;ingenuamente&#8221; asisti\u00f3 a la misma y fue &#8220;falsamente&#8221; acusada de recabar c\u00e9dulas para afiliar personas a su organizaci\u00f3n.<\/p>\n\n\n\n<p>Explic\u00f3 que ese era un evento abierto al p\u00fablico, auspiciado por la ciudad de Nueva York y varias empresas privadas. &#8220;En esa actividad se le cambiaba el loock a las madres para motivarlas. Nuestra compa\u00f1era, que adem\u00e1s es una ejemplar comunitaria, estaba ofreciendo empleos y cuidados a envejecientes, y fue enfrentada y verbalmente agredida por una turba de perreme\u00edstas que organiz\u00f3 la se\u00f1ora Eustaquia S\u00e1nchez&#8221;, declar\u00f3.<\/p>\n\n\n\n<p>&#8220;El Consulado se le ha salido de control al titular Eligio J\u00e1quez. Los empleados de esa sede&nbsp; est\u00e1n actuando de una forma vengonzosa. Es penoso decir eso, porque el Consulado debe ser la principal entidad que resguarde a la comunidad dominicana, independientemente de su preferencia pol\u00edtica&#8221;, expres\u00f3 Suero en el programa Lev\u00e1ntate NY, que produce Rafael D\u00edaz Cep\u00edn, donde fue entrevistado por Providencia Rossi y Francis P\u00e9rez.<\/p>\n\n\n\n<p><strong>SOBRE RESOLUCION JCE<\/strong><\/p>\n\n\n\n<p>De otro lado, opin\u00f3 que la resoluci\u00f3n de la Junta Central Electoral (JCE) que establece la reserva del 20% de candidaturas en cada nivel de elecci\u00f3n para los comicios del 2024 viola los derechos constitucionales de los dominicanos y de las entidades.<\/p>\n\n\n\n<p>&#8220;Lo que el PRM quiere hacer es coartar a los partidos de oposici\u00f3n para que no puedan llevar candidatos comunes, porque sabe que si logramos conformar un frente opositor vamos a barrer en las elecciones. Por eso est\u00e1n jugando a la politiquer\u00eda para tratar, de forma no democr\u00e1tica, de quedarse en el poder&#8221;, expuso.<\/p>\n\n\n\n<p>Record\u00f3 que el PRM fue muy beneficiado de esos acuerdos en 2020, ya que la mayor\u00eda de sus senadores y otros funcionarios fueron electos con ese tipo de tratos entre partidos.<\/p>\n\n\n\n<p><strong>ASEGURA TRIUNFO LF<\/strong><\/p>\n\n\n\n<p>Por otra parte, Suero asegur\u00f3 que la FP y sus partidos aliados est\u00e1n trabajando para que Leonel Fern\u00e1ndez gane en primera vuelta de una forma contundente.<\/p>\n\n\n\n<p>&#8220;Adem\u00e1s, las obras de Leonel Fern\u00e1ndez hablan por si solas y lo presentan como el mejor candidato&#8221;, apunt\u00f3.<\/p>\n\n\n\n<p>Dijo que los dirigentes de la FP est\u00e1n enfocados en el empadronamiento de nuevos miembros, para garantizar el triunfo. &#8220;Nuestros compa\u00f1eros est\u00e1n peinando sus recintos, haciendo llamadas e identificando simpatizantes para empadronarlos&#8221;, abund\u00f3.<\/p>\n\n\n\n<p>Record\u00f3 que &#8220;en su primera gesti\u00f3n como presidente, el doctor Leonel Fern\u00e1ndez trajo el internet, las computadoras y puso a la Rep\u00fablica Dominicana en el foro global&#8221;.<\/p>\n\n\n\n<p>&#8220;No solo eso, sino que incorpor\u00f3 ese internet y esas computadoras al sistema educativo para que los estudiantes tuvieran acceso a la globalizaci\u00f3n&#8221;, subray\u00f3.<\/p>\n\n\n\n<p>Agreg\u00f3 que Fern\u00e1ndez &#8220;ha construido las obras de infraestructuras que nos han encaminado hacia el progreso&#8221;.<\/p>\n","protected":false},"excerpt":{"rendered":"<p>NUEVA YORK.- El Partido Revolucionario Moderno (PRM) utiliza la sede del Consulado General de la Rep\u00fablica Dominicana en Nueva York para actividades proselitistas &#8220;disfrazadas&#8221; de comunitarias, denunci\u00f3 Odell Suero, miembro&hellip;<\/p>\n","protected":false},"author":1,"featured_media":49950,"comment_status":"open","ping_status":"open","sticky":false,"template":"","format":"standard","meta":{"content-type":"","jetpack_post_was_ever_published":false,"_jetpack_newsletter_access":"","_jetpack_dont_email_post_to_subs":false,"_jetpack_newsletter_tier_id":0,"_jetpack_memberships_contains_paywalled_content":false,"_jetpack_memberships_contains_paid_content":false,"footnotes":""},"categories":[1],"tags":[577,616,79,1595,1596,31],"class_list":["post-49949","post","type-post","status-publish","format-standard","has-post-thumbnail","hentry","category-sin-categoria","tag-consulado","tag-dirigente","tag-fp","tag-ny","tag-politiqueria","tag-prm"],"jetpack_featured_media_url":"","jetpack-related-posts":[{"id":48656,"url":"https:\/\/lasprimeras.com.do\/index.php\/2023\/05\/02\/alto-dirigente-de-la-fp-acusa-prm-de-financiar-desordenes-en-actividades-lf\/","url_meta":{"origin":49949,"position":0},"title":"Dirigente de la FP acusa PRM de financiar &#8220;des\u00f3rdenes&#8221; en actividades LF","author":"prenxa100","date":"2 de mayo de 2023","format":false,"excerpt":"Por\u00a0Francis P\u00e9rez NUEVA YORK. - Un alto dirigente del Partido Fuerza del Pueblo (FP) acus\u00f3 al oficialista Partido Revolucionario Moderno (PRM) de financiar \u00abdes\u00f3rdenes\u00bb en las actividades encabezadas por el ex presidente Leonel Fern\u00e1ndez y otros ex funcionarios en Estados Unidos, principalmente en la ciudad de Nueva York. El miembro\u2026","rel":"","context":"En \u00abSin categor\u00eda\u00bb","block_context":{"text":"Sin categor\u00eda","link":"https:\/\/lasprimeras.com.do\/index.php\/category\/sin-categoria\/"},"img":{"alt_text":"","src":"","width":0,"height":0},"classes":[]},{"id":110985,"url":"https:\/\/lasprimeras.com.do\/index.php\/2025\/10\/03\/demanda-disculpas-al-prm-por-incidente-en-actividad-leonel-fernandez-en-providencia-usa\/","url_meta":{"origin":49949,"position":1},"title":"Demanda disculpas al PRM por incidente en actividad Leonel Fern\u00e1ndez en Providencia-USA","author":"Nelson Feliz","date":"3 de octubre de 2025","format":false,"excerpt":"Por Ram\u00f3n Mercedes NUEVA YORK.- El vocero de la Fuerza del Pueblo (FP) en Estados Unidos, Odell Suero, demand\u00f3 del presidente del Partido Revolucionario Moderno (PRM), Jos\u00e9 Ignacio Paliza; de la secretaria general, Carolina Mej\u00eda; y del presidente de la Rep\u00fablica, Luis Abinader, a presentar disculpas formales por lo que\u2026","rel":"","context":"En \u00abPOLITICA\u00bb","block_context":{"text":"POLITICA","link":"https:\/\/lasprimeras.com.do\/index.php\/category\/politica\/"},"img":{"alt_text":"","src":"https:\/\/i0.wp.com\/lasprimeras.com.do\/wp-content\/uploads\/2025\/10\/WhatsApp-Image-2025-10-03-at-5.58.25-AM.jpeg?resize=350%2C200&ssl=1","width":350,"height":200,"srcset":"https:\/\/i0.wp.com\/lasprimeras.com.do\/wp-content\/uploads\/2025\/10\/WhatsApp-Image-2025-10-03-at-5.58.25-AM.jpeg?resize=350%2C200&ssl=1 1x, https:\/\/i0.wp.com\/lasprimeras.com.do\/wp-content\/uploads\/2025\/10\/WhatsApp-Image-2025-10-03-at-5.58.25-AM.jpeg?resize=525%2C300&ssl=1 1.5x"},"classes":[]},{"id":115603,"url":"https:\/\/lasprimeras.com.do\/index.php\/2025\/11\/24\/regidor-del-pld-y-dirigentes-del-prm-se-juramentan-en-la-fuerza-del-pueblo\/","url_meta":{"origin":49949,"position":2},"title":"Regidor del PLD y dirigentes del PRM se juramentan en la Fuerza del Pueblo","author":"Nelson Feliz","date":"24 de noviembre de 2025","format":false,"excerpt":"En un acto encabezado por Radham\u00e9s Jim\u00e9nez Pe\u00f1a, l\u00edderes comunitarios, pastores y exdirigentes de varios partidos pol\u00edticos oficializaron su paso a las filas de la Fuerza del Pueblo. En una muestra de reconfiguraci\u00f3n pol\u00edtica en Santo Domingo Norte, un importante grupo de dirigentes y l\u00edderes comunitarios de distintas fuerzas pol\u00edticas\u2026","rel":"","context":"En \u00abPOLITICA\u00bb","block_context":{"text":"POLITICA","link":"https:\/\/lasprimeras.com.do\/index.php\/category\/politica\/"},"img":{"alt_text":"Radham\u00e9s Jim\u00e9nez Pe\u00f1a","src":"https:\/\/i0.wp.com\/lasprimeras.com.do\/wp-content\/uploads\/2025\/11\/Radhames-Jimenez-Pena-1.jpg?resize=350%2C200&ssl=1","width":350,"height":200,"srcset":"https:\/\/i0.wp.com\/lasprimeras.com.do\/wp-content\/uploads\/2025\/11\/Radhames-Jimenez-Pena-1.jpg?resize=350%2C200&ssl=1 1x, https:\/\/i0.wp.com\/lasprimeras.com.do\/wp-content\/uploads\/2025\/11\/Radhames-Jimenez-Pena-1.jpg?resize=525%2C300&ssl=1 1.5x, https:\/\/i0.wp.com\/lasprimeras.com.do\/wp-content\/uploads\/2025\/11\/Radhames-Jimenez-Pena-1.jpg?resize=700%2C400&ssl=1 2x"},"classes":[]},{"id":125863,"url":"https:\/\/lasprimeras.com.do\/index.php\/2026\/03\/26\/fp-se-fortalece-leonel-juramenta-exgobernador-y-dirigentes-del-prm-pld\/","url_meta":{"origin":49949,"position":3},"title":"FP se fortalece: Leonel juramenta exgobernador y dirigentes del PRM-PLD","author":"Nelson Feliz","date":"26 de marzo de 2026","format":false,"excerpt":"La incorporaci\u00f3n de l\u00edderes comunitarios, profesionales y dirigentes pol\u00edticos fortalece la estructura de la Fuerza del Pueblo en la provincia. El presidente del partido Fuerza del Pueblo (FP) y expresidente de la Rep\u00fablica, Leonel Fern\u00e1ndez, jurament\u00f3 en esa organizaci\u00f3n a decenas de nuevos miembros en la provincia Hermanas Mirabal, en\u2026","rel":"","context":"En \u00abPOLITICA\u00bb","block_context":{"text":"POLITICA","link":"https:\/\/lasprimeras.com.do\/index.php\/category\/politica\/"},"img":{"alt_text":"Leonel Fern\u00e1ndez","src":"https:\/\/i0.wp.com\/lasprimeras.com.do\/wp-content\/uploads\/2026\/03\/Leonel-Fernandez-3.jpg?resize=350%2C200&ssl=1","width":350,"height":200,"srcset":"https:\/\/i0.wp.com\/lasprimeras.com.do\/wp-content\/uploads\/2026\/03\/Leonel-Fernandez-3.jpg?resize=350%2C200&ssl=1 1x, https:\/\/i0.wp.com\/lasprimeras.com.do\/wp-content\/uploads\/2026\/03\/Leonel-Fernandez-3.jpg?resize=525%2C300&ssl=1 1.5x, https:\/\/i0.wp.com\/lasprimeras.com.do\/wp-content\/uploads\/2026\/03\/Leonel-Fernandez-3.jpg?resize=700%2C400&ssl=1 2x"},"classes":[]},{"id":113896,"url":"https:\/\/lasprimeras.com.do\/index.php\/2025\/11\/06\/ny-vocero-fp-insta-a-precandidatos-prm-a-no-buscar-sonido-con-omar-fernandez\/","url_meta":{"origin":49949,"position":4},"title":"NY: Vocero FP insta a precandidatos PRM a no &#8220;buscar sonido\u201d con Omar Fern\u00e1ndez","author":"Nelson Feliz","date":"6 de noviembre de 2025","format":false,"excerpt":"NUEVA YORK.- \u00a0El vocero del partido Fuerza del Pueblo (FP) en Nueva York,\u00a0Odell Suero, respaldo la iniciativa del senador por el Distrito Nacional, Omar Fern\u00e1ndez, que busca indexar los salarios conforme a la inflaci\u00f3n. Indic\u00f3 que la situaci\u00f3n econ\u00f3mica por la que atraviesan los trabajadores limita el desarrollo humano, por\u2026","rel":"","context":"En \u00abPOLITICA\u00bb","block_context":{"text":"POLITICA","link":"https:\/\/lasprimeras.com.do\/index.php\/category\/politica\/"},"img":{"alt_text":"","src":"","width":0,"height":0},"classes":[]},{"id":103989,"url":"https:\/\/lasprimeras.com.do\/index.php\/2025\/07\/21\/leonel-juramenta-2-regidores-y-mas-dirigentes-del-pld-prm-y-otras-organizaciones-en-san-cristobal\/","url_meta":{"origin":49949,"position":5},"title":"Leonel juramenta 2 regidores y m\u00e1s dirigentes del PLD, PRM y otras organizaciones en San Crist\u00f3bal","author":"Nelson Feliz","date":"21 de julio de 2025","format":false,"excerpt":"En un acto multitudinario celebrado este domingo 20 de julio en el Club Deportivo Ciro P\u00e9rez, el presidente de la Fuerza del Pueblo (FP), Leonel Fern\u00e1ndez, jurament\u00f3 a dos regidores y decenas de dirigentes provenientes del Partido de la Liberaci\u00f3n Dominicana (PLD), del Partido Revolucionario Moderno (PRM) y de otras\u2026","rel":"","context":"En \u00abPOLITICA\u00bb","block_context":{"text":"POLITICA","link":"https:\/\/lasprimeras.com.do\/index.php\/category\/politica\/"},"img":{"alt_text":"Leonel Fern\u00e1ndez","src":"https:\/\/i0.wp.com\/lasprimeras.com.do\/wp-content\/uploads\/2025\/07\/Leonel-Fernandez-4.jpg?resize=350%2C200&ssl=1","width":350,"height":200,"srcset":"https:\/\/i0.wp.com\/lasprimeras.com.do\/wp-content\/uploads\/2025\/07\/Leonel-Fernandez-4.jpg?resize=350%2C200&ssl=1 1x, https:\/\/i0.wp.com\/lasprimeras.com.do\/wp-content\/uploads\/2025\/07\/Leonel-Fernandez-4.jpg?resize=525%2C300&ssl=1 1.5x, https:\/\/i0.wp.com\/lasprimeras.com.do\/wp-content\/uploads\/2025\/07\/Leonel-Fernandez-4.jpg?resize=700%2C400&ssl=1 2x"},"classes":[]}],"jetpack_sharing_enabled":true,"_links":{"self":[{"href":"https:\/\/lasprimeras.com.do\/index.php\/wp-json\/wp\/v2\/posts\/49949","targetHints":{"allow":["GET"]}}],"collection":[{"href":"https:\/\/lasprimeras.com.do\/index.php\/wp-json\/wp\/v2\/posts"}],"about":[{"href":"https:\/\/lasprimeras.com.do\/index.php\/wp-json\/wp\/v2\/types\/post"}],"author":[{"embeddable":true,"href":"https:\/\/lasprimeras.com.do\/index.php\/wp-json\/wp\/v2\/users\/1"}],"replies":[{"embeddable":true,"href":"https:\/\/lasprimeras.com.do\/index.php\/wp-json\/wp\/v2\/comments?post=49949"}],"version-history":[{"count":0,"href":"https:\/\/lasprimeras.com.do\/index.php\/wp-json\/wp\/v2\/posts\/49949\/revisions"}],"wp:featuredmedia":[{"embeddable":true,"href":"https:\/\/lasprimeras.com.do\/index.php\/wp-json\/"}],"wp:attachment":[{"href":"https:\/\/lasprimeras.com.do\/index.php\/wp-json\/wp\/v2\/media?parent=49949"}],"wp:term":[{"taxonomy":"category","embeddable":true,"href":"https:\/\/lasprimeras.com.do\/index.php\/wp-json\/wp\/v2\/categories?post=49949"},{"taxonomy":"post_tag","embeddable":true,"href":"https:\/\/lasprimeras.com.do\/index.php\/wp-json\/wp\/v2\/tags?post=49949"}],"curies":[{"name":"wp","href":"https:\/\/api.w.org\/{rel}","templated":true}]}}