{"id":49958,"date":"2023-05-15T23:55:37","date_gmt":"2023-05-16T03:55:37","guid":{"rendered":"https:\/\/atento.com.do\/?p=49958"},"modified":"2023-05-15T23:55:37","modified_gmt":"2023-05-16T03:55:37","slug":"mueren-seis-personas-incluidos-tres-ninos-en-ataque-armado-en-campo-de-futbol","status":"publish","type":"post","link":"https:\/\/lasprimeras.com.do\/index.php\/2023\/05\/15\/mueren-seis-personas-incluidos-tres-ninos-en-ataque-armado-en-campo-de-futbol\/","title":{"rendered":"Mueren seis personas, incluidos tres ni\u00f1os, en ataque armado en campo de f\u00fatbol"},"content":{"rendered":"\n<p>M\u00e9xico, AP.-.Seis personas, entre ellas tres ni\u00f1os, fallecieron en un ataque armado que se registr\u00f3 en un campo de f\u00fatbol en el centro de M\u00e9xico, anunciaron el lunes autoridades estatales.<\/p>\n\n\n\n<p>El ataque ocurri\u00f3 la noche del domingo en el municipio central de Atotonilco de Tula, estado de Hidalgo, donde varios hombres armados se presentaron en el campo deportivo del poblado y tras exigir el retiro de los menores comenzaron a disparar contra todas las personas que se encontraban en el lugar, dijo a la prensa el director de la polic\u00eda municipal, Alejandro Rosales.<\/p>\n\n\n\n<p>En el campo de f\u00fatbol fueron localizados los cuerpos de dos personas y otras cuatro, entre ellas tres ni\u00f1os, murieron en centros de salud a consecuencia de lesiones por arma de fuego.<\/p>\n\n\n\n<p>Rosales indic\u00f3 que las fuerzas policiales a\u00fan no han logrado identificar a los autores del ataque debido a que los testigos tienen mucho temor y no han querido aportar informaci\u00f3n sobre lo ocurrido en el campo deportivo.<\/p>\n\n\n\n<p>En septiembre pasado ocurri\u00f3 un incidente similar en el estado central de Morelos donde varios sujetos armados, que se trasladaban en dos veh\u00edculos, dispararon contra un grupo de personas que estaba en el centro deportivo tras un partido de f\u00fatbol.<\/p>\n\n\n\n<p>En el ataque murieron cuatro personas, entre ellas un exalcalde, y otras ocho resultaron heridas, seg\u00fan las autoridades.<\/p>\n","protected":false},"excerpt":{"rendered":"<p>M\u00e9xico, AP.-.Seis personas, entre ellas tres ni\u00f1os, fallecieron en un ataque armado que se registr\u00f3 en un campo de f\u00fatbol en el centro de M\u00e9xico, anunciaron el lunes autoridades estatales.&hellip;<\/p>\n","protected":false},"author":1,"featured_media":49959,"comment_status":"open","ping_status":"open","sticky":false,"template":"","format":"standard","meta":{"content-type":"","jetpack_post_was_ever_published":false,"_jetpack_newsletter_access":"","_jetpack_dont_email_post_to_subs":false,"_jetpack_newsletter_tier_id":0,"_jetpack_memberships_contains_paywalled_content":false,"_jetpack_memberships_contains_paid_content":false,"footnotes":""},"categories":[1],"tags":[1600,1601,1602,1603,238,58],"class_list":["post-49958","post","type-post","status-publish","format-standard","has-post-thumbnail","hentry","category-sin-categoria","tag-armado","tag-ataque","tag-campo","tag-futbol","tag-mueren","tag-ninos"],"jetpack_featured_media_url":"","jetpack-related-posts":[{"id":78795,"url":"https:\/\/lasprimeras.com.do\/index.php\/2024\/03\/20\/palestinos-despiden-a-28-muertos-en-ataques-aereos-a-campos-de-refugiados-urbanos-en-gaza\/","url_meta":{"origin":49958,"position":0},"title":"Palestinos despiden a 28 muertos en ataques a\u00e9reos a campos de refugiados urbanos en Gaza","author":"BIMARY DE JES\u00daS Matos","date":"20 de marzo de 2024","format":false,"excerpt":"Gaza.-Palestinos desped\u00edan el mi\u00e9rcoles a las 28 personas que fallecieron tres ataques a\u00e9reos israel\u00edes sobre campos de refugiados urbanos, en el exterior de un hospital del centro de Gaza. Las im\u00e1genes de The Associated Press mostraron a los dolientes rezando ante los cad\u00e1veres, que estaban envueltos en mortajas, antes de\u2026","rel":"","context":"En \u00abSin categor\u00eda\u00bb","block_context":{"text":"Sin categor\u00eda","link":"https:\/\/lasprimeras.com.do\/index.php\/category\/sin-categoria\/"},"img":{"alt_text":"","src":"","width":0,"height":0},"classes":[]},{"id":86575,"url":"https:\/\/lasprimeras.com.do\/index.php\/2024\/07\/28\/un-ataque-desde-libano-mata-a-12-jovenes\/","url_meta":{"origin":49958,"position":1},"title":"Un ataque desde L\u00edbano mata a 12 j\u00f3venes","author":"Nelson Feliz","date":"28 de julio de 2024","format":false,"excerpt":"\u00bfPuede esa chispa iniciar una guerra Israel-Hezbollah? BY MELANIE LIDMAN AND SAMY MAGDY TEL AVIV, Israel (AP) \u2014 Oriente Medio se preparaba el domingo para una posible escalada en la violencia despu\u00e9s de que las autoridades israel\u00edes dijeran que un cohete procedente de L\u00edbano hab\u00eda golpeado un campo de f\u00fatbol\u2026","rel":"","context":"En \u00abSin categor\u00eda\u00bb","block_context":{"text":"Sin categor\u00eda","link":"https:\/\/lasprimeras.com.do\/index.php\/category\/sin-categoria\/"},"img":{"alt_text":"","src":"https:\/\/i0.wp.com\/lasprimeras.com.do\/wp-content\/uploads\/2024\/07\/Guerra.png?resize=350%2C200&ssl=1","width":350,"height":200,"srcset":"https:\/\/i0.wp.com\/lasprimeras.com.do\/wp-content\/uploads\/2024\/07\/Guerra.png?resize=350%2C200&ssl=1 1x, https:\/\/i0.wp.com\/lasprimeras.com.do\/wp-content\/uploads\/2024\/07\/Guerra.png?resize=525%2C300&ssl=1 1.5x, https:\/\/i0.wp.com\/lasprimeras.com.do\/wp-content\/uploads\/2024\/07\/Guerra.png?resize=700%2C400&ssl=1 2x"},"classes":[]},{"id":52227,"url":"https:\/\/lasprimeras.com.do\/index.php\/2023\/06\/08\/el-terrible-testimonio-del-futbolista-le-tallec-testigo-directo-del-ataque-con-cuchillo-en-francia-ha-apunalado-a-ninos-corre\/","url_meta":{"origin":49958,"position":2},"title":"El terrible testimonio del futbolista Le Tallec, testigo directo del ataque con cuchillo en Francia: &#8220;Ha apu\u00f1alado a ni\u00f1os, \u00a1corre!&#8221;","author":"prenxa100","date":"8 de junio de 2023","format":false,"excerpt":"El futbolista franc\u00e9s Anthony Le Tallec fue testigo directo de la terrible agresi\u00f3n en la ciudad francesa de Annecy en la que cinco personas, cuatro de ellas ni\u00f1os peque\u00f1os, resultaron heridas en un apu\u00f1alamiento en un parque y relat\u00f3 en directo c\u00f3mo hab\u00eda vivido lo sucedido. \"Les voy a explicar\u2026","rel":"","context":"En \u00abSin categor\u00eda\u00bb","block_context":{"text":"Sin categor\u00eda","link":"https:\/\/lasprimeras.com.do\/index.php\/category\/sin-categoria\/"},"img":{"alt_text":"","src":"","width":0,"height":0},"classes":[]},{"id":93418,"url":"https:\/\/lasprimeras.com.do\/index.php\/2025\/02\/09\/haiti-registra-un-aumento-del-1000-de-violencia-sexual-contra-ninos\/","url_meta":{"origin":49958,"position":3},"title":"Hait\u00ed registra un aumento del 1,000% de violencia sexual contra ni\u00f1os","author":"Nelson Feliz","date":"9 de febrero de 2025","format":false,"excerpt":"Tres millones de ni\u00f1os necesitar\u00e1n ayuda humanitaria urgente este a\u00f1o, seg\u00fan el fondo de la ONU Madrid, Espa\u00f1a,Europa Press.-.El Fondo de Naciones Unidas para la Infancia (UNICEF) ha denunciado este viernes los \"horrores inimaginables\" a los que los grupos armados someten a los ni\u00f1os en Hait\u00ed, donde la violencia sexual\u2026","rel":"","context":"En \u00abINTERNACIONALES\u00bb","block_context":{"text":"INTERNACIONALES","link":"https:\/\/lasprimeras.com.do\/index.php\/category\/sin-categoria\/internacionales\/"},"img":{"alt_text":"","src":"https:\/\/i0.wp.com\/lasprimeras.com.do\/wp-content\/uploads\/2025\/02\/Un-grupo-de-ninos-y-ninas-en-una-fuente-comunitaria-en-Haiti.jpeg?resize=350%2C200&ssl=1","width":350,"height":200,"srcset":"https:\/\/i0.wp.com\/lasprimeras.com.do\/wp-content\/uploads\/2025\/02\/Un-grupo-de-ninos-y-ninas-en-una-fuente-comunitaria-en-Haiti.jpeg?resize=350%2C200&ssl=1 1x, https:\/\/i0.wp.com\/lasprimeras.com.do\/wp-content\/uploads\/2025\/02\/Un-grupo-de-ninos-y-ninas-en-una-fuente-comunitaria-en-Haiti.jpeg?resize=525%2C300&ssl=1 1.5x, https:\/\/i0.wp.com\/lasprimeras.com.do\/wp-content\/uploads\/2025\/02\/Un-grupo-de-ninos-y-ninas-en-una-fuente-comunitaria-en-Haiti.jpeg?resize=700%2C400&ssl=1 2x"},"classes":[]},{"id":50545,"url":"https:\/\/lasprimeras.com.do\/index.php\/2023\/05\/22\/12-muertos-en-un-partido-de-futbol-en-el-salvador\/","url_meta":{"origin":49958,"position":4},"title":"12 muertos en un partido de f\u00fatbol en El Salvador","author":"prenxa100","date":"22 de mayo de 2023","format":false,"excerpt":"SAN SALVADOR .- Tragedia en un partido de f\u00fatbol en El Salvador. Han muerto, al menos, 12 personas, como consecuencia de avalancha humana cuando cuando centenares de aficionados intentaron entrar a ver el partido. Hay tambi\u00e9n un centenar de heridos. Varios de ellos est\u00e1n en estado cr\u00edtico. Corr\u00ed el minuto\u2026","rel":"","context":"En \u00abSin categor\u00eda\u00bb","block_context":{"text":"Sin categor\u00eda","link":"https:\/\/lasprimeras.com.do\/index.php\/category\/sin-categoria\/"},"img":{"alt_text":"","src":"","width":0,"height":0},"classes":[]},{"id":71159,"url":"https:\/\/lasprimeras.com.do\/index.php\/2023\/12\/17\/hombres-armados-matan-a-12-personas-durante-una-fiesta-navidena\/","url_meta":{"origin":49958,"position":5},"title":"Hombres armados matan a 12 personas durante una fiesta navide\u00f1a","author":"Nelson Feliz","date":"17 de diciembre de 2023","format":false,"excerpt":"Los hechos tuvieron lugar pocas horas despu\u00e9s de que un grupo de pistoleros asesinara a 4 personas en una barber\u00eda en otra parte del estado. MEXICO, RT.-.Al menos 16 personas fueron asesinadas y por lo menos otras 14 resultaron heridas este fin de semana en dos ataques distintos en el\u2026","rel":"","context":"En \u00abSin categor\u00eda\u00bb","block_context":{"text":"Sin categor\u00eda","link":"https:\/\/lasprimeras.com.do\/index.php\/category\/sin-categoria\/"},"img":{"alt_text":"","src":"","width":0,"height":0},"classes":[]}],"jetpack_sharing_enabled":true,"_links":{"self":[{"href":"https:\/\/lasprimeras.com.do\/index.php\/wp-json\/wp\/v2\/posts\/49958","targetHints":{"allow":["GET"]}}],"collection":[{"href":"https:\/\/lasprimeras.com.do\/index.php\/wp-json\/wp\/v2\/posts"}],"about":[{"href":"https:\/\/lasprimeras.com.do\/index.php\/wp-json\/wp\/v2\/types\/post"}],"author":[{"embeddable":true,"href":"https:\/\/lasprimeras.com.do\/index.php\/wp-json\/wp\/v2\/users\/1"}],"replies":[{"embeddable":true,"href":"https:\/\/lasprimeras.com.do\/index.php\/wp-json\/wp\/v2\/comments?post=49958"}],"version-history":[{"count":0,"href":"https:\/\/lasprimeras.com.do\/index.php\/wp-json\/wp\/v2\/posts\/49958\/revisions"}],"wp:featuredmedia":[{"embeddable":true,"href":"https:\/\/lasprimeras.com.do\/index.php\/wp-json\/"}],"wp:attachment":[{"href":"https:\/\/lasprimeras.com.do\/index.php\/wp-json\/wp\/v2\/media?parent=49958"}],"wp:term":[{"taxonomy":"category","embeddable":true,"href":"https:\/\/lasprimeras.com.do\/index.php\/wp-json\/wp\/v2\/categories?post=49958"},{"taxonomy":"post_tag","embeddable":true,"href":"https:\/\/lasprimeras.com.do\/index.php\/wp-json\/wp\/v2\/tags?post=49958"}],"curies":[{"name":"wp","href":"https:\/\/api.w.org\/{rel}","templated":true}]}}