{"id":49963,"date":"2023-05-16T00:00:56","date_gmt":"2023-05-16T04:00:56","guid":{"rendered":"https:\/\/atento.com.do\/?p=49963"},"modified":"2023-05-16T00:00:56","modified_gmt":"2023-05-16T04:00:56","slug":"al-menos-diez-muertos-en-un-incendio-en-un-hotel-en-nueva-zelanda","status":"publish","type":"post","link":"https:\/\/lasprimeras.com.do\/index.php\/2023\/05\/16\/al-menos-diez-muertos-en-un-incendio-en-un-hotel-en-nueva-zelanda\/","title":{"rendered":"Al menos diez muertos en un incendio en un hotel en Nueva Zelanda"},"content":{"rendered":"\n<p><strong>Nueva Zelanzda, EUROPA PRESS.-.<\/strong> Al menos diez personas han muerto este lunes en un gran incendio que ha tenido lugar durante la noche en un hotel de la ciudad de Wellington, Nueva Zelanda, mientras que otras 20 personas se encuentran desaparecidas.<\/p>\n\n\n\n<p>Los servicios de emergencia acudieron al hotel antes de las 00.30 horas (hora local), despu\u00e9s de que se declarara un incendio en el tercer piso del edificio.<\/p>\n\n\n\n<p>El primer ministro neozeland\u00e9s, Chris Hipkins, ha trasladado sus condolencias a las familias y v\u00edctimas del incidente, afirmando que los neozelandeses &#8220;se han despertado esta ma\u00f1ana con tr\u00e1gicos sucesos&#8221;.<\/p>\n\n\n\n<p>Hipkins, que ha se\u00f1alado que se han empezado a realizar investigaciones sobre el incendio, ha aseverado que el incendio ha sido &#8220;incre\u00edblemente traum\u00e1tico&#8221; para los servicios de rescate.<\/p>\n\n\n\n<p>La ministra de Vivienda, Megan Woods, ha indicado que el edificio cumpl\u00eda con las normas exigidas y hab\u00eda sido inspeccionado a principios de a\u00f1o.<\/p>\n","protected":false},"excerpt":{"rendered":"<p>Nueva Zelanzda, EUROPA PRESS.-. Al menos diez personas han muerto este lunes en un gran incendio que ha tenido lugar durante la noche en un hotel de la ciudad de&hellip;<\/p>\n","protected":false},"author":1,"featured_media":49964,"comment_status":"open","ping_status":"open","sticky":false,"template":"","format":"standard","meta":{"content-type":"","jetpack_post_was_ever_published":false,"_jetpack_newsletter_access":"","_jetpack_dont_email_post_to_subs":false,"_jetpack_newsletter_tier_id":0,"_jetpack_memberships_contains_paywalled_content":false,"_jetpack_memberships_contains_paid_content":false,"footnotes":""},"categories":[1],"tags":[139,1399,686,1605],"class_list":["post-49963","post","type-post","status-publish","format-standard","has-post-thumbnail","hentry","category-sin-categoria","tag-hotel","tag-incendio","tag-muertos","tag-nueva-zelanda"],"jetpack_featured_media_url":"","jetpack-related-posts":[{"id":49719,"url":"https:\/\/lasprimeras.com.do\/index.php\/2023\/05\/13\/cuatro-latinos-muertos-sube-cifra-fatal-de-incendio-en-hogar-de-nueva-york-por-bateria-e-bike\/","url_meta":{"origin":49963,"position":0},"title":"Cuatro latinos muertos: sube cifra fatal de incendio en hogar de Nueva York por bater\u00eda e-bike","author":"prenxa100","date":"13 de mayo de 2023","format":false,"excerpt":"Murieron los cuatro hispanos que hab\u00edan sido hospitalizados por un incendio en el Alto Manhattan causado por la bater\u00eda de un scooter el\u00e9ctrico. Las v\u00edctimas incluyen una abuela de 94 a\u00f1os, su sobrino discapacitado, una madre hondure\u00f1a y un joven inquilino dominicano. Nueva York .-. Dos personas m\u00e1s murieron a\u2026","rel":"","context":"En \u00abSin categor\u00eda\u00bb","block_context":{"text":"Sin categor\u00eda","link":"https:\/\/lasprimeras.com.do\/index.php\/category\/sin-categoria\/"},"img":{"alt_text":"","src":"","width":0,"height":0},"classes":[]},{"id":83803,"url":"https:\/\/lasprimeras.com.do\/index.php\/2024\/05\/25\/al-menos-22-muertos-en-un-incendio-en-un-parque-de-atracciones-en-el-oeste-de-india-dice-la-policia\/","url_meta":{"origin":49963,"position":1},"title":"Al menos 22 muertos en un incendio en un parque de atracciones en el oeste de India, dice la polic\u00eda","author":"Nelson Feliz","date":"25 de mayo de 2024","format":false,"excerpt":"NUEVA DELHI (AP) \u2014 Un enorme incendio se produjo el s\u00e1bado en un parque de diversiones en el estado de Gujarat, en el oeste de India, y mat\u00f3 al menos a 22 personas, incluidos varios ni\u00f1os, dijo la polic\u00eda. El incendio estall\u00f3 en el parque de la ciudad de Rajkot,\u2026","rel":"","context":"En \u00abSin categor\u00eda\u00bb","block_context":{"text":"Sin categor\u00eda","link":"https:\/\/lasprimeras.com.do\/index.php\/category\/sin-categoria\/"},"img":{"alt_text":"","src":"https:\/\/i0.wp.com\/lasprimeras.com.do\/wp-content\/uploads\/2024\/05\/Incendio.jpg?resize=350%2C200&ssl=1","width":350,"height":200,"srcset":"https:\/\/i0.wp.com\/lasprimeras.com.do\/wp-content\/uploads\/2024\/05\/Incendio.jpg?resize=350%2C200&ssl=1 1x, https:\/\/i0.wp.com\/lasprimeras.com.do\/wp-content\/uploads\/2024\/05\/Incendio.jpg?resize=525%2C300&ssl=1 1.5x, https:\/\/i0.wp.com\/lasprimeras.com.do\/wp-content\/uploads\/2024\/05\/Incendio.jpg?resize=700%2C400&ssl=1 2x"},"classes":[]},{"id":92602,"url":"https:\/\/lasprimeras.com.do\/index.php\/2025\/01\/08\/sube-a-cinco-el-numero-de-muertos-en-uno-de-los-incendios-que-azotan-a-los-angeles\/","url_meta":{"origin":49963,"position":2},"title":"Sube a cinco el n\u00famero de muertos en uno de los incendios que azotan a Los \u00c1ngeles","author":"Nelson Feliz","date":"8 de enero de 2025","format":false,"excerpt":"Actualmente 150,000 personas en California est\u00e1n bajo orden de evacuaci\u00f3n y ninguno de los incendios presentan un porcentaje de contenci\u00f3n. Los \u00c1ngeles, EFE - Al menos cinco personas han muerto en uno de los incendios activos y sin control que azotan al condado de Los \u00c1ngeles y m\u00e1s de 1,100\u2026","rel":"","context":"En \u00abINTERNACIONALES\u00bb","block_context":{"text":"INTERNACIONALES","link":"https:\/\/lasprimeras.com.do\/index.php\/category\/sin-categoria\/internacionales\/"},"img":{"alt_text":"","src":"https:\/\/i0.wp.com\/lasprimeras.com.do\/wp-content\/uploads\/2025\/01\/Incendios-en-Los-Angeles.jpg?resize=350%2C200&ssl=1","width":350,"height":200,"srcset":"https:\/\/i0.wp.com\/lasprimeras.com.do\/wp-content\/uploads\/2025\/01\/Incendios-en-Los-Angeles.jpg?resize=350%2C200&ssl=1 1x, https:\/\/i0.wp.com\/lasprimeras.com.do\/wp-content\/uploads\/2025\/01\/Incendios-en-Los-Angeles.jpg?resize=525%2C300&ssl=1 1.5x, https:\/\/i0.wp.com\/lasprimeras.com.do\/wp-content\/uploads\/2025\/01\/Incendios-en-Los-Angeles.jpg?resize=700%2C400&ssl=1 2x"},"classes":[]},{"id":61862,"url":"https:\/\/lasprimeras.com.do\/index.php\/2023\/10\/01\/incendio-en-varias-discotecas-de-murcia-en-directo-13-muertos-y-cuatro-heridos\/","url_meta":{"origin":49963,"position":3},"title":"Incendio en varias discotecas de Murcia, en directo: 13 muertos y cuatro heridos","author":"Nelson Feliz","date":"1 de octubre de 2023","format":false,"excerpt":"Al menos 13 personas han muerto en un incendio ocurrido en una discoteca de Murcia. El suceso se produjo en torno a las 6:00 de la ma\u00f1ana en las salas Fonda, Teatre y Golden, en la zona de Atalayas, al este de la ciudad. Tal y como confirma el 112\u2026","rel":"","context":"En \u00abSin categor\u00eda\u00bb","block_context":{"text":"Sin categor\u00eda","link":"https:\/\/lasprimeras.com.do\/index.php\/category\/sin-categoria\/"},"img":{"alt_text":"","src":"https:\/\/i0.wp.com\/lasprimeras.com.do\/wp-content\/uploads\/2023\/10\/Incedio-Disco.jpg?resize=350%2C200&ssl=1","width":350,"height":200,"srcset":"https:\/\/i0.wp.com\/lasprimeras.com.do\/wp-content\/uploads\/2023\/10\/Incedio-Disco.jpg?resize=350%2C200&ssl=1 1x, https:\/\/i0.wp.com\/lasprimeras.com.do\/wp-content\/uploads\/2023\/10\/Incedio-Disco.jpg?resize=525%2C300&ssl=1 1.5x, https:\/\/i0.wp.com\/lasprimeras.com.do\/wp-content\/uploads\/2023\/10\/Incedio-Disco.jpg?resize=700%2C400&ssl=1 2x"},"classes":[]},{"id":80003,"url":"https:\/\/lasprimeras.com.do\/index.php\/2024\/04\/02\/un-incendio-deja-al-menos-29-muertos-en-una-discoteca-de-estambul-turquia\/","url_meta":{"origin":49963,"position":4},"title":"Un incendio deja al menos 29 muertos en una discoteca de Estambul (Turqu\u00eda)","author":"BIMARY DE JES\u00daS Matos","date":"2 de abril de 2024","format":false,"excerpt":"Turqu\u00eda.-El local de la ciudad turca se estaba reformando y se encontraba en obras. Hay siete heridos hospitalizados. Entre los fallecidos y los heridos podr\u00eda haber trabajadores de la obra. Un incendio desatado este martes en un club nocturno de Estambul ha acabado con la vida de al menos 29\u2026","rel":"","context":"En \u00abSin categor\u00eda\u00bb","block_context":{"text":"Sin categor\u00eda","link":"https:\/\/lasprimeras.com.do\/index.php\/category\/sin-categoria\/"},"img":{"alt_text":"","src":"https:\/\/i0.wp.com\/lasprimeras.com.do\/wp-content\/uploads\/2024\/04\/WhatsApp-Image-2024-01-26-at-12.10.49-PM-7.jpeg?resize=350%2C200&ssl=1","width":350,"height":200,"srcset":"https:\/\/i0.wp.com\/lasprimeras.com.do\/wp-content\/uploads\/2024\/04\/WhatsApp-Image-2024-01-26-at-12.10.49-PM-7.jpeg?resize=350%2C200&ssl=1 1x, https:\/\/i0.wp.com\/lasprimeras.com.do\/wp-content\/uploads\/2024\/04\/WhatsApp-Image-2024-01-26-at-12.10.49-PM-7.jpeg?resize=525%2C300&ssl=1 1.5x, https:\/\/i0.wp.com\/lasprimeras.com.do\/wp-content\/uploads\/2024\/04\/WhatsApp-Image-2024-01-26-at-12.10.49-PM-7.jpeg?resize=700%2C400&ssl=1 2x"},"classes":[]},{"id":82039,"url":"https:\/\/lasprimeras.com.do\/index.php\/2024\/04\/28\/drones-rusos-incendiaron-un-hotel-en-el-mar-negro\/","url_meta":{"origin":49963,"position":5},"title":"Drones rusos incendiaron un hotel en el Mar Negro","author":"Nelson Feliz","date":"28 de abril de 2024","format":false,"excerpt":"Jefe del ej\u00e9rcito ucraniano advierte sobre la presi\u00f3n del frente. POR SUSIE BLANN KIEV, Ucrania (AP) \u2014 Drones rusos atacaron la madrugada del domingo la ciudad de Mykolaiv, en el Mar Negro, incendiando un hotel y da\u00f1ando la infraestructura energ\u00e9tica, dijeron funcionarios ucranianos. El jefe del ej\u00e9rcito advirti\u00f3 sobre un\u2026","rel":"","context":"En \u00abSin categor\u00eda\u00bb","block_context":{"text":"Sin categor\u00eda","link":"https:\/\/lasprimeras.com.do\/index.php\/category\/sin-categoria\/"},"img":{"alt_text":"Drones","src":"https:\/\/i0.wp.com\/lasprimeras.com.do\/wp-content\/uploads\/2024\/04\/Drones.jpg?resize=350%2C200&ssl=1","width":350,"height":200,"srcset":"https:\/\/i0.wp.com\/lasprimeras.com.do\/wp-content\/uploads\/2024\/04\/Drones.jpg?resize=350%2C200&ssl=1 1x, https:\/\/i0.wp.com\/lasprimeras.com.do\/wp-content\/uploads\/2024\/04\/Drones.jpg?resize=525%2C300&ssl=1 1.5x, https:\/\/i0.wp.com\/lasprimeras.com.do\/wp-content\/uploads\/2024\/04\/Drones.jpg?resize=700%2C400&ssl=1 2x"},"classes":[]}],"jetpack_sharing_enabled":true,"_links":{"self":[{"href":"https:\/\/lasprimeras.com.do\/index.php\/wp-json\/wp\/v2\/posts\/49963","targetHints":{"allow":["GET"]}}],"collection":[{"href":"https:\/\/lasprimeras.com.do\/index.php\/wp-json\/wp\/v2\/posts"}],"about":[{"href":"https:\/\/lasprimeras.com.do\/index.php\/wp-json\/wp\/v2\/types\/post"}],"author":[{"embeddable":true,"href":"https:\/\/lasprimeras.com.do\/index.php\/wp-json\/wp\/v2\/users\/1"}],"replies":[{"embeddable":true,"href":"https:\/\/lasprimeras.com.do\/index.php\/wp-json\/wp\/v2\/comments?post=49963"}],"version-history":[{"count":0,"href":"https:\/\/lasprimeras.com.do\/index.php\/wp-json\/wp\/v2\/posts\/49963\/revisions"}],"wp:featuredmedia":[{"embeddable":true,"href":"https:\/\/lasprimeras.com.do\/index.php\/wp-json\/"}],"wp:attachment":[{"href":"https:\/\/lasprimeras.com.do\/index.php\/wp-json\/wp\/v2\/media?parent=49963"}],"wp:term":[{"taxonomy":"category","embeddable":true,"href":"https:\/\/lasprimeras.com.do\/index.php\/wp-json\/wp\/v2\/categories?post=49963"},{"taxonomy":"post_tag","embeddable":true,"href":"https:\/\/lasprimeras.com.do\/index.php\/wp-json\/wp\/v2\/tags?post=49963"}],"curies":[{"name":"wp","href":"https:\/\/api.w.org\/{rel}","templated":true}]}}