{"id":49966,"date":"2023-05-16T06:18:32","date_gmt":"2023-05-16T10:18:32","guid":{"rendered":"https:\/\/atento.com.do\/?p=49966"},"modified":"2023-05-16T06:18:32","modified_gmt":"2023-05-16T10:18:32","slug":"pagan-us80-mil-por-un-nino-prospecto-de-10-anos-que-firmaria-en-2029","status":"publish","type":"post","link":"https:\/\/lasprimeras.com.do\/index.php\/2023\/05\/16\/pagan-us80-mil-por-un-nino-prospecto-de-10-anos-que-firmaria-en-2029\/","title":{"rendered":"Pagan US$80 mil por un ni\u00f1o prospecto de 10 a\u00f1os que firmar\u00eda en 2029"},"content":{"rendered":"\n<p>La familia recibir\u00eda el dinero por ceder el 50 % del bono a la hora de firmar.<\/p>\n\n\n\n<p><strong>SANTO DOMINGO.-.<\/strong> En las \u00faltimas semanas se ha materializado un acuerdo que ilustra c\u00f3mo se ha transformado la industria de desarrollar prospectos dominicanos en el \u00faltimo lustro; la elevaci\u00f3n de los costos, el reparto del pastel y el riesgo a largo plazo en el que incurren los programas.<\/p>\n\n\n\n<p>Un entrenador se habr\u00eda comprometido a pagar US$80,000 a un padre para preparar, representar y llevar hasta la firma a un ni\u00f1o que todav\u00eda tiene 10 a\u00f1os.<\/p>\n\n\n\n<p>El acuerdo establecer\u00eda que si el chico llega a firmar el entrenador recibir\u00eda el 50% del bono inicial.<\/p>\n\n\n\n<p>El prospecto es de la clase 2028, por lo que, de no incorporarse el draft internacional para el acuerdo laboral de 2026, estar\u00e1 h\u00e1bil para ser reclutado por un equipo en enero de 2029.<\/p>\n\n\n\n<p>El ya representante del ni\u00f1o, que pidi\u00f3 la omisi\u00f3n de su nombre y del menor para proteger su intimidad, explic\u00f3 a DL que realiz\u00f3 una gran inversi\u00f3n en la investigaci\u00f3n legal para comprobar la identidad del prospecto, dado que tanto en lo f\u00edsico como en el desarrollo del juego luce muy avanzado para su edad real.<\/p>\n\n\n\n<p>&#8220;Parece un ni\u00f1o de 13 o 14 a\u00f1os, pero realmente cumplir\u00e1 11 esta semana. Es un fen\u00f3meno, causar\u00e1 un revuelo cuando llegue el momento de firmar&#8221;, dijo el entrenador.<\/p>\n\n\n\n<p>El ni\u00f1o cumplir\u00e1 los 11 a\u00f1os esta semana. Es oriundo de Santo Domingo Norte y su padre ya trabaj\u00f3 como preparador en un programa de donde han salido prospectos que firmaron por millones.<\/p>\n\n\n\n<p>El preadolescente tendr\u00eda cerca de un a\u00f1o concentrado en el complejo donde ser\u00e1 moldeado en busca de la firma. Una academia localizada en Guerra, donde se han formado j\u00f3venes que rubricaron firmas de hasta siete d\u00edgitos en el pasado reciente.<\/p>\n\n\n\n<p>Si todo marcha bien, al t\u00e9cnico le tomar\u00eda siete a\u00f1os de trabajo con el ni\u00f1o antes de cobrar el dinero.<\/p>\n\n\n\n<p>&#8220;Hace unos a\u00f1os que los padres son los agentes de sus ni\u00f1os, ellos mismos negocian con los programas, pasan por encima a las ligas donde aprendieron y salen a mercadearlo. El programa que m\u00e1s ofrezca ah\u00ed se queda&#8221;, dijo un agente cercano a la industria.<\/p>\n\n\n\n<p><strong>M\u00e1s temprano<\/strong><\/p>\n\n\n\n<p>Los cazatalentos de las 30 organizaciones comienzan cada vez m\u00e1s temprano el proceso de evaluaci\u00f3n de talentos. La estrategia les permite ganar pasos y ahorrar dinero al cerrar con anticipaci\u00f3n a jugadores que proyectan disparar su valor en el mercado.<\/p>\n\n\n\n<p>La t\u00e1ctica se hizo com\u00fan en la industria una vez la Major League Baseball introdujo l\u00edmites a los presupuestos para fines de reclutamiento internacional hace una d\u00e9cada, entre otros objetivos, para evitar que los equipos de mercados grandes tuvieran ventajas sobre los m\u00e1s chicos.<\/p>\n\n\n\n<p>El gasto en el mercado aficionado mundial aument\u00f3 de US$74 millones en 2012-13 a US$156 MM en 2015-16, impulsada por la firma de cubanos &#8220;listos para jugar de inmediato en la MLB&#8221;. Y eso fue a pesar de un impuesto a los equipos que excedieron sus fondos de bonificaci\u00f3n asignados.<\/p>\n\n\n\n<p><strong>Punto de quiebre<\/strong><\/p>\n\n\n\n<p>Pero los equipos aceleraron los preacuerdos tempranos una vez se sintieron &#8220;acorralados&#8221; por la MLB cuando se introdujo en 2017 el hard cap, un techo duro donde las sanciones al que exceda su asignaci\u00f3n sufre penalidades mayores.<\/p>\n\n\n\n<p>Ese 2016-2017 los equipos destinaron US$203 millones al fichaje internacional, un salto de US$50 MM con relaci\u00f3n al a\u00f1o anterior.<\/p>\n\n\n\n<p>Bajo esas nuevas reglas, los aficionados internacionales se redefinieron como menores de 25 a\u00f1os y con menos de seis a\u00f1os de experiencia profesional, en lugar de 23 a\u00f1os y menos de cinco a\u00f1os de experiencia.<\/p>\n\n\n\n<p>Ese contrato laboral (CBA en ingl\u00e9s) impuso un l\u00edmite mayor al gasto aficionado internacional, que lo dej\u00f3 en US$150,5 MM en la mesa para ese 2027-2018. El a\u00f1o m\u00e1s reciente, 2022, el gasto qued\u00f3 en US$166,2 millones.<\/p>\n","protected":false},"excerpt":{"rendered":"<p>La familia recibir\u00eda el dinero por ceder el 50 % del bono a la hora de firmar. SANTO DOMINGO.-. En las \u00faltimas semanas se ha materializado un acuerdo que ilustra&hellip;<\/p>\n","protected":false},"author":1,"featured_media":49967,"comment_status":"open","ping_status":"open","sticky":false,"template":"","format":"standard","meta":{"content-type":"","jetpack_post_was_ever_published":false,"_jetpack_newsletter_access":"","_jetpack_dont_email_post_to_subs":false,"_jetpack_newsletter_tier_id":0,"_jetpack_memberships_contains_paywalled_content":false,"_jetpack_memberships_contains_paid_content":false,"footnotes":""},"categories":[1],"tags":[1606,498,1607,1608],"class_list":["post-49966","post","type-post","status-publish","format-standard","has-post-thumbnail","hentry","category-sin-categoria","tag-firmaria","tag-nino","tag-pagan","tag-prospecto"],"jetpack_featured_media_url":"","jetpack-related-posts":[{"id":106606,"url":"https:\/\/lasprimeras.com.do\/index.php\/2025\/08\/16\/academia-amaury-nina-lamenta-fallecimiento-del-prospecto-gustavo-talmare-de-14-anos\/","url_meta":{"origin":49966,"position":0},"title":"Academia Amaury Nina lamenta fallecimiento del prospecto Gustavo Talmare de 14 a\u00f1os","author":"Nelson Feliz","date":"16 de agosto de 2025","format":false,"excerpt":"La Academia Amaury Nina, dedicada a la formaci\u00f3n y desarrollo de talentos del b\u00e9isbol, expres\u00f3 su m\u00e1s profundo pesar por el fallecimiento del joven prospecto Gustavo Talmare, de 14 a\u00f1os, ocurrido la madrugada de este s\u00e1bado a causa de ahogamiento en una laguna. De acuerdo con la informaci\u00f3n ofrecida por\u2026","rel":"","context":"En \u00abDEPORTES\u00bb","block_context":{"text":"DEPORTES","link":"https:\/\/lasprimeras.com.do\/index.php\/category\/deportes\/"},"img":{"alt_text":"","src":"https:\/\/i0.wp.com\/lasprimeras.com.do\/wp-content\/uploads\/2025\/08\/Gustavo-Talmare.jpg?resize=350%2C200&ssl=1","width":350,"height":200,"srcset":"https:\/\/i0.wp.com\/lasprimeras.com.do\/wp-content\/uploads\/2025\/08\/Gustavo-Talmare.jpg?resize=350%2C200&ssl=1 1x, https:\/\/i0.wp.com\/lasprimeras.com.do\/wp-content\/uploads\/2025\/08\/Gustavo-Talmare.jpg?resize=525%2C300&ssl=1 1.5x, https:\/\/i0.wp.com\/lasprimeras.com.do\/wp-content\/uploads\/2025\/08\/Gustavo-Talmare.jpg?resize=700%2C400&ssl=1 2x"},"classes":[]},{"id":106658,"url":"https:\/\/lasprimeras.com.do\/index.php\/2025\/08\/17\/amaurys-nina-rompe-en-llanto-al-recordar-a-su-prospecto-gustavo-talmare\/","url_meta":{"origin":49966,"position":1},"title":"Amaurys Nina rompe en llanto al recordar a su prospecto Gustavo Talmare","author":"Nelson Feliz","date":"17 de agosto de 2025","format":false,"excerpt":"En el velatorio del prospecto de 14 a\u00f1os, Gustavo Talmare, compa\u00f1eros y entrenadores de la Academia Amaurys Nina se concentraron para recordar sus haza\u00f1as. Rostros tristes, llorosos, que buscan palabras, frases de aliento ante esta tragedia que marca las vidas de todos. Entre ellos, las palabras del conocido y reputado\u2026","rel":"","context":"En \u00abDEPORTES\u00bb","block_context":{"text":"DEPORTES","link":"https:\/\/lasprimeras.com.do\/index.php\/category\/deportes\/"},"img":{"alt_text":"","src":"https:\/\/i0.wp.com\/lasprimeras.com.do\/wp-content\/uploads\/2025\/08\/Amaurys-Nina.jpg?resize=350%2C200&ssl=1","width":350,"height":200,"srcset":"https:\/\/i0.wp.com\/lasprimeras.com.do\/wp-content\/uploads\/2025\/08\/Amaurys-Nina.jpg?resize=350%2C200&ssl=1 1x, https:\/\/i0.wp.com\/lasprimeras.com.do\/wp-content\/uploads\/2025\/08\/Amaurys-Nina.jpg?resize=525%2C300&ssl=1 1.5x"},"classes":[]},{"id":93823,"url":"https:\/\/lasprimeras.com.do\/index.php\/2025\/02\/21\/para-prospectos-dominicanos-los-fraudes-de-edad-y-un-giro-de-japon-reflejan-un-sistema-roto\/","url_meta":{"origin":49966,"position":2},"title":"Para prospectos dominicanos, los fraudes de edad y un giro de Jap\u00f3n reflejan un sistema roto","author":"Nelson Feliz","date":"21 de febrero de 2025","format":false,"excerpt":"POR D\u00c1NICA COTO and MART\u00cdN ADAMES ALC\u00c1NTARA BAN\u00cd, Rep\u00fablica Dominicana (AP) \u2014 Hubo poco sue\u00f1o en los d\u00edas previos al 15 de enero. Decenas de j\u00f3venes beisbolistas en toda la Rep\u00fablica Dominicana yac\u00edan en la cama, incapaces de cerrar los ojos. Hab\u00edan bateado, lanzado y corrido hasta sentirse adoloridos, sacrificando\u2026","rel":"","context":"En \u00abDEPORTES\u00bb","block_context":{"text":"DEPORTES","link":"https:\/\/lasprimeras.com.do\/index.php\/category\/deportes\/"},"img":{"alt_text":"Prospectos dominicanos","src":"https:\/\/i0.wp.com\/lasprimeras.com.do\/wp-content\/uploads\/2025\/02\/Prospectos-dominicanos.png?resize=350%2C200&ssl=1","width":350,"height":200,"srcset":"https:\/\/i0.wp.com\/lasprimeras.com.do\/wp-content\/uploads\/2025\/02\/Prospectos-dominicanos.png?resize=350%2C200&ssl=1 1x, https:\/\/i0.wp.com\/lasprimeras.com.do\/wp-content\/uploads\/2025\/02\/Prospectos-dominicanos.png?resize=525%2C300&ssl=1 1.5x, https:\/\/i0.wp.com\/lasprimeras.com.do\/wp-content\/uploads\/2025\/02\/Prospectos-dominicanos.png?resize=700%2C400&ssl=1 2x"},"classes":[]},{"id":120176,"url":"https:\/\/lasprimeras.com.do\/index.php\/2026\/01\/21\/la-dpl-presenta-24-novatos-firmados-con-bonos-que-ascienden-los-22-millones\/","url_meta":{"origin":49966,"position":3},"title":"La DPL presenta 24 novatos firmados con bonos que ascienden los 22 millones","author":"Nelson Feliz","date":"21 de enero de 2026","format":false,"excerpt":"Brian Mej\u00eda, presidente de la DPL al momento de hablar sobre los esfuerzos que hizo el grupo de peloteros que acaban de firmar en Enero 15 en el momento en que son presentados.","rel":"","context":"En \u00abDEPORTES\u00bb","block_context":{"text":"DEPORTES","link":"https:\/\/lasprimeras.com.do\/index.php\/category\/deportes\/"},"img":{"alt_text":"Brian Mej\u00eda, presidente de la DPL al momento de hablar sobre los esfuerzos que hizo el grupo de peloteros que acaban de firmar en Enero 15 en el momento en que son presentados.","src":"https:\/\/i0.wp.com\/lasprimeras.com.do\/wp-content\/uploads\/2026\/01\/Brian-Mejia-presidente-de-la-DPL-al-momento-de-hablar-sobre-los-esfuerzos-que-hizo-el-grupo-de-peloteros-que-acaban-de-firmar-en-Enero-15-en-el-momento-en-que-son-presentados.jpg?resize=350%2C200&ssl=1","width":350,"height":200,"srcset":"https:\/\/i0.wp.com\/lasprimeras.com.do\/wp-content\/uploads\/2026\/01\/Brian-Mejia-presidente-de-la-DPL-al-momento-de-hablar-sobre-los-esfuerzos-que-hizo-el-grupo-de-peloteros-que-acaban-de-firmar-en-Enero-15-en-el-momento-en-que-son-presentados.jpg?resize=350%2C200&ssl=1 1x, https:\/\/i0.wp.com\/lasprimeras.com.do\/wp-content\/uploads\/2026\/01\/Brian-Mejia-presidente-de-la-DPL-al-momento-de-hablar-sobre-los-esfuerzos-que-hizo-el-grupo-de-peloteros-que-acaban-de-firmar-en-Enero-15-en-el-momento-en-que-son-presentados.jpg?resize=525%2C300&ssl=1 1.5x, https:\/\/i0.wp.com\/lasprimeras.com.do\/wp-content\/uploads\/2026\/01\/Brian-Mejia-presidente-de-la-DPL-al-momento-de-hablar-sobre-los-esfuerzos-que-hizo-el-grupo-de-peloteros-que-acaban-de-firmar-en-Enero-15-en-el-momento-en-que-son-presentados.jpg?resize=700%2C400&ssl=1 2x"},"classes":[]},{"id":91833,"url":"https:\/\/lasprimeras.com.do\/index.php\/2024\/12\/03\/nace-el-club-deportivo-y-academia-hermanos-leon-en-cartagena\/","url_meta":{"origin":49966,"position":4},"title":"Nace el Club Deportivo y Academia Hermanos Le\u00f3n en Cartagena","author":"Nelson Feliz","date":"3 de diciembre de 2024","format":false,"excerpt":"Con \u00e9nfasis en prospectos y formaci\u00f3n infantil, el club promete revitalizar el deporte en la regi\u00f3n. Cartagena de Indias- En Cartagena, el b\u00e9isbol da un paso firme hacia el futuro con el lanzamiento oficial del Club Deportivo Hermanos Le\u00f3n, una iniciativa que integra el talento local con la oportunidad de\u2026","rel":"","context":"En \u00abDEPORTES\u00bb","block_context":{"text":"DEPORTES","link":"https:\/\/lasprimeras.com.do\/index.php\/category\/deportes\/"},"img":{"alt_text":"Cartagena de Indias","src":"https:\/\/i0.wp.com\/lasprimeras.com.do\/wp-content\/uploads\/2024\/12\/WhatsApp-Image-2024-12-03-at-7.29.53-AM-3.jpeg?resize=350%2C200&ssl=1","width":350,"height":200,"srcset":"https:\/\/i0.wp.com\/lasprimeras.com.do\/wp-content\/uploads\/2024\/12\/WhatsApp-Image-2024-12-03-at-7.29.53-AM-3.jpeg?resize=350%2C200&ssl=1 1x, https:\/\/i0.wp.com\/lasprimeras.com.do\/wp-content\/uploads\/2024\/12\/WhatsApp-Image-2024-12-03-at-7.29.53-AM-3.jpeg?resize=525%2C300&ssl=1 1.5x, https:\/\/i0.wp.com\/lasprimeras.com.do\/wp-content\/uploads\/2024\/12\/WhatsApp-Image-2024-12-03-at-7.29.53-AM-3.jpeg?resize=700%2C400&ssl=1 2x, https:\/\/i0.wp.com\/lasprimeras.com.do\/wp-content\/uploads\/2024\/12\/WhatsApp-Image-2024-12-03-at-7.29.53-AM-3.jpeg?resize=1050%2C600&ssl=1 3x, https:\/\/i0.wp.com\/lasprimeras.com.do\/wp-content\/uploads\/2024\/12\/WhatsApp-Image-2024-12-03-at-7.29.53-AM-3.jpeg?resize=1400%2C800&ssl=1 4x"},"classes":[]},{"id":73715,"url":"https:\/\/lasprimeras.com.do\/index.php\/2024\/01\/15\/mets-de-ny-firma-nueva-promocion-20-jugadores\/","url_meta":{"origin":49966,"position":5},"title":"Mets de NY firma nueva promoci\u00f3n 20 jugadores","author":"Nelson Feliz","date":"15 de enero de 2024","format":false,"excerpt":"El grupo lo encabeza el venezolano Yovanny Rodr\u00edguez, c\u00e1tcher, con un bono de US $2,850,000 Boca Chica, R.D- En un emocionante acto, con la firma de 20 prospectos, los Mets de Nueva York han dado formal bienvenida a una prometedora generaci\u00f3n de j\u00f3venes beisbolistas que cumplen su sue\u00f1o de llegar\u2026","rel":"","context":"En \u00abPORTADA\u00bb","block_context":{"text":"PORTADA","link":"https:\/\/lasprimeras.com.do\/index.php\/category\/portada\/"},"img":{"alt_text":"Yensi Rivas","src":"https:\/\/i0.wp.com\/lasprimeras.com.do\/wp-content\/uploads\/2024\/01\/Yensi-Rivas-Firmando-min.jpg?resize=350%2C200&ssl=1","width":350,"height":200,"srcset":"https:\/\/i0.wp.com\/lasprimeras.com.do\/wp-content\/uploads\/2024\/01\/Yensi-Rivas-Firmando-min.jpg?resize=350%2C200&ssl=1 1x, https:\/\/i0.wp.com\/lasprimeras.com.do\/wp-content\/uploads\/2024\/01\/Yensi-Rivas-Firmando-min.jpg?resize=525%2C300&ssl=1 1.5x, https:\/\/i0.wp.com\/lasprimeras.com.do\/wp-content\/uploads\/2024\/01\/Yensi-Rivas-Firmando-min.jpg?resize=700%2C400&ssl=1 2x"},"classes":[]}],"jetpack_sharing_enabled":true,"_links":{"self":[{"href":"https:\/\/lasprimeras.com.do\/index.php\/wp-json\/wp\/v2\/posts\/49966","targetHints":{"allow":["GET"]}}],"collection":[{"href":"https:\/\/lasprimeras.com.do\/index.php\/wp-json\/wp\/v2\/posts"}],"about":[{"href":"https:\/\/lasprimeras.com.do\/index.php\/wp-json\/wp\/v2\/types\/post"}],"author":[{"embeddable":true,"href":"https:\/\/lasprimeras.com.do\/index.php\/wp-json\/wp\/v2\/users\/1"}],"replies":[{"embeddable":true,"href":"https:\/\/lasprimeras.com.do\/index.php\/wp-json\/wp\/v2\/comments?post=49966"}],"version-history":[{"count":0,"href":"https:\/\/lasprimeras.com.do\/index.php\/wp-json\/wp\/v2\/posts\/49966\/revisions"}],"wp:featuredmedia":[{"embeddable":true,"href":"https:\/\/lasprimeras.com.do\/index.php\/wp-json\/"}],"wp:attachment":[{"href":"https:\/\/lasprimeras.com.do\/index.php\/wp-json\/wp\/v2\/media?parent=49966"}],"wp:term":[{"taxonomy":"category","embeddable":true,"href":"https:\/\/lasprimeras.com.do\/index.php\/wp-json\/wp\/v2\/categories?post=49966"},{"taxonomy":"post_tag","embeddable":true,"href":"https:\/\/lasprimeras.com.do\/index.php\/wp-json\/wp\/v2\/tags?post=49966"}],"curies":[{"name":"wp","href":"https:\/\/api.w.org\/{rel}","templated":true}]}}