{"id":49969,"date":"2023-05-16T06:24:28","date_gmt":"2023-05-16T10:24:28","guid":{"rendered":"https:\/\/atento.com.do\/?p=49969"},"modified":"2023-05-16T06:24:28","modified_gmt":"2023-05-16T10:24:28","slug":"comision-de-diputados-no-recibira-esta-semana-actas-del-pleno-camara-de-cuentas","status":"publish","type":"post","link":"https:\/\/lasprimeras.com.do\/index.php\/2023\/05\/16\/comision-de-diputados-no-recibira-esta-semana-actas-del-pleno-camara-de-cuentas\/","title":{"rendered":"Comisi\u00f3n de diputados no recibir\u00e1 esta semana actas del Pleno C\u00e1mara de Cuentas"},"content":{"rendered":"\n<p>Genao Lanza asegura que la resoluci\u00f3n de diputados no ha llegado a la C\u00e1mara de Cuentas.<\/p>\n\n\n\n<p><strong>SANTO DOMINGO.-. <\/strong>Aunque ten\u00edan previsto iniciar esta semana con la investigaci\u00f3n a la C\u00e1mara de Cuentas, los diputados podr\u00edan retrasar sus indagatorias porque estiman que no recibir\u00e1n en estos d\u00edas las actas del Pleno del \u00f3rgano fiscalizador por algunas diligencias que toman tiempo.<\/p>\n\n\n\n<p>El diputado Rogelio Alfonso Genao, presidente de la comisi\u00f3n que investiga la C\u00e1mara de Cuentas, explic\u00f3 que la resoluci\u00f3n que aprob\u00f3 la c\u00e1mara baja para confirmar presuntas faltas, a\u00fan no ha llegado a la C\u00e1mara de Cuentas, lo que impide que puedan recabar en documentaciones internas a la instituci\u00f3n.<\/p>\n\n\n\n<p>En ese orden, Genao Lanza dijo que los documentos internos se solicitaron la tarde de ayer lunes y que, por la delicadeza de los mismos, es posible que no est\u00e9n en manos de los diputados este mi\u00e9rcoles, que es la fecha en que est\u00e1 pautada la segunda reuni\u00f3n de la comisi\u00f3n especial que investiga a la entidad auditora.<\/p>\n\n\n\n<p>Los documentos a los que se refiere Genao ser\u00e1n debatidos en el pr\u00f3ximo encuentro de la comisi\u00f3n especial que investiga a la C\u00e1mara de Cuentas. El equipo se reunir\u00e1 el mi\u00e9rcoles en la ma\u00f1ana para continuar con lo que Genao llam\u00f3 &#8220;ruta cr\u00edtica de trabajo&#8221;.<\/p>\n\n\n\n<p>En ese trayecto laboral, los diputados que integran la comisi\u00f3n especial pretenden evaluar las actas del Pleno de la C\u00e1mara de Cuentas, para as\u00ed ver todo lo aprobado por los miembros titulares y confirmar las denuncias de Janel Andr\u00e9s Ram\u00edrez, presidente de la instituci\u00f3n.<\/p>\n\n\n\n<p>En un programa de televisi\u00f3n, Ram\u00edrez revel\u00f3 que el Pleno que preside ha aprobado &#8220;decisiones ilegales&#8221; y que los dem\u00e1s cuatro miembros titulares se han reunido y han autorizado asuntos internos sin su consentimiento.<\/p>\n\n\n\n<p>Es por esto que Janel se consider\u00f3 a s\u00ed mismo como &#8220;un preso de confianza&#8221; en la C\u00e1mara de Cuentas, lo que alert\u00f3 a los legisladores que llevaron a crear una comisi\u00f3n especial para investigar si en realidad existen faltas graves en la instituci\u00f3n.<\/p>\n\n\n\n<p>En las pr\u00f3ximas reuniones y despu\u00e9s de analizar los documentos de la C\u00e1mara de Cuentas, la comisi\u00f3n decidir\u00e1 cu\u00e1les son los pr\u00f3ximos pasos para indagar a la instituci\u00f3n y, seg\u00fan Genao Lanza, no descartan entrevistas a los cinco miembros titulares del \u00f3rgano.<\/p>\n\n\n\n<p>Con el escenario de se\u00f1alamientos y acusaciones, ninguno de los funcionarios que componen el Pleno del organismo fiscalizador se ha referido al tema p\u00fablicamente.<\/p>\n","protected":false},"excerpt":{"rendered":"<p>Genao Lanza asegura que la resoluci\u00f3n de diputados no ha llegado a la C\u00e1mara de Cuentas. SANTO DOMINGO.-. Aunque ten\u00edan previsto iniciar esta semana con la investigaci\u00f3n a la C\u00e1mara&hellip;<\/p>\n","protected":false},"author":1,"featured_media":49970,"comment_status":"open","ping_status":"open","sticky":false,"template":"","format":"standard","meta":{"content-type":"","jetpack_post_was_ever_published":false,"_jetpack_newsletter_access":"","_jetpack_dont_email_post_to_subs":false,"_jetpack_newsletter_tier_id":0,"_jetpack_memberships_contains_paywalled_content":false,"_jetpack_memberships_contains_paid_content":false,"footnotes":""},"categories":[1],"tags":[1257,340,950,274,1609,368],"class_list":["post-49969","post","type-post","status-publish","format-standard","has-post-thumbnail","hentry","category-sin-categoria","tag-actas","tag-camara-de-cuentas","tag-comision","tag-diputados","tag-no-recibira","tag-pleno"],"jetpack_featured_media_url":"","jetpack-related-posts":[{"id":53671,"url":"https:\/\/lasprimeras.com.do\/index.php\/2023\/06\/29\/camara-de-cuentas-escondio-auditorias-y-alteraba-actas\/","url_meta":{"origin":49969,"position":0},"title":"C\u00e1mara de Cuentas escondi\u00f3 auditor\u00edas y alteraba actas","author":"Nelson Feliz","date":"29 de junio de 2023","format":false,"excerpt":"Pacheco confirm\u00f3 que el informe acusa a miembros del pleno fiscalizador de usurpar funciones, entregar informes incompletos y nombrar personal de forma irregular. Miembros titulares de la C\u00e1mara de Cuentas cometieron m\u00e1s de cinco faltas graves que pudieran llevarlos a un juicio pol\u00edtico en el Senado, seg\u00fan hizo constar un\u2026","rel":"","context":"En \u00abECONOM\u00cdA\u00bb","block_context":{"text":"ECONOM\u00cdA","link":"https:\/\/lasprimeras.com.do\/index.php\/category\/economia\/"},"img":{"alt_text":"La C\u00e1mara de Diputados investiga desde el 10 de mayo a los cinco funcionarios por supuestas faltas.","src":"https:\/\/i0.wp.com\/lasprimeras.com.do\/wp-content\/uploads\/2023\/06\/cc.jpg?resize=350%2C200&ssl=1","width":350,"height":200,"srcset":"https:\/\/i0.wp.com\/lasprimeras.com.do\/wp-content\/uploads\/2023\/06\/cc.jpg?resize=350%2C200&ssl=1 1x, https:\/\/i0.wp.com\/lasprimeras.com.do\/wp-content\/uploads\/2023\/06\/cc.jpg?resize=525%2C300&ssl=1 1.5x, https:\/\/i0.wp.com\/lasprimeras.com.do\/wp-content\/uploads\/2023\/06\/cc.jpg?resize=700%2C400&ssl=1 2x"},"classes":[]},{"id":55139,"url":"https:\/\/lasprimeras.com.do\/index.php\/2023\/07\/18\/rogelio-genao-se-ha-politizado-al-extremo-el-tema-de-la-camara-de-cuentas\/","url_meta":{"origin":49969,"position":1},"title":"Rogelio Genao: &#8220;Se ha politizado al extremo&#8221; el tema de la C\u00e1mara de Cuentas","author":"Nelson Feliz","date":"18 de julio de 2023","format":false,"excerpt":"El presidente de la comisi\u00f3n investigadora de la C\u00e1mara de Cuentas, Rogelio Alfonso Genao, sostuvo que \"se ha politizado al extremo\" el juicio pol\u00edtico contra ese \u00f3rgano en cuyo informe entienden que hubo \"faltas graves\". Expres\u00f3 que los partidos de oposici\u00f3n han \"politizado el tema al extremo\" porque torpedearon la\u2026","rel":"","context":"En \u00abPORTADA\u00bb","block_context":{"text":"PORTADA","link":"https:\/\/lasprimeras.com.do\/index.php\/category\/portada\/"},"img":{"alt_text":"Rogelio Alfonso Genao","src":"https:\/\/i0.wp.com\/lasprimeras.com.do\/wp-content\/uploads\/2023\/07\/Rogelio-Alfonso-Genao-Lanza.jpg?resize=350%2C200&ssl=1","width":350,"height":200,"srcset":"https:\/\/i0.wp.com\/lasprimeras.com.do\/wp-content\/uploads\/2023\/07\/Rogelio-Alfonso-Genao-Lanza.jpg?resize=350%2C200&ssl=1 1x, https:\/\/i0.wp.com\/lasprimeras.com.do\/wp-content\/uploads\/2023\/07\/Rogelio-Alfonso-Genao-Lanza.jpg?resize=525%2C300&ssl=1 1.5x, https:\/\/i0.wp.com\/lasprimeras.com.do\/wp-content\/uploads\/2023\/07\/Rogelio-Alfonso-Genao-Lanza.jpg?resize=700%2C400&ssl=1 2x"},"classes":[]},{"id":53155,"url":"https:\/\/lasprimeras.com.do\/index.php\/2023\/06\/23\/comision-que-investiga-a-la-camara-de-cuentas-esta-dividida-en-tres-posiciones\/","url_meta":{"origin":49969,"position":2},"title":"Comisi\u00f3n que investiga a la C\u00e1mara de Cuentas est\u00e1 dividida en tres posiciones","author":"Nelson Feliz","date":"23 de junio de 2023","format":false,"excerpt":"Los 17 legisladores que integran la comisi\u00f3n podr\u00edan estarse debatiendo entre extender el plazo, tomar una decisi\u00f3n final y otras posiciones. La comisi\u00f3n especial de la C\u00e1mara de Diputados que estudia el conflicto interno que existe en la C\u00e1mara de Cuentas podr\u00eda estar dividida en tres aspectos en cuanto a\u2026","rel":"","context":"En \u00abSin categor\u00eda\u00bb","block_context":{"text":"Sin categor\u00eda","link":"https:\/\/lasprimeras.com.do\/index.php\/category\/sin-categoria\/"},"img":{"alt_text":"","src":"https:\/\/i0.wp.com\/lasprimeras.com.do\/wp-content\/uploads\/2023\/06\/Rogelio-Genao-Lanza.png?resize=350%2C200&ssl=1","width":350,"height":200,"srcset":"https:\/\/i0.wp.com\/lasprimeras.com.do\/wp-content\/uploads\/2023\/06\/Rogelio-Genao-Lanza.png?resize=350%2C200&ssl=1 1x, https:\/\/i0.wp.com\/lasprimeras.com.do\/wp-content\/uploads\/2023\/06\/Rogelio-Genao-Lanza.png?resize=525%2C300&ssl=1 1.5x, https:\/\/i0.wp.com\/lasprimeras.com.do\/wp-content\/uploads\/2023\/06\/Rogelio-Genao-Lanza.png?resize=700%2C400&ssl=1 2x"},"classes":[]},{"id":51713,"url":"https:\/\/lasprimeras.com.do\/index.php\/2023\/06\/02\/diputados-entrevistan-miembros-camara-cuentas-por-crisis-interna\/","url_meta":{"origin":49969,"position":3},"title":"Diputados entrevistan miembros C\u00e1mara Cuentas por crisis interna","author":"prenxa100","date":"2 de junio de 2023","format":false,"excerpt":"SANTO DOMINGO.- La comisi\u00f3n de la C\u00e1mara de Diputados designada para investigar la crisis interna en la C\u00e1mara de Cuentas comenz\u00f3 este viernes a entrevistar, a puertas cerradas, a los miembros del pleno de la entidad fiscalizadora. Est\u00e1 previsto que a lo largo del d\u00eda sean entrevistados los cinco miembros\u2026","rel":"","context":"En \u00abNACIONALES\u00bb","block_context":{"text":"NACIONALES","link":"https:\/\/lasprimeras.com.do\/index.php\/category\/nacionales\/"},"img":{"alt_text":"","src":"","width":0,"height":0},"classes":[]},{"id":96089,"url":"https:\/\/lasprimeras.com.do\/index.php\/2025\/03\/24\/comision-especial-escoge-las-ternas-para-elegir-a-los-integrantes-de-la-camara-de-cuentas\/","url_meta":{"origin":49969,"position":4},"title":"Comisi\u00f3n Especial escoge las ternas para elegir a los integrantes de la C\u00e1mara de Cuentas","author":"Nelson Feliz","date":"24 de marzo de 2025","format":false,"excerpt":"La Comisi\u00f3n Permanente de C\u00e1mara de Cuentas de la C\u00e1mara de Diputados, seleccion\u00f3 este lunes a los integrantes de las cinco ternas que ser\u00e1n presentadas al pleno del organismo para la escogencia de los miembros de la C\u00e1mara de Cuentas. Aunque la comisi\u00f3n que preside el diputado Rogelio Alfonso Genao\u2026","rel":"","context":"En \u00abNACIONALES\u00bb","block_context":{"text":"NACIONALES","link":"https:\/\/lasprimeras.com.do\/index.php\/category\/nacionales\/"},"img":{"alt_text":"","src":"https:\/\/i0.wp.com\/lasprimeras.com.do\/wp-content\/uploads\/2025\/03\/camara-diputados.jpg?resize=350%2C200&ssl=1","width":350,"height":200,"srcset":"https:\/\/i0.wp.com\/lasprimeras.com.do\/wp-content\/uploads\/2025\/03\/camara-diputados.jpg?resize=350%2C200&ssl=1 1x, https:\/\/i0.wp.com\/lasprimeras.com.do\/wp-content\/uploads\/2025\/03\/camara-diputados.jpg?resize=525%2C300&ssl=1 1.5x, https:\/\/i0.wp.com\/lasprimeras.com.do\/wp-content\/uploads\/2025\/03\/camara-diputados.jpg?resize=700%2C400&ssl=1 2x"},"classes":[]},{"id":123229,"url":"https:\/\/lasprimeras.com.do\/index.php\/2026\/02\/27\/camara-de-diputados-deja-abierta-la-primera-legislatura-ordinaria-de-2026\/","url_meta":{"origin":49969,"position":5},"title":"C\u00e1mara de Diputados deja abierta la primera legislatura ordinaria de 2026","author":"Nelson Feliz","date":"27 de febrero de 2026","format":false,"excerpt":"La C\u00e1mara de Diputados dej\u00f3 abierta la primera legislatura ordinaria correspondiente al a\u00f1o 2026, durante una breve sesi\u00f3n en la que su presidente, Alfredo Pacheco, augur\u00f3 un per\u00edodo productivo, en el que se aprobar\u00e1n importantes proyectos pendientes para seguir impulsando el avance de la Rep\u00fablica Dominicana en distintos \u00e1mbitos. Previo\u2026","rel":"","context":"En \u00abPOLITICA\u00bb","block_context":{"text":"POLITICA","link":"https:\/\/lasprimeras.com.do\/index.php\/category\/politica\/"},"img":{"alt_text":"Alfredo Pacheco","src":"https:\/\/i0.wp.com\/lasprimeras.com.do\/wp-content\/uploads\/2026\/02\/Alfredo-Pacheco.jpg?resize=350%2C200&ssl=1","width":350,"height":200,"srcset":"https:\/\/i0.wp.com\/lasprimeras.com.do\/wp-content\/uploads\/2026\/02\/Alfredo-Pacheco.jpg?resize=350%2C200&ssl=1 1x, https:\/\/i0.wp.com\/lasprimeras.com.do\/wp-content\/uploads\/2026\/02\/Alfredo-Pacheco.jpg?resize=525%2C300&ssl=1 1.5x, https:\/\/i0.wp.com\/lasprimeras.com.do\/wp-content\/uploads\/2026\/02\/Alfredo-Pacheco.jpg?resize=700%2C400&ssl=1 2x"},"classes":[]}],"jetpack_sharing_enabled":true,"_links":{"self":[{"href":"https:\/\/lasprimeras.com.do\/index.php\/wp-json\/wp\/v2\/posts\/49969","targetHints":{"allow":["GET"]}}],"collection":[{"href":"https:\/\/lasprimeras.com.do\/index.php\/wp-json\/wp\/v2\/posts"}],"about":[{"href":"https:\/\/lasprimeras.com.do\/index.php\/wp-json\/wp\/v2\/types\/post"}],"author":[{"embeddable":true,"href":"https:\/\/lasprimeras.com.do\/index.php\/wp-json\/wp\/v2\/users\/1"}],"replies":[{"embeddable":true,"href":"https:\/\/lasprimeras.com.do\/index.php\/wp-json\/wp\/v2\/comments?post=49969"}],"version-history":[{"count":0,"href":"https:\/\/lasprimeras.com.do\/index.php\/wp-json\/wp\/v2\/posts\/49969\/revisions"}],"wp:featuredmedia":[{"embeddable":true,"href":"https:\/\/lasprimeras.com.do\/index.php\/wp-json\/"}],"wp:attachment":[{"href":"https:\/\/lasprimeras.com.do\/index.php\/wp-json\/wp\/v2\/media?parent=49969"}],"wp:term":[{"taxonomy":"category","embeddable":true,"href":"https:\/\/lasprimeras.com.do\/index.php\/wp-json\/wp\/v2\/categories?post=49969"},{"taxonomy":"post_tag","embeddable":true,"href":"https:\/\/lasprimeras.com.do\/index.php\/wp-json\/wp\/v2\/tags?post=49969"}],"curies":[{"name":"wp","href":"https:\/\/api.w.org\/{rel}","templated":true}]}}