{"id":49975,"date":"2023-05-16T07:15:33","date_gmt":"2023-05-16T11:15:33","guid":{"rendered":"https:\/\/atento.com.do\/?p=49975"},"modified":"2023-05-16T07:15:33","modified_gmt":"2023-05-16T11:15:33","slug":"aspirante-a-diputada-ana-vargas-expresa-preocupacion-por-cierre-de-negocios-en-ny","status":"publish","type":"post","link":"https:\/\/lasprimeras.com.do\/index.php\/2023\/05\/16\/aspirante-a-diputada-ana-vargas-expresa-preocupacion-por-cierre-de-negocios-en-ny\/","title":{"rendered":"Aspirante a diputada Ana Vargas expresa preocupaci\u00f3n por cierre de negocios en NY"},"content":{"rendered":"\n<p><strong>New York &#8211; <\/strong>En respuesta a la alarmante tendencia de cierre de negocios en nuestra comunidad, la reconocida l\u00edder comunitaria y aspirante a la diputaci\u00f3n por la Circunscripci\u00f3n Uno, Ana Vargas, ha expresado su profunda preocupaci\u00f3n por las repercusiones negativas que esto tiene en nuestra comunidad dominicana.<\/p>\n\n\n\n<p>Seg\u00fan estudios recientes, el cierre de negocios ha alcanzado n\u00fameros r\u00e9cords en los \u00faltimos a\u00f1os, abarcando una amplia gama de establecimientos, desde bodegas y salones de belleza hasta restaurantes y oficinas m\u00e9dicas, lo que se traduce en una p\u00e9rdida galopante de puestos de trabajo. Lamentablemente, los dominicanos son los m\u00e1s afectados por esta situaci\u00f3n.<\/p>\n\n\n\n<p>La situaci\u00f3n se vuelve a\u00fan m\u00e1s preocupante cuando se observa el impacto en el empleo local. En nuestro querido barrio de Washington Heights, la tasa de desempleo ya ha alcanzado cifras alarmantes, siendo la segunda m\u00e1s alta en la ciudad.<\/p>\n\n\n\n<p>Estos datos tienen un efecto directo en los dominicanos residentes en Nueva York y, de manera indirecta, afectan la econom\u00eda dominicana debido a la reducci\u00f3n de env\u00edos de remesas y la disminuci\u00f3n del consumo de productos diarios por parte de los familiares en la Rep\u00fablica Dominicana.<\/p>\n\n\n\n<p>Ante esta problem\u00e1tica, Ana Vargas hace un llamado a la unidad y la acci\u00f3n comunitaria. Es fundamental trabajar en conjunto para encontrar soluciones que fomenten el crecimiento y la sostenibilidad de los peque\u00f1os negocios en nuestra comunidad.<\/p>\n\n\n\n<p>La creaci\u00f3n de programas de apoyo empresarial, el fortalecimiento de la educaci\u00f3n financiera y el fomento de la inversi\u00f3n local son algunas de las medidas necesarias para revertir esta tendencia preocupante.<\/p>\n\n\n\n<p>Ana Vargas se compromete a utilizar su experiencia como l\u00edder comunitaria y su visi\u00f3n como aspirante a la diputaci\u00f3n para impulsar iniciativas que promuevan el desarrollo econ\u00f3mico y la creaci\u00f3n de empleo en nuestra comunidad.<\/p>\n\n\n\n<p>Con un enfoque en la colaboraci\u00f3n y la participaci\u00f3n ciudadana, busca establecer alianzas estrat\u00e9gicas y trabajar en conjunto con empresarios, organizaciones comunitarias y l\u00edderes locales para enfrentar estos desaf\u00edos.<\/p>\n","protected":false},"excerpt":{"rendered":"<p>New York &#8211; En respuesta a la alarmante tendencia de cierre de negocios en nuestra comunidad, la reconocida l\u00edder comunitaria y aspirante a la diputaci\u00f3n por la Circunscripci\u00f3n Uno, Ana&hellip;<\/p>\n","protected":false},"author":1,"featured_media":49976,"comment_status":"open","ping_status":"open","sticky":false,"template":"","format":"standard","meta":{"content-type":"","jetpack_post_was_ever_published":false,"_jetpack_newsletter_access":"","_jetpack_dont_email_post_to_subs":false,"_jetpack_newsletter_tier_id":0,"_jetpack_memberships_contains_paywalled_content":false,"_jetpack_memberships_contains_paid_content":false,"footnotes":""},"categories":[1],"tags":[485,186,1612,995,1613,488,829],"class_list":["post-49975","post","type-post","status-publish","format-standard","has-post-thumbnail","hentry","category-sin-categoria","tag-ana-vargas","tag-aspirante","tag-cierre","tag-diputada","tag-negocios","tag-new-york","tag-preocupacion"],"jetpack_featured_media_url":"","jetpack-related-posts":[{"id":48829,"url":"https:\/\/lasprimeras.com.do\/index.php\/2023\/05\/04\/aspirante-a-diputacion-por-ultramar-ana-vargas-alerta-sobre-la-dificil-situacion-de-dominicanos-en-new-york\/","url_meta":{"origin":49975,"position":0},"title":"Aspirante a diputaci\u00f3n por ultramar Ana Vargas alerta sobre la dif\u00edcil situaci\u00f3n de dominicanos en New York","author":"prenxa100","date":"4 de mayo de 2023","format":false,"excerpt":"Por Santiago Nu\u00f1ez New York.-.La aspirante a la diputaci\u00f3n por el Distrito n\u00famero uno de ultramar por el PLD, Ana Vargas, expres\u00f3 su preocupaci\u00f3n por la estampida de dominicanos que est\u00e1 sufriendo la comunidad quisqueyana en los ultimos meses en Nueva York. Seg\u00fan Vargas, esto es fruto del abandono al\u2026","rel":"","context":"En \u00abSin categor\u00eda\u00bb","block_context":{"text":"Sin categor\u00eda","link":"https:\/\/lasprimeras.com.do\/index.php\/category\/sin-categoria\/"},"img":{"alt_text":"","src":"","width":0,"height":0},"classes":[]},{"id":96504,"url":"https:\/\/lasprimeras.com.do\/index.php\/2025\/04\/02\/bray-vargas-aboga-por-una-camara-diputados-que-trabaje-para-el-pueblo-video\/","url_meta":{"origin":49975,"position":1},"title":"Bray Vargas aboga por una C\u00e1mara Diputados que trabaje para el pueblo| Video","author":"Nelson Feliz","date":"2 de abril de 2025","format":false,"excerpt":"Diputado Bray Vargas dice lamentar inacci\u00f3n del Congreso frente a la presencia de haitianos ilegales. Llama a sus colegas congresistas a adoptar acciones concretas e inmediatas El diputado por la provincia Santiago, Bray Vargas, alz\u00f3 su voz ante la C\u00e1mara de Diputados para expresar su preocupaci\u00f3n ante el aumento de\u2026","rel":"","context":"En \u00abPOLITICA\u00bb","block_context":{"text":"POLITICA","link":"https:\/\/lasprimeras.com.do\/index.php\/category\/politica\/"},"img":{"alt_text":"","src":"https:\/\/i0.wp.com\/lasprimeras.com.do\/wp-content\/uploads\/2025\/04\/Bray-Vargas.jpg?resize=350%2C200&ssl=1","width":350,"height":200,"srcset":"https:\/\/i0.wp.com\/lasprimeras.com.do\/wp-content\/uploads\/2025\/04\/Bray-Vargas.jpg?resize=350%2C200&ssl=1 1x, https:\/\/i0.wp.com\/lasprimeras.com.do\/wp-content\/uploads\/2025\/04\/Bray-Vargas.jpg?resize=525%2C300&ssl=1 1.5x, https:\/\/i0.wp.com\/lasprimeras.com.do\/wp-content\/uploads\/2025\/04\/Bray-Vargas.jpg?resize=700%2C400&ssl=1 2x"},"classes":[]},{"id":56920,"url":"https:\/\/lasprimeras.com.do\/index.php\/2023\/08\/07\/pedro-jimenez-afirma-inseguridad-y-desempleo-es-la-mayor-preocupacion-de-los-habitantes-circunscripcion-numero-2\/","url_meta":{"origin":49975,"position":2},"title":"Pedro Jim\u00e9nez afirma inseguridad, y desempleo es la mayor preocupaci\u00f3n de los habitantes circunscripci\u00f3n n\u00famero 2.","author":"Nelson Feliz","date":"7 de agosto de 2023","format":false,"excerpt":"El aspirante a diputado por la fuerza del pueblo, Pedro Jim\u00e9nez revel\u00f3 hoy que la situaci\u00f3n de inseguridad que viven los residentes de Cristo Rey, Los R\u00edos, Girasoles, La Puya y otros sectores se han convertido en el dolor de cabeza y principal preocupaci\u00f3n, seg\u00fan una encuesta realizada por el\u2026","rel":"","context":"En \u00abPORTADA\u00bb","block_context":{"text":"PORTADA","link":"https:\/\/lasprimeras.com.do\/index.php\/category\/portada\/"},"img":{"alt_text":"Pedro Jimenez","src":"https:\/\/i0.wp.com\/lasprimeras.com.do\/wp-content\/uploads\/2023\/08\/Pedro-Jimenez-1.jpg?resize=350%2C200&ssl=1","width":350,"height":200,"srcset":"https:\/\/i0.wp.com\/lasprimeras.com.do\/wp-content\/uploads\/2023\/08\/Pedro-Jimenez-1.jpg?resize=350%2C200&ssl=1 1x, https:\/\/i0.wp.com\/lasprimeras.com.do\/wp-content\/uploads\/2023\/08\/Pedro-Jimenez-1.jpg?resize=525%2C300&ssl=1 1.5x, https:\/\/i0.wp.com\/lasprimeras.com.do\/wp-content\/uploads\/2023\/08\/Pedro-Jimenez-1.jpg?resize=700%2C400&ssl=1 2x"},"classes":[]},{"id":60383,"url":"https:\/\/lasprimeras.com.do\/index.php\/2023\/09\/13\/bancada-dominicana-ante-parlacen-expresa-preocupacion-por-crisis-en-haiti\/","url_meta":{"origin":49975,"position":3},"title":"Bancada Dominicana ante PARLACEN expresa preocupaci\u00f3n por crisis en Hait\u00ed","author":"Nelson Feliz","date":"13 de septiembre de 2023","format":false,"excerpt":"Llama a soluci\u00f3n diplomatica y pacifica. Ante el recrudecimiento de la crisis que se presenta en la frontera dominico-haitiana y las consecuencias sobre la din\u00e1mica de vida del pueblo haitiano, sin que al momento exista una autoridad con capacidad de poder y de unificaci\u00f3n para resolver la problem\u00e1tica, cuyos efectos\u2026","rel":"","context":"En \u00abPORTADA\u00bb","block_context":{"text":"PORTADA","link":"https:\/\/lasprimeras.com.do\/index.php\/category\/portada\/"},"img":{"alt_text":"Parlacen","src":"https:\/\/i0.wp.com\/lasprimeras.com.do\/wp-content\/uploads\/2023\/09\/Parlacen-1.jpg?resize=350%2C200&ssl=1","width":350,"height":200,"srcset":"https:\/\/i0.wp.com\/lasprimeras.com.do\/wp-content\/uploads\/2023\/09\/Parlacen-1.jpg?resize=350%2C200&ssl=1 1x, https:\/\/i0.wp.com\/lasprimeras.com.do\/wp-content\/uploads\/2023\/09\/Parlacen-1.jpg?resize=525%2C300&ssl=1 1.5x, https:\/\/i0.wp.com\/lasprimeras.com.do\/wp-content\/uploads\/2023\/09\/Parlacen-1.jpg?resize=700%2C400&ssl=1 2x"},"classes":[]},{"id":115941,"url":"https:\/\/lasprimeras.com.do\/index.php\/2025\/11\/26\/danylsa-vargas-recibe-reconocimiento-a-la-trayectoria-en-premios-la-flor\/","url_meta":{"origin":49975,"position":4},"title":"Danylsa Vargas recibe reconocimiento a la trayectoria en Premios La Flor","author":"Nelson Feliz","date":"26 de noviembre de 2025","format":false,"excerpt":"Danylsa Vargas recibe reconocimiento a la trayectoria en Premios La Flor","rel":"","context":"En \u00abENTRETENIMIENTO\u00bb","block_context":{"text":"ENTRETENIMIENTO","link":"https:\/\/lasprimeras.com.do\/index.php\/category\/entretenimiento\/"},"img":{"alt_text":"","src":"https:\/\/i0.wp.com\/lasprimeras.com.do\/wp-content\/uploads\/2025\/11\/Danylsa-Vargas.jpg?resize=350%2C200&ssl=1","width":350,"height":200,"srcset":"https:\/\/i0.wp.com\/lasprimeras.com.do\/wp-content\/uploads\/2025\/11\/Danylsa-Vargas.jpg?resize=350%2C200&ssl=1 1x, https:\/\/i0.wp.com\/lasprimeras.com.do\/wp-content\/uploads\/2025\/11\/Danylsa-Vargas.jpg?resize=525%2C300&ssl=1 1.5x, https:\/\/i0.wp.com\/lasprimeras.com.do\/wp-content\/uploads\/2025\/11\/Danylsa-Vargas.jpg?resize=700%2C400&ssl=1 2x"},"classes":[]},{"id":111365,"url":"https:\/\/lasprimeras.com.do\/index.php\/2025\/10\/07\/bray-vargas-denuncia-manipulacion-digital-y-reitera-su-dedicacion-al-servicio-legislativo\/","url_meta":{"origin":49975,"position":5},"title":"Bray Vargas denuncia manipulaci\u00f3n digital y reitera su dedicaci\u00f3n al servicio legislativo","author":"Nelson Feliz","date":"7 de octubre de 2025","format":false,"excerpt":"El diputado por la provincia de Santiago, Bray Vargas, reafirm\u00f3 su compromiso con el pueblo dominicano y denunci\u00f3 haber sido v\u00edctima de un intento de extorsi\u00f3n mediante la grabaci\u00f3n y difusi\u00f3n de un contenido manipulado sin su consentimiento, con el prop\u00f3sito de afectar su honor y trayectoria p\u00fablica. \u201cEn los\u2026","rel":"","context":"En \u00abNACIONALES\u00bb","block_context":{"text":"NACIONALES","link":"https:\/\/lasprimeras.com.do\/index.php\/category\/nacionales\/"},"img":{"alt_text":"","src":"https:\/\/i0.wp.com\/lasprimeras.com.do\/wp-content\/uploads\/2025\/10\/Bray-Vargas.jpg?resize=350%2C200&ssl=1","width":350,"height":200,"srcset":"https:\/\/i0.wp.com\/lasprimeras.com.do\/wp-content\/uploads\/2025\/10\/Bray-Vargas.jpg?resize=350%2C200&ssl=1 1x, https:\/\/i0.wp.com\/lasprimeras.com.do\/wp-content\/uploads\/2025\/10\/Bray-Vargas.jpg?resize=525%2C300&ssl=1 1.5x, https:\/\/i0.wp.com\/lasprimeras.com.do\/wp-content\/uploads\/2025\/10\/Bray-Vargas.jpg?resize=700%2C400&ssl=1 2x, https:\/\/i0.wp.com\/lasprimeras.com.do\/wp-content\/uploads\/2025\/10\/Bray-Vargas.jpg?resize=1050%2C600&ssl=1 3x"},"classes":[]}],"jetpack_sharing_enabled":true,"_links":{"self":[{"href":"https:\/\/lasprimeras.com.do\/index.php\/wp-json\/wp\/v2\/posts\/49975","targetHints":{"allow":["GET"]}}],"collection":[{"href":"https:\/\/lasprimeras.com.do\/index.php\/wp-json\/wp\/v2\/posts"}],"about":[{"href":"https:\/\/lasprimeras.com.do\/index.php\/wp-json\/wp\/v2\/types\/post"}],"author":[{"embeddable":true,"href":"https:\/\/lasprimeras.com.do\/index.php\/wp-json\/wp\/v2\/users\/1"}],"replies":[{"embeddable":true,"href":"https:\/\/lasprimeras.com.do\/index.php\/wp-json\/wp\/v2\/comments?post=49975"}],"version-history":[{"count":0,"href":"https:\/\/lasprimeras.com.do\/index.php\/wp-json\/wp\/v2\/posts\/49975\/revisions"}],"wp:featuredmedia":[{"embeddable":true,"href":"https:\/\/lasprimeras.com.do\/index.php\/wp-json\/"}],"wp:attachment":[{"href":"https:\/\/lasprimeras.com.do\/index.php\/wp-json\/wp\/v2\/media?parent=49975"}],"wp:term":[{"taxonomy":"category","embeddable":true,"href":"https:\/\/lasprimeras.com.do\/index.php\/wp-json\/wp\/v2\/categories?post=49975"},{"taxonomy":"post_tag","embeddable":true,"href":"https:\/\/lasprimeras.com.do\/index.php\/wp-json\/wp\/v2\/tags?post=49975"}],"curies":[{"name":"wp","href":"https:\/\/api.w.org\/{rel}","templated":true}]}}