{"id":49992,"date":"2023-05-16T08:55:36","date_gmt":"2023-05-16T12:55:36","guid":{"rendered":"https:\/\/atento.com.do\/?p=49992"},"modified":"2023-05-16T08:55:36","modified_gmt":"2023-05-16T12:55:36","slug":"amor-mio-nuevo-himno-al-amor-de-manny-cruz","status":"publish","type":"post","link":"https:\/\/lasprimeras.com.do\/index.php\/2023\/05\/16\/amor-mio-nuevo-himno-al-amor-de-manny-cruz\/","title":{"rendered":"\u201cAmor m\u00edo\u201d, nuevo himno al amor de Manny Cruz"},"content":{"rendered":"\n<p><strong>&#8211;\u00a0El sencillo forma parte de su cuarto \u00e1lbum \u201cCuatro 26\u201d, el cual incluye colaboraciones con Zacarias Ferreira, Jandy Ventura y Milly Quezada<\/strong><\/p>\n\n\n\n<p><strong>Santo Domingo. \u2013 <\/strong>Manny Cruz sigue dando pasos fuertes en el merengue y luego de llenar el Palacio de los Deportes, el cantante dominicano present\u00f3 su nuevo sencillo titulado \u201cAmor m\u00edo\u201d, canci\u00f3n que forma parte de su nuevo \u00e1lbum \u201cCuatro 26\u201d.<\/p>\n\n\n\n<p>El tema que fue escrito por Aram, Daniel Santacruz y el propio Manny, cuenta con un video musical filmado en Saman\u00e1 con la participaci\u00f3n de la esposa del cantante, la bailarina Yeri Peguero.<\/p>\n\n\n\n<p>\u201cEs una canci\u00f3n sumamente especial, fue amor a \u2018primera escuchada\u2019. Filmar el video en Saman\u00e1 fue sue\u00f1o, y si le sumas a eso tener al amor de mi vida como protagonista, pues lo hace mucho m\u00e1s maravilloso a\u00fan\u201d, expres\u00f3 el artista.<\/p>\n\n\n\n<p>Cruz, quien se presenta en el Lehman Center, Nueva York, el pr\u00f3ximo 3 de junio, recientemente present\u00f3 su nuevo \u00e1lbum \u201cCuatro 26\u201d, lanzado el d\u00eda de su cumplea\u00f1os el 26 de abril con un total de nueve canciones, incluyendo colaboraciones con Zacarias Ferreira, Jandy Ventura, Youmaico y Milly Quezada.<\/p>\n\n\n\n<p>El sencillo \u201cAmor m\u00edo\u201d y su video musical se encuentran disponibles en todas las plataformas digitales.<\/p>\n\n\n\n<p>ESCUCHAR AQU\u00cd<\/p>\n\n\n\n<figure class=\"wp-block-embed is-type-video is-provider-youtube wp-block-embed-youtube wp-embed-aspect-16-9 wp-has-aspect-ratio\"><div class=\"wp-block-embed__wrapper\">\n<iframe title=\"Manny Cruz - Amor M\u00edo (video oficial) \u2764\ufe0f\" width=\"500\" height=\"281\" src=\"https:\/\/www.youtube.com\/embed\/eB969B8OQFc?feature=oembed\" frameborder=\"0\" allow=\"accelerometer; autoplay; clipboard-write; encrypted-media; gyroscope; picture-in-picture; web-share\" referrerpolicy=\"strict-origin-when-cross-origin\" allowfullscreen><\/iframe>\n<\/div><\/figure>\n","protected":false},"excerpt":{"rendered":"<p>&#8211;\u00a0El sencillo forma parte de su cuarto \u00e1lbum \u201cCuatro 26\u201d, el cual incluye colaboraciones con Zacarias Ferreira, Jandy Ventura y Milly Quezada Santo Domingo. \u2013 Manny Cruz sigue dando pasos&hellip;<\/p>\n","protected":false},"author":1,"featured_media":49993,"comment_status":"open","ping_status":"open","sticky":false,"template":"","format":"standard","meta":{"content-type":"","jetpack_post_was_ever_published":false,"_jetpack_newsletter_access":"","_jetpack_dont_email_post_to_subs":false,"_jetpack_newsletter_tier_id":0,"_jetpack_memberships_contains_paywalled_content":false,"_jetpack_memberships_contains_paid_content":false,"footnotes":""},"categories":[84],"tags":[1628,1629,1630],"class_list":["post-49992","post","type-post","status-publish","format-standard","has-post-thumbnail","hentry","category-entretenimiento","tag-amor-mio","tag-himno-al-amor","tag-manny-cruz"],"jetpack_featured_media_url":"","jetpack-related-posts":[{"id":77548,"url":"https:\/\/lasprimeras.com.do\/index.php\/2024\/02\/22\/manny-cruz-se-presentara-en-la-gran-arena-del-cibao\/","url_meta":{"origin":49992,"position":0},"title":"Manny Cruz se presentar\u00e1 en la Gran Arena del Cibao","author":"BIMARY DE JES\u00daS Matos","date":"22 de febrero de 2024","format":false,"excerpt":"SANTIAGO.- El artista Manny Cruz contin\u00faa llevando la bandera del merengue a cada rinc\u00f3n del pa\u00eds, especialmente de la mano de su espect\u00e1culo \u201cDominicano de Coraz\u00f3n\u201d el cual present\u00f3 con \u00e9xito y a casa llena en el Palacio de los Deportes, en el Anfiteatro de Puerto Plata y en varias\u2026","rel":"","context":"En \u00abENTRETENIMIENTO\u00bb","block_context":{"text":"ENTRETENIMIENTO","link":"https:\/\/lasprimeras.com.do\/index.php\/category\/entretenimiento\/"},"img":{"alt_text":"","src":"https:\/\/i0.wp.com\/lasprimeras.com.do\/wp-content\/uploads\/2024\/02\/artista.webp?resize=350%2C200&ssl=1","width":350,"height":200,"srcset":"https:\/\/i0.wp.com\/lasprimeras.com.do\/wp-content\/uploads\/2024\/02\/artista.webp?resize=350%2C200&ssl=1 1x, https:\/\/i0.wp.com\/lasprimeras.com.do\/wp-content\/uploads\/2024\/02\/artista.webp?resize=525%2C300&ssl=1 1.5x, https:\/\/i0.wp.com\/lasprimeras.com.do\/wp-content\/uploads\/2024\/02\/artista.webp?resize=700%2C400&ssl=1 2x, https:\/\/i0.wp.com\/lasprimeras.com.do\/wp-content\/uploads\/2024\/02\/artista.webp?resize=1050%2C600&ssl=1 3x"},"classes":[]},{"id":88262,"url":"https:\/\/lasprimeras.com.do\/index.php\/2024\/08\/25\/marc-anthony-manuel-medrano-y-manny-cruz-unen-la-salsa-el-pop-y-el-merengue-en-el-estadio-quisqueya\/","url_meta":{"origin":49992,"position":1},"title":"Marc Anthony, Manuel Medrano y Manny Cruz unen la salsa, el pop y el merengue en el Estadio Quisqueya","author":"Nelson Feliz","date":"25 de agosto de 2024","format":false,"excerpt":"Cuatro horas de m\u00fasica a cargo de tres artistas de g\u00e9neros diferentes pusieron a cantar y a bailar a los dominicanos la noche del s\u00e1bado. Al ritmo del cencerro con la contagiosa salsa de Marc Anthony, la g\u00fcira y tambora en el merengue de Manny Cruz y el rasgueo de\u2026","rel":"","context":"En \u00abENTRETENIMIENTO\u00bb","block_context":{"text":"ENTRETENIMIENTO","link":"https:\/\/lasprimeras.com.do\/index.php\/category\/entretenimiento\/"},"img":{"alt_text":"Marc Anthony","src":"https:\/\/i0.wp.com\/lasprimeras.com.do\/wp-content\/uploads\/2024\/08\/Marc-Anthony.jpeg?resize=350%2C200&ssl=1","width":350,"height":200,"srcset":"https:\/\/i0.wp.com\/lasprimeras.com.do\/wp-content\/uploads\/2024\/08\/Marc-Anthony.jpeg?resize=350%2C200&ssl=1 1x, https:\/\/i0.wp.com\/lasprimeras.com.do\/wp-content\/uploads\/2024\/08\/Marc-Anthony.jpeg?resize=525%2C300&ssl=1 1.5x, https:\/\/i0.wp.com\/lasprimeras.com.do\/wp-content\/uploads\/2024\/08\/Marc-Anthony.jpeg?resize=700%2C400&ssl=1 2x"},"classes":[]},{"id":67083,"url":"https:\/\/lasprimeras.com.do\/index.php\/2023\/11\/13\/manny-cruz-celebrara-dia-del-merengue-con-concierto-gratuito-en-el-anfiteatro-de-puerto-plata\/","url_meta":{"origin":49992,"position":2},"title":"Manny Cruz celebrar\u00e1 D\u00eda del Merengue con concierto gratuito en el Anfiteatro de Puerto Plata","author":"BIMARY DE JES\u00daS Matos","date":"13 de noviembre de 2023","format":false,"excerpt":"Santo Domingo.-El Anfiteatro de Puerto Plata bailar\u00e1 a ritmo de g\u00fcira y tambora el pr\u00f3ximo domingo 26 de noviembre para celebrar el D\u00eda Nacional del Merengue de la mano del artista dominicano Manny Cruz con su concierto \u201cDominicano de Coraz\u00f3n\u201d. Pautado para las 6:30 de la tarde en un evento\u2026","rel":"","context":"En \u00abENTRETENIMIENTO\u00bb","block_context":{"text":"ENTRETENIMIENTO","link":"https:\/\/lasprimeras.com.do\/index.php\/category\/entretenimiento\/"},"img":{"alt_text":"","src":"https:\/\/i0.wp.com\/lasprimeras.com.do\/wp-content\/uploads\/2023\/11\/WhatsApp-Image-2023-11-12-at-4.11.32-PM-1-5.jpeg?resize=350%2C200&ssl=1","width":350,"height":200,"srcset":"https:\/\/i0.wp.com\/lasprimeras.com.do\/wp-content\/uploads\/2023\/11\/WhatsApp-Image-2023-11-12-at-4.11.32-PM-1-5.jpeg?resize=350%2C200&ssl=1 1x, https:\/\/i0.wp.com\/lasprimeras.com.do\/wp-content\/uploads\/2023\/11\/WhatsApp-Image-2023-11-12-at-4.11.32-PM-1-5.jpeg?resize=525%2C300&ssl=1 1.5x"},"classes":[]},{"id":89235,"url":"https:\/\/lasprimeras.com.do\/index.php\/2024\/09\/20\/norby-montero-lanza-su-primer-album-musical-imparable\/","url_meta":{"origin":49992,"position":3},"title":"Norby Montero lanza su primer \u00e1lbum musical \u201cImparable\u201d","author":"Paola Castillo","date":"20 de septiembre de 2024","format":false,"excerpt":"SANTO DOMINGO.- Luego de haber estrenado el pasado mes de abril su sencillo \u201cD\u00f3nde est\u00e1 el amor\", el bachatero Norby Montero contin\u00faa apostando a la buena m\u00fasica, esta vez con el lanzamiento de su primer \u00e1lbum musical \u201cImparable\u201d. Este disco, que es un sue\u00f1o hecho realidad para el tambi\u00e9n periodista\u2026","rel":"","context":"En \u00abENTRETENIMIENTO\u00bb","block_context":{"text":"ENTRETENIMIENTO","link":"https:\/\/lasprimeras.com.do\/index.php\/category\/entretenimiento\/"},"img":{"alt_text":"","src":"https:\/\/i0.wp.com\/lasprimeras.com.do\/wp-content\/uploads\/2024\/09\/cc749cbc-1a73-4bce-920a-234c8ee7604c.jpeg?resize=350%2C200&ssl=1","width":350,"height":200,"srcset":"https:\/\/i0.wp.com\/lasprimeras.com.do\/wp-content\/uploads\/2024\/09\/cc749cbc-1a73-4bce-920a-234c8ee7604c.jpeg?resize=350%2C200&ssl=1 1x, https:\/\/i0.wp.com\/lasprimeras.com.do\/wp-content\/uploads\/2024\/09\/cc749cbc-1a73-4bce-920a-234c8ee7604c.jpeg?resize=525%2C300&ssl=1 1.5x, https:\/\/i0.wp.com\/lasprimeras.com.do\/wp-content\/uploads\/2024\/09\/cc749cbc-1a73-4bce-920a-234c8ee7604c.jpeg?resize=700%2C400&ssl=1 2x, https:\/\/i0.wp.com\/lasprimeras.com.do\/wp-content\/uploads\/2024\/09\/cc749cbc-1a73-4bce-920a-234c8ee7604c.jpeg?resize=1050%2C600&ssl=1 3x"},"classes":[]},{"id":50275,"url":"https:\/\/lasprimeras.com.do\/index.php\/2023\/05\/18\/promueve-rd-celebro-el-dia-de-las-madres-en-italia-al-ritmo-de-manny-cruz\/","url_meta":{"origin":49992,"position":4},"title":"ProMueve RD celebr\u00f3 el D\u00eda de las Madres en Italia al ritmo de Manny Cruz","author":"prenxa100","date":"18 de mayo de 2023","format":false,"excerpt":"Roma, Italia. - La organizaci\u00f3n no gubernamental, ProMueve RD, celebr\u00f3 el D\u00eda de las Madres a las dominicanas residentes en Italia con un emotivo encuentro en el que compartieron con el reconocido merenguero Manny Cruz. Manny Cruz, acompa\u00f1ado de su esposa Yery Peguero, present\u00f3 parte de su repertorio musical en\u2026","rel":"","context":"En \u00abENTRETENIMIENTO\u00bb","block_context":{"text":"ENTRETENIMIENTO","link":"https:\/\/lasprimeras.com.do\/index.php\/category\/entretenimiento\/"},"img":{"alt_text":"","src":"","width":0,"height":0},"classes":[]},{"id":92689,"url":"https:\/\/lasprimeras.com.do\/index.php\/2025\/01\/10\/rey-john-regresa-al-escenario-musical-con-su-nuevo-album-historia\/","url_meta":{"origin":49992,"position":5},"title":"Rey John regresa al escenario musical con su nuevo \u00e1lbum &#8220;Historia","author":"Nelson Feliz","date":"10 de enero de 2025","format":false,"excerpt":"Despu\u00e9s de una pausa de cinco a\u00f1os, el Rey de la Bachata Pop, Rey John, regresa con su tan esperado nuevo \u00e1lbum titulado \u201cHistoria. Edici\u00f3n I\u201d. Este regreso marca un hito importante en su carrera, consolidando su posici\u00f3n como uno de los artistas m\u00e1s destacados de la bachata contempor\u00e1nea. Trayectoria\u2026","rel":"","context":"En \u00abENTRETENIMIENTO\u00bb","block_context":{"text":"ENTRETENIMIENTO","link":"https:\/\/lasprimeras.com.do\/index.php\/category\/entretenimiento\/"},"img":{"alt_text":"","src":"https:\/\/i0.wp.com\/lasprimeras.com.do\/wp-content\/uploads\/2025\/01\/rey.jpg?resize=350%2C200&ssl=1","width":350,"height":200,"srcset":"https:\/\/i0.wp.com\/lasprimeras.com.do\/wp-content\/uploads\/2025\/01\/rey.jpg?resize=350%2C200&ssl=1 1x, https:\/\/i0.wp.com\/lasprimeras.com.do\/wp-content\/uploads\/2025\/01\/rey.jpg?resize=525%2C300&ssl=1 1.5x, https:\/\/i0.wp.com\/lasprimeras.com.do\/wp-content\/uploads\/2025\/01\/rey.jpg?resize=700%2C400&ssl=1 2x"},"classes":[]}],"jetpack_sharing_enabled":true,"_links":{"self":[{"href":"https:\/\/lasprimeras.com.do\/index.php\/wp-json\/wp\/v2\/posts\/49992","targetHints":{"allow":["GET"]}}],"collection":[{"href":"https:\/\/lasprimeras.com.do\/index.php\/wp-json\/wp\/v2\/posts"}],"about":[{"href":"https:\/\/lasprimeras.com.do\/index.php\/wp-json\/wp\/v2\/types\/post"}],"author":[{"embeddable":true,"href":"https:\/\/lasprimeras.com.do\/index.php\/wp-json\/wp\/v2\/users\/1"}],"replies":[{"embeddable":true,"href":"https:\/\/lasprimeras.com.do\/index.php\/wp-json\/wp\/v2\/comments?post=49992"}],"version-history":[{"count":0,"href":"https:\/\/lasprimeras.com.do\/index.php\/wp-json\/wp\/v2\/posts\/49992\/revisions"}],"wp:featuredmedia":[{"embeddable":true,"href":"https:\/\/lasprimeras.com.do\/index.php\/wp-json\/"}],"wp:attachment":[{"href":"https:\/\/lasprimeras.com.do\/index.php\/wp-json\/wp\/v2\/media?parent=49992"}],"wp:term":[{"taxonomy":"category","embeddable":true,"href":"https:\/\/lasprimeras.com.do\/index.php\/wp-json\/wp\/v2\/categories?post=49992"},{"taxonomy":"post_tag","embeddable":true,"href":"https:\/\/lasprimeras.com.do\/index.php\/wp-json\/wp\/v2\/tags?post=49992"}],"curies":[{"name":"wp","href":"https:\/\/api.w.org\/{rel}","templated":true}]}}