{"id":50002,"date":"2023-05-16T11:47:33","date_gmt":"2023-05-16T15:47:33","guid":{"rendered":"https:\/\/atento.com.do\/?p=50002"},"modified":"2023-05-16T11:47:33","modified_gmt":"2023-05-16T15:47:33","slug":"leonel-fernandez-inicia-este-martes-2-dias-de-actividades-en-santo-domingo-este","status":"publish","type":"post","link":"https:\/\/lasprimeras.com.do\/index.php\/2023\/05\/16\/leonel-fernandez-inicia-este-martes-2-dias-de-actividades-en-santo-domingo-este\/","title":{"rendered":"Leonel Fern\u00e1ndez inicia este martes 2 d\u00edas de actividades en Santo Domingo Este"},"content":{"rendered":"\n<p><strong>SANTO DOMINGO ESTE, R.D.- <\/strong>El l\u00edder de la oposici\u00f3n y presidente del partido Fuerza del Pueblo, Leonel Fern\u00e1ndez, estar\u00e1 desde este martes y hasta el mi\u00e9rcoles, en una extensa jornada de actividades pol\u00edticas en este municipio, el m\u00e1s grande del pa\u00eds.<\/p>\n\n\n\n<p>La estad\u00eda del l\u00edder pol\u00edtico en Santo Domingo Este, incluye actividades acad\u00e9micas, encuentros con dirigentes, empresarios, periodistas y juramentaciones de nuevos miembros de la FP.<\/p>\n\n\n\n<p>La agenda del Fern\u00e1ndez iniciar\u00e1 con un encuentro acad\u00e9mico en el Colegio Santa Teresa, en horas de la ma\u00f1ana, mientras que, pasado el mediod\u00eda, har\u00e1 visitas puntuales.<\/p>\n\n\n\n<p>A las 5:00p de la tarde, el principal l\u00edder pol\u00edtico dominicano estar\u00e1 en el Centro Psicopedag\u00f3gico Ozama, ubicado en la Ram\u00f3n Marrero Aristy, No. 24, del ensanche Ozama, donde sostendr\u00e1 un di\u00e1logo con mujeres destacadas de la Circunscripci\u00f3n No. 1, de Santo Domingo Este, evento al que est\u00e1 siendo invitada la prensa nacional.<\/p>\n\n\n\n<p>Al caer la noche, el l\u00edder de la Fuerza del Pueblo se reunir\u00e1 con los principales dirigentes de esta organizaci\u00f3n en la Circunscripci\u00f3n No. 1, para evaluar los avances del Plan General de Afiliaci\u00f3n que desarrolla la organizaci\u00f3n con el prop\u00f3sito de alcanzar una meta de afiliados, de no menos de dos millones de miembros.<\/p>\n\n\n\n<p>El mi\u00e9rcoles, el presidente de la FP comienza las labores en Santo Domingo Este, con un encuentro-almuerzo con periodistas y comunicadores que residen o laboran en este municipio, quienes se han acreditado previamente.<\/p>\n\n\n\n<p>Este evento se llevar\u00e1 a cabo al mediod\u00eda, en Golden House Hotel &amp; Convention Center, ubicado en la autopista de San Isidro.<\/p>\n\n\n\n<p>A las 4:00 de la tarde, estar\u00e1 en el Ayuntamiento de Santo Domingo Este, para la inauguraci\u00f3n del Bloque de Regidores de la Fuerza del Pueblo, y de all\u00ed saldr\u00e1 para la juramentaci\u00f3n sectorial con movimientos pol\u00edticos y transportistas en el Club Alma Rosa I.<\/p>\n\n\n\n<p>El l\u00edder pol\u00edtico concluir\u00e1 sus actividades en Santo Domingo Este con una cena de recaudaci\u00f3n en un restaurante ubicado en la calle Presidente V\u00e1squez, pr\u00f3ximo a la avenida Venezuela.<\/p>\n","protected":false},"excerpt":{"rendered":"<p>SANTO DOMINGO ESTE, R.D.- El l\u00edder de la oposici\u00f3n y presidente del partido Fuerza del Pueblo, Leonel Fern\u00e1ndez, estar\u00e1 desde este martes y hasta el mi\u00e9rcoles, en una extensa jornada&hellip;<\/p>\n","protected":false},"author":1,"featured_media":50003,"comment_status":"open","ping_status":"open","sticky":false,"template":"","format":"standard","meta":{"content-type":"","jetpack_post_was_ever_published":false,"_jetpack_newsletter_access":"","_jetpack_dont_email_post_to_subs":false,"_jetpack_newsletter_tier_id":0,"_jetpack_memberships_contains_paywalled_content":false,"_jetpack_memberships_contains_paid_content":false,"footnotes":""},"categories":[25],"tags":[1640,51,1570],"class_list":["post-50002","post","type-post","status-publish","format-standard","has-post-thumbnail","hentry","category-portada","tag-actividades","tag-leonel-fernandez","tag-santo-domingo-este"],"jetpack_featured_media_url":"","jetpack-related-posts":[{"id":128064,"url":"https:\/\/lasprimeras.com.do\/index.php\/2026\/04\/17\/leonel-fernandez-encabezara-agenda-de-actividades-este-fin-de-semana-en-santiago-la-romana-y-santo-domingo\/","url_meta":{"origin":50002,"position":0},"title":"Leonel Fern\u00e1ndez encabezar\u00e1 agenda de actividades este fin de semana en Santiago, La Romana y Santo Domingo","author":"Nelson Feliz","date":"17 de abril de 2026","format":false,"excerpt":"El expresidente de la Rep\u00fablica y presidente del partido Fuerza del Pueblo, Leonel Fern\u00e1ndez, desarrollar\u00e1 una agenda de actividades durante este fin de semana en Santiago, La Romana y Santo Domingo, como parte de su din\u00e1mica de trabajo pol\u00edtico y contacto con distintos sectores del pa\u00eds. La jornada del l\u00edder\u2026","rel":"","context":"En \u00abPOLITICA\u00bb","block_context":{"text":"POLITICA","link":"https:\/\/lasprimeras.com.do\/index.php\/category\/politica\/"},"img":{"alt_text":"","src":"https:\/\/i0.wp.com\/lasprimeras.com.do\/wp-content\/uploads\/2025\/05\/Leonel-Fernandez-1.jpg?resize=350%2C200&ssl=1","width":350,"height":200,"srcset":"https:\/\/i0.wp.com\/lasprimeras.com.do\/wp-content\/uploads\/2025\/05\/Leonel-Fernandez-1.jpg?resize=350%2C200&ssl=1 1x, https:\/\/i0.wp.com\/lasprimeras.com.do\/wp-content\/uploads\/2025\/05\/Leonel-Fernandez-1.jpg?resize=525%2C300&ssl=1 1.5x"},"classes":[]},{"id":78466,"url":"https:\/\/lasprimeras.com.do\/index.php\/2024\/03\/16\/leonel-viaja-a-eeuu-para-continuar-dialogos-sectoriales-y-actividades-politicas\/","url_meta":{"origin":50002,"position":1},"title":"Leonel viaja a EEUU para continuar di\u00e1logos sectoriales y actividades pol\u00edticas","author":"Nelson Feliz","date":"16 de marzo de 2024","format":false,"excerpt":"Miami, FLORIDA.-\u00a0 El candidato presidencial del partido Fuerza del Pueblo (FP), Leonel Fern\u00e1ndez, se encuentra en esta ciudad, donde encabezar\u00e1 varias actividades pol\u00edticas y acad\u00e9micas. \u00a0El l\u00edder pol\u00edtico opositor dominicano lleg\u00f3 a La Florida, en horas de la tarde este s\u00e1bado, procedente de Santo Domingo. \u00a0En la ma\u00f1ana de este\u2026","rel":"","context":"En \u00abPORTADA\u00bb","block_context":{"text":"PORTADA","link":"https:\/\/lasprimeras.com.do\/index.php\/category\/portada\/"},"img":{"alt_text":"Leonel Fern\u00e1ndez","src":"https:\/\/i0.wp.com\/lasprimeras.com.do\/wp-content\/uploads\/2024\/03\/Leonel-Fernandez-5.jpg?resize=350%2C200&ssl=1","width":350,"height":200,"srcset":"https:\/\/i0.wp.com\/lasprimeras.com.do\/wp-content\/uploads\/2024\/03\/Leonel-Fernandez-5.jpg?resize=350%2C200&ssl=1 1x, https:\/\/i0.wp.com\/lasprimeras.com.do\/wp-content\/uploads\/2024\/03\/Leonel-Fernandez-5.jpg?resize=525%2C300&ssl=1 1.5x, https:\/\/i0.wp.com\/lasprimeras.com.do\/wp-content\/uploads\/2024\/03\/Leonel-Fernandez-5.jpg?resize=700%2C400&ssl=1 2x"},"classes":[]},{"id":74692,"url":"https:\/\/lasprimeras.com.do\/index.php\/2024\/01\/25\/leonel-estara-este-fin-de-semana-en-el-cibao-y-el-lunes-en-santo-domingo\/","url_meta":{"origin":50002,"position":2},"title":"Leonel estar\u00e1 este fin de semana en el Cibao y el lunes en Santo Domingo","author":"Nelson Feliz","date":"25 de enero de 2024","format":false,"excerpt":"Encabezar\u00e1 marchas-caravanas y actos de presentaci\u00f3n de candidatos municipales. El presidente del partido Fuerza del Pueblo (FP) y l\u00edder opositor dominicano, Leonel Fern\u00e1ndez, estar\u00e1 recorriendo diferentes lugares del pa\u00eds en los pr\u00f3ximos tres d\u00edas, en respaldo a los candidatos municipales de esa organizaci\u00f3n y aliados que terciar\u00e1n en los comicios\u2026","rel":"","context":"En \u00abPORTADA\u00bb","block_context":{"text":"PORTADA","link":"https:\/\/lasprimeras.com.do\/index.php\/category\/portada\/"},"img":{"alt_text":"Leonel Fern\u00e1ndez","src":"https:\/\/i0.wp.com\/lasprimeras.com.do\/wp-content\/uploads\/2024\/01\/Leonel-Fernandez-02.jpg?resize=350%2C200&ssl=1","width":350,"height":200,"srcset":"https:\/\/i0.wp.com\/lasprimeras.com.do\/wp-content\/uploads\/2024\/01\/Leonel-Fernandez-02.jpg?resize=350%2C200&ssl=1 1x, https:\/\/i0.wp.com\/lasprimeras.com.do\/wp-content\/uploads\/2024\/01\/Leonel-Fernandez-02.jpg?resize=525%2C300&ssl=1 1.5x, https:\/\/i0.wp.com\/lasprimeras.com.do\/wp-content\/uploads\/2024\/01\/Leonel-Fernandez-02.jpg?resize=700%2C400&ssl=1 2x"},"classes":[]},{"id":121680,"url":"https:\/\/lasprimeras.com.do\/index.php\/2026\/02\/07\/leonel-se-reune-con-lideres-cooperativistas-en-santiago\/","url_meta":{"origin":50002,"position":3},"title":"Leonel se re\u00fane con l\u00edderes cooperativistas en Santiago","author":"Nelson Feliz","date":"7 de febrero de 2026","format":false,"excerpt":"Fern\u00e1ndez garantiza respaldo estatal a las cooperativas en un gobierno de la FP. El l\u00edder pol\u00edtico continuar\u00e1 este fin de semana el proceso de juramentaci\u00f3n y fortalecimiento de las estructuras de la Fuerza del Pueblo en Santiago. El presidente del partido Fuerza del Pueblo (FP) Leonel Fern\u00e1ndez, afirm\u00f3 que el\u2026","rel":"","context":"En \u00abPOLITICA\u00bb","block_context":{"text":"POLITICA","link":"https:\/\/lasprimeras.com.do\/index.php\/category\/politica\/"},"img":{"alt_text":"Leonel Fern\u00e1ndez","src":"https:\/\/i0.wp.com\/lasprimeras.com.do\/wp-content\/uploads\/2026\/02\/Leonelito-1.jpg?resize=350%2C200&ssl=1","width":350,"height":200,"srcset":"https:\/\/i0.wp.com\/lasprimeras.com.do\/wp-content\/uploads\/2026\/02\/Leonelito-1.jpg?resize=350%2C200&ssl=1 1x, https:\/\/i0.wp.com\/lasprimeras.com.do\/wp-content\/uploads\/2026\/02\/Leonelito-1.jpg?resize=525%2C300&ssl=1 1.5x, https:\/\/i0.wp.com\/lasprimeras.com.do\/wp-content\/uploads\/2026\/02\/Leonelito-1.jpg?resize=700%2C400&ssl=1 2x"},"classes":[]},{"id":50036,"url":"https:\/\/lasprimeras.com.do\/index.php\/2023\/05\/16\/reconocen-a-leonel-fernandez-como-propulsor-de-los-modelos-de-las-naciones-unidas-en-rd\/","url_meta":{"origin":50002,"position":4},"title":"Reconocen a Leonel Fern\u00e1ndez como propulsor de los modelos de las Naciones Unidas en RD","author":"prenxa100","date":"16 de mayo de 2023","format":false,"excerpt":"L\u00edder pol\u00edtico afirma modelos de las Naciones Unidas han sido una revoluci\u00f3n del conocimiento en el pa\u00eds SANTO DOMINGO ESTE.- El expresidente de la Rep\u00fablica, Leonel Fern\u00e1ndez, afirm\u00f3 este martes que los modelos de las Naciones Unidas han contribuido a crear un mecanismo extracurricular de aprendizaje que se ha convertido\u2026","rel":"","context":"En \u00abPORTADA\u00bb","block_context":{"text":"PORTADA","link":"https:\/\/lasprimeras.com.do\/index.php\/category\/portada\/"},"img":{"alt_text":"","src":"","width":0,"height":0},"classes":[]},{"id":76306,"url":"https:\/\/lasprimeras.com.do\/index.php\/2024\/02\/08\/leonel-estara-este-fin-de-semana-en-santo-domingo-y-provincias-del-este\/","url_meta":{"origin":50002,"position":5},"title":"Leonel estar\u00e1 este fin de semana en Santo Domingo y provincias del Este","author":"Nelson Feliz","date":"8 de febrero de 2024","format":false,"excerpt":"El candidato presidencial del partido Fuerza del Pueblo y organizaciones aliadas, Leonel Fern\u00e1ndez, estar\u00e1 este fin de semana en m\u00faltiples actividades proselitistas, en Santo Domingo y varias provincias de la regi\u00f3n Este. Desde el viernes y hasta el domingo, Fern\u00e1ndez tendr\u00e1 una agitada agenda, que iniciar\u00e1 en horas de la\u2026","rel":"","context":"En \u00abPORTADA\u00bb","block_context":{"text":"PORTADA","link":"https:\/\/lasprimeras.com.do\/index.php\/category\/portada\/"},"img":{"alt_text":"Leonel Fern\u00e1ndez","src":"https:\/\/i0.wp.com\/lasprimeras.com.do\/wp-content\/uploads\/2024\/02\/Leonel-Fernandez.jpg?resize=350%2C200&ssl=1","width":350,"height":200,"srcset":"https:\/\/i0.wp.com\/lasprimeras.com.do\/wp-content\/uploads\/2024\/02\/Leonel-Fernandez.jpg?resize=350%2C200&ssl=1 1x, https:\/\/i0.wp.com\/lasprimeras.com.do\/wp-content\/uploads\/2024\/02\/Leonel-Fernandez.jpg?resize=525%2C300&ssl=1 1.5x, https:\/\/i0.wp.com\/lasprimeras.com.do\/wp-content\/uploads\/2024\/02\/Leonel-Fernandez.jpg?resize=700%2C400&ssl=1 2x"},"classes":[]}],"jetpack_sharing_enabled":true,"_links":{"self":[{"href":"https:\/\/lasprimeras.com.do\/index.php\/wp-json\/wp\/v2\/posts\/50002","targetHints":{"allow":["GET"]}}],"collection":[{"href":"https:\/\/lasprimeras.com.do\/index.php\/wp-json\/wp\/v2\/posts"}],"about":[{"href":"https:\/\/lasprimeras.com.do\/index.php\/wp-json\/wp\/v2\/types\/post"}],"author":[{"embeddable":true,"href":"https:\/\/lasprimeras.com.do\/index.php\/wp-json\/wp\/v2\/users\/1"}],"replies":[{"embeddable":true,"href":"https:\/\/lasprimeras.com.do\/index.php\/wp-json\/wp\/v2\/comments?post=50002"}],"version-history":[{"count":0,"href":"https:\/\/lasprimeras.com.do\/index.php\/wp-json\/wp\/v2\/posts\/50002\/revisions"}],"wp:featuredmedia":[{"embeddable":true,"href":"https:\/\/lasprimeras.com.do\/index.php\/wp-json\/"}],"wp:attachment":[{"href":"https:\/\/lasprimeras.com.do\/index.php\/wp-json\/wp\/v2\/media?parent=50002"}],"wp:term":[{"taxonomy":"category","embeddable":true,"href":"https:\/\/lasprimeras.com.do\/index.php\/wp-json\/wp\/v2\/categories?post=50002"},{"taxonomy":"post_tag","embeddable":true,"href":"https:\/\/lasprimeras.com.do\/index.php\/wp-json\/wp\/v2\/tags?post=50002"}],"curies":[{"name":"wp","href":"https:\/\/api.w.org\/{rel}","templated":true}]}}