{"id":50137,"date":"2023-05-17T11:38:28","date_gmt":"2023-05-17T15:38:28","guid":{"rendered":"https:\/\/atento.com.do\/?p=50137"},"modified":"2023-05-17T11:38:28","modified_gmt":"2023-05-17T15:38:28","slug":"candido-mercedes-al-escoger-los-miembros-de-la-cc-se-debe-tomar-en-cuenta-el-perfil-profesional","status":"publish","type":"post","link":"https:\/\/lasprimeras.com.do\/index.php\/2023\/05\/17\/candido-mercedes-al-escoger-los-miembros-de-la-cc-se-debe-tomar-en-cuenta-el-perfil-profesional\/","title":{"rendered":"Candido Mercedes: &#8220;Al escoger los miembros de la CC se debe tomar en cuenta el perfil profesional&#8221;"},"content":{"rendered":"\n<p><strong>Santo Domingo.-. <\/strong>El ex coordinador general de Participaci\u00f3n Ciudadana, C\u00e1ndido Mercedes, declar\u00f3 que al momento de escoger los miembros de la C\u00e1mara de Cuenta se debe tomar en consideraci\u00f3n del perfil profesional, el aspecto \u00e9tico.<\/p>\n\n\n\n<p>El soci\u00f3logo, sostuvo que miembros de la C\u00e1mara de Cuentas no debieron ser escogidos debido a sus v\u00ednculos con personas ligadas a hechos de corrupci\u00f3n.<\/p>\n\n\n\n<p>Mercedes, cuestion\u00f3 que una de las miembros de la C\u00e1mara de Cuentas fuera seleccionada a pesar de que su esposo estuviera ligado a actos de corrupci\u00f3n.<\/p>\n\n\n\n<p>El profesor universitario llam\u00f3 la atenci\u00f3n para que quienes ocupen la C\u00e1mara de Cuentas tengan las competencias profesionales y \u00e9ticos.<\/p>\n","protected":false},"excerpt":{"rendered":"<p>Santo Domingo.-. El ex coordinador general de Participaci\u00f3n Ciudadana, C\u00e1ndido Mercedes, declar\u00f3 que al momento de escoger los miembros de la C\u00e1mara de Cuenta se debe tomar en consideraci\u00f3n del&hellip;<\/p>\n","protected":false},"author":1,"featured_media":41446,"comment_status":"open","ping_status":"open","sticky":false,"template":"","format":"standard","meta":{"content-type":"","jetpack_post_was_ever_published":false,"_jetpack_newsletter_access":"","_jetpack_dont_email_post_to_subs":false,"_jetpack_newsletter_tier_id":0,"_jetpack_memberships_contains_paywalled_content":false,"_jetpack_memberships_contains_paid_content":false,"footnotes":""},"categories":[35,25],"tags":[1750],"class_list":["post-50137","post","type-post","status-publish","format-standard","has-post-thumbnail","hentry","category-nacionales","category-portada","tag-candido-mercedes-2"],"jetpack_featured_media_url":"","jetpack-related-posts":[{"id":97600,"url":"https:\/\/lasprimeras.com.do\/index.php\/2025\/04\/23\/senado-de-la-republica-juramenta-y-posesiona-a-los-nuevos-miembros-de-la-camara-de-cuentas\/","url_meta":{"origin":50137,"position":0},"title":"Senado de la Rep\u00fablica juramenta y posesiona a los nuevos miembros de la C\u00e1mara de Cuentas","author":"Nelson Feliz","date":"23 de abril de 2025","format":false,"excerpt":"Por Adalgisa S\u00e1nchez El presidente del Senado de la Rep\u00fablica Dominicana, Ricardo de los Santos, jurament\u00f3 y posesion\u00f3 a los nuevos miembros de la C\u00e1mara de Cuentas, para el periodo 2025-2029. Durante el acto de juramentaci\u00f3n, De los Santos recomend\u00f3 realizar una buena labor apegada a la \u00e9tica, aplicando el\u2026","rel":"","context":"En \u00abNACIONALES\u00bb","block_context":{"text":"NACIONALES","link":"https:\/\/lasprimeras.com.do\/index.php\/category\/nacionales\/"},"img":{"alt_text":"","src":"https:\/\/i0.wp.com\/lasprimeras.com.do\/wp-content\/uploads\/2025\/04\/cuentas-miembros.jpg?resize=350%2C200&ssl=1","width":350,"height":200,"srcset":"https:\/\/i0.wp.com\/lasprimeras.com.do\/wp-content\/uploads\/2025\/04\/cuentas-miembros.jpg?resize=350%2C200&ssl=1 1x, https:\/\/i0.wp.com\/lasprimeras.com.do\/wp-content\/uploads\/2025\/04\/cuentas-miembros.jpg?resize=525%2C300&ssl=1 1.5x, https:\/\/i0.wp.com\/lasprimeras.com.do\/wp-content\/uploads\/2025\/04\/cuentas-miembros.jpg?resize=700%2C400&ssl=1 2x"},"classes":[]},{"id":50950,"url":"https:\/\/lasprimeras.com.do\/index.php\/2023\/05\/25\/candido-mercedes-la-jce-debe-ser-mas-estricta-en-el-reconocimiento-de-los-partidos\/","url_meta":{"origin":50137,"position":1},"title":"C\u00e1ndido Mercedes: &#8220;La JCE debe ser m\u00e1s estricta en el reconocimiento de los partidos&#8221;","author":"prenxa100","date":"25 de mayo de 2023","format":false,"excerpt":"Santo Domingo.-. El soci\u00f3logo C\u00e1ndido Mercedes, considera que la Junta Central Electoral debe ser m\u00e1s estricta en el reconocimiento de los partidos y organizaciones pol\u00edticas. El ex coordinador de Participaci\u00f3n Ciudadana, entiende que se deben establecer mecanismos de control y barreras que restrinjan la formaci\u00f3n de entidades pol\u00edticas. Mercedes, expres\u00f3\u2026","rel":"","context":"En \u00abNACIONALES\u00bb","block_context":{"text":"NACIONALES","link":"https:\/\/lasprimeras.com.do\/index.php\/category\/nacionales\/"},"img":{"alt_text":"","src":"","width":0,"height":0},"classes":[]},{"id":96089,"url":"https:\/\/lasprimeras.com.do\/index.php\/2025\/03\/24\/comision-especial-escoge-las-ternas-para-elegir-a-los-integrantes-de-la-camara-de-cuentas\/","url_meta":{"origin":50137,"position":2},"title":"Comisi\u00f3n Especial escoge las ternas para elegir a los integrantes de la C\u00e1mara de Cuentas","author":"Nelson Feliz","date":"24 de marzo de 2025","format":false,"excerpt":"La Comisi\u00f3n Permanente de C\u00e1mara de Cuentas de la C\u00e1mara de Diputados, seleccion\u00f3 este lunes a los integrantes de las cinco ternas que ser\u00e1n presentadas al pleno del organismo para la escogencia de los miembros de la C\u00e1mara de Cuentas. Aunque la comisi\u00f3n que preside el diputado Rogelio Alfonso Genao\u2026","rel":"","context":"En \u00abNACIONALES\u00bb","block_context":{"text":"NACIONALES","link":"https:\/\/lasprimeras.com.do\/index.php\/category\/nacionales\/"},"img":{"alt_text":"","src":"https:\/\/i0.wp.com\/lasprimeras.com.do\/wp-content\/uploads\/2025\/03\/camara-diputados.jpg?resize=350%2C200&ssl=1","width":350,"height":200,"srcset":"https:\/\/i0.wp.com\/lasprimeras.com.do\/wp-content\/uploads\/2025\/03\/camara-diputados.jpg?resize=350%2C200&ssl=1 1x, https:\/\/i0.wp.com\/lasprimeras.com.do\/wp-content\/uploads\/2025\/03\/camara-diputados.jpg?resize=525%2C300&ssl=1 1.5x, https:\/\/i0.wp.com\/lasprimeras.com.do\/wp-content\/uploads\/2025\/03\/camara-diputados.jpg?resize=700%2C400&ssl=1 2x"},"classes":[]},{"id":49556,"url":"https:\/\/lasprimeras.com.do\/index.php\/2023\/05\/11\/fjt-advierte-juicio-politico-a-camara-de-cuentas-en-actuales-circunstancias-seria-mas-negativo-que-positivo\/","url_meta":{"origin":50137,"position":3},"title":"FJT advierte juicio pol\u00edtico a c\u00e1mara de cuentas en actuales circunstancias ser\u00eda m\u00e1s negativo que positivo","author":"prenxa100","date":"11 de mayo de 2023","format":false,"excerpt":"Santo Domingo, RD.-La Fundaci\u00f3n Justicia y Transparencia (FJT), advirti\u00f3 al congreso dominicano, el que someter y llevar a cabo un juicio pol\u00edtico de destituci\u00f3n, en contra del pleno de la c\u00e1mara de cuentas de la Rep\u00fablica Dominicana, en las actuales circunstancias, m\u00e1s negativo que positivo y un escollo, para la\u2026","rel":"","context":"En \u00abNACIONALES\u00bb","block_context":{"text":"NACIONALES","link":"https:\/\/lasprimeras.com.do\/index.php\/category\/nacionales\/"},"img":{"alt_text":"","src":"","width":0,"height":0},"classes":[]},{"id":97547,"url":"https:\/\/lasprimeras.com.do\/index.php\/2025\/04\/22\/senado-de-la-republica-escoge-nuevos-miembros-de-la-camara-de-cuentas-para-el-periodo-2025-2029\/","url_meta":{"origin":50137,"position":4},"title":"Senado de la Rep\u00fablica escoge nuevos miembros de la C\u00e1mara de Cuentas para el periodo 2025-2029","author":"Nelson Feliz","date":"22 de abril de 2025","format":false,"excerpt":"El Senado de la Rep\u00fablica escogi\u00f3 este martes los nuevos integrantes de la C\u00e1mara de Cuentas de la Rep\u00fablica Dominicana y dej\u00f3 conformado el bufete directivo de ese \u00f3rgano, que ser\u00e1 presidido por Emma Polanco Melo de Mercedes, presidente; Francisco Tam\u00e1rez Florentino, vicepresidente; as\u00ed como los miembros Francisco Alberto Franco\u2026","rel":"","context":"En \u00abNACIONALES\u00bb","block_context":{"text":"NACIONALES","link":"https:\/\/lasprimeras.com.do\/index.php\/category\/nacionales\/"},"img":{"alt_text":"","src":"https:\/\/i0.wp.com\/lasprimeras.com.do\/wp-content\/uploads\/2025\/04\/senado.jpeg?resize=350%2C200&ssl=1","width":350,"height":200,"srcset":"https:\/\/i0.wp.com\/lasprimeras.com.do\/wp-content\/uploads\/2025\/04\/senado.jpeg?resize=350%2C200&ssl=1 1x, https:\/\/i0.wp.com\/lasprimeras.com.do\/wp-content\/uploads\/2025\/04\/senado.jpeg?resize=525%2C300&ssl=1 1.5x, https:\/\/i0.wp.com\/lasprimeras.com.do\/wp-content\/uploads\/2025\/04\/senado.jpeg?resize=700%2C400&ssl=1 2x"},"classes":[]},{"id":96275,"url":"https:\/\/lasprimeras.com.do\/index.php\/2025\/03\/28\/senado-anuncia-para-el-proximo-lunes-seleccion-de-miembros-de-la-camara-de-cuentas\/","url_meta":{"origin":50137,"position":5},"title":"Senado anuncia para el pr\u00f3ximo lunes selecci\u00f3n de miembros de la C\u00e1mara de Cuentas","author":"Nelson Feliz","date":"28 de marzo de 2025","format":false,"excerpt":"La Comisi\u00f3n especial del Senado que estudia las ternas conformadas para la elecci\u00f3n de los nuevos miembros de la C\u00e1mara de Cuentas durante el per\u00edodo 2024-2028 estableci\u00f3 este viernes la metodolog\u00eda de trabajo. El presidente de la comisi\u00f3n, Andr\u00e9s Guillermo Lama, decidi\u00f3 convocar a los aspirantes a partir del pr\u00f3ximo\u2026","rel":"","context":"En \u00abPOLITICA\u00bb","block_context":{"text":"POLITICA","link":"https:\/\/lasprimeras.com.do\/index.php\/category\/politica\/"},"img":{"alt_text":"","src":"https:\/\/i0.wp.com\/lasprimeras.com.do\/wp-content\/uploads\/2025\/03\/senado-2.jpg?resize=350%2C200&ssl=1","width":350,"height":200,"srcset":"https:\/\/i0.wp.com\/lasprimeras.com.do\/wp-content\/uploads\/2025\/03\/senado-2.jpg?resize=350%2C200&ssl=1 1x, https:\/\/i0.wp.com\/lasprimeras.com.do\/wp-content\/uploads\/2025\/03\/senado-2.jpg?resize=525%2C300&ssl=1 1.5x, https:\/\/i0.wp.com\/lasprimeras.com.do\/wp-content\/uploads\/2025\/03\/senado-2.jpg?resize=700%2C400&ssl=1 2x"},"classes":[]}],"jetpack_sharing_enabled":true,"_links":{"self":[{"href":"https:\/\/lasprimeras.com.do\/index.php\/wp-json\/wp\/v2\/posts\/50137","targetHints":{"allow":["GET"]}}],"collection":[{"href":"https:\/\/lasprimeras.com.do\/index.php\/wp-json\/wp\/v2\/posts"}],"about":[{"href":"https:\/\/lasprimeras.com.do\/index.php\/wp-json\/wp\/v2\/types\/post"}],"author":[{"embeddable":true,"href":"https:\/\/lasprimeras.com.do\/index.php\/wp-json\/wp\/v2\/users\/1"}],"replies":[{"embeddable":true,"href":"https:\/\/lasprimeras.com.do\/index.php\/wp-json\/wp\/v2\/comments?post=50137"}],"version-history":[{"count":0,"href":"https:\/\/lasprimeras.com.do\/index.php\/wp-json\/wp\/v2\/posts\/50137\/revisions"}],"wp:featuredmedia":[{"embeddable":true,"href":"https:\/\/lasprimeras.com.do\/index.php\/wp-json\/"}],"wp:attachment":[{"href":"https:\/\/lasprimeras.com.do\/index.php\/wp-json\/wp\/v2\/media?parent=50137"}],"wp:term":[{"taxonomy":"category","embeddable":true,"href":"https:\/\/lasprimeras.com.do\/index.php\/wp-json\/wp\/v2\/categories?post=50137"},{"taxonomy":"post_tag","embeddable":true,"href":"https:\/\/lasprimeras.com.do\/index.php\/wp-json\/wp\/v2\/tags?post=50137"}],"curies":[{"name":"wp","href":"https:\/\/api.w.org\/{rel}","templated":true}]}}