{"id":50159,"date":"2023-05-17T13:05:08","date_gmt":"2023-05-17T17:05:08","guid":{"rendered":"https:\/\/atento.com.do\/?p=50159"},"modified":"2023-05-17T13:05:08","modified_gmt":"2023-05-17T17:05:08","slug":"gobierno-entrega-rd-148-mm-para-la-construccion-de-nuevos-niveles-en-edificios-de-la-uasd","status":"publish","type":"post","link":"https:\/\/lasprimeras.com.do\/index.php\/2023\/05\/17\/gobierno-entrega-rd-148-mm-para-la-construccion-de-nuevos-niveles-en-edificios-de-la-uasd\/","title":{"rendered":"Gobierno entrega RD 148 MM para la construcci\u00f3n de nuevos niveles en edificios de la UASD"},"content":{"rendered":"\n<p>Se trabajar\u00e1 el tercer y cuarto nivel de los edificios Juan Isidro Jim\u00e9nez y M\u00e1ximo Avil\u00e9s Blanda ubicados en la sede universitaria.<\/p>\n\n\n\n<p>Por Wilson P\u00e9rez<\/p>\n\n\n\n<p><strong>SANTO DOMINGO, RD.- <\/strong>Dando continuidad a la firme decisi\u00f3n del gobierno del presidente Luis Abinader en dar apoyo a la educaci\u00f3n superior, el Ministro Administrativo de la Presidencia, Jos\u00e9 Ignacio Paliza entreg\u00f3 este mi\u00e9rcoles a la Universidad Aut\u00f3noma de Santo Domingo (UASD) aportes por RD 148,374,005.19 millones para la construcci\u00f3n de nuevos niveles en edificios para aulas y laboratorios.<\/p>\n\n\n\n<p>La inversi\u00f3n se realizar\u00e1 en los edificios Juan Isidro Jim\u00e9nez y M\u00e1ximo Avil\u00e9s Blanda ubicados en la sede universitaria, donde se construir\u00e1n dos nuevos niveles para impartir docencia de grado y postgrado, cursos extraordinarios de idiomas y laboratorios con fines tecnol\u00f3gicos.<\/p>\n\n\n\n<p>Paliza dijo que es un compromiso de esta gesti\u00f3n de gobierno facilitar los espacios donde nuestros ciudadanos y ciudadanas construyan su futuro, incrementando los conocimientos acad\u00e9micos y siendo m\u00e1s competitivos en el mercado laboral.<\/p>\n\n\n\n<p>\u201cUn ejemplo son las inversiones que el presidente Luis Abinader impulsa con la construcci\u00f3n de nuevas extensiones de la UASD en localidades como Azua, Cotu\u00ed, Ban\u00ed, Hato Mayor y otras, estructuras que beneficiar\u00e1n a miles de estudiantes que ya no tendr\u00e1n que ir de una provincia a otra para estudiar\u201d, cit\u00f3 Paliza.<\/p>\n\n\n\n<p>Al valorar dichos aportes, el rector de la UASD, doctor Editrudis Beltr\u00e1n dijo constituye una muestra que desde el Estado se est\u00e1 consciente de la importancia de esta Academia para la movilidad social de la Rep\u00fablica Dominicana.<\/p>\n\n\n\n<p>\u201cLa UASD se transforma y esto es gracias al apoyo sin precedentes por parte del presidente Luis Abinader\u201d, agrego.<\/p>\n\n\n\n<p>Asimismo, expres\u00f3 que la academia se encuentra en su mejor momento, pero como todo proceso de transformaci\u00f3n requiere del esfuerzo y el compromiso de cada uno de los actores que hacen posible que la universidad del pueblo dominicano abra sus puertas semestre tras semestre.<\/p>\n\n\n\n<p>La actividad, realizada en la explanada del edificio M\u00e1ximo Avil\u00e9s Blonda cont\u00f3 con la presencia de la vicerrectora Rosal\u00eda Sosa, los viceministros Igor Rodr\u00edguez Dur\u00e1n y Scarlet Bensan, adem\u00e1s de los miembros del honorable Consejo Universitario, vicerrectores, secretario y vicesecretario general, decanos y representantes estudiantiles.<\/p>\n","protected":false},"excerpt":{"rendered":"<p>Se trabajar\u00e1 el tercer y cuarto nivel de los edificios Juan Isidro Jim\u00e9nez y M\u00e1ximo Avil\u00e9s Blanda ubicados en la sede universitaria. Por Wilson P\u00e9rez SANTO DOMINGO, RD.- Dando continuidad&hellip;<\/p>\n","protected":false},"author":1,"featured_media":50160,"comment_status":"open","ping_status":"open","sticky":false,"template":"","format":"standard","meta":{"content-type":"","jetpack_post_was_ever_published":false,"_jetpack_newsletter_access":"","_jetpack_dont_email_post_to_subs":false,"_jetpack_newsletter_tier_id":0,"_jetpack_memberships_contains_paywalled_content":false,"_jetpack_memberships_contains_paid_content":false,"footnotes":""},"categories":[39],"tags":[970,1763,171,1764,127,1765],"class_list":["post-50159","post","type-post","status-publish","format-standard","has-post-thumbnail","hentry","category-economia","tag-construccion","tag-edificios","tag-gobierno","tag-nuevos-niveles","tag-rd","tag-uasd"],"jetpack_featured_media_url":"","jetpack-related-posts":[{"id":82435,"url":"https:\/\/lasprimeras.com.do\/index.php\/2024\/05\/02\/abinader-instruye-construccion-de-centro-uasd-en-santo-domingo-este\/","url_meta":{"origin":50159,"position":0},"title":"Abinader instruye construcci\u00f3n de Centro UASD en Santo Domingo Este","author":"Nelson Feliz","date":"2 de mayo de 2024","format":false,"excerpt":"El MIVED ya abri\u00f3 el proceso de licitaci\u00f3n para la realizaci\u00f3n de esta obra que descongestionar\u00e1 el sistema universitario de Santo Domingo, aportar\u00e1 mayores oportunidades para el aprendizaje y la especializaci\u00f3n para los estudiantes de este municipio El presidente Luis Abinader instruy\u00f3 la construcci\u00f3n de una nueva extensi\u00f3n de la\u2026","rel":"","context":"En \u00abECONOM\u00cdA\u00bb","block_context":{"text":"ECONOM\u00cdA","link":"https:\/\/lasprimeras.com.do\/index.php\/category\/economia\/"},"img":{"alt_text":"Joel Santos","src":"https:\/\/i0.wp.com\/lasprimeras.com.do\/wp-content\/uploads\/2024\/05\/Joel-Santos-1.jpg?resize=350%2C200&ssl=1","width":350,"height":200,"srcset":"https:\/\/i0.wp.com\/lasprimeras.com.do\/wp-content\/uploads\/2024\/05\/Joel-Santos-1.jpg?resize=350%2C200&ssl=1 1x, https:\/\/i0.wp.com\/lasprimeras.com.do\/wp-content\/uploads\/2024\/05\/Joel-Santos-1.jpg?resize=525%2C300&ssl=1 1.5x, https:\/\/i0.wp.com\/lasprimeras.com.do\/wp-content\/uploads\/2024\/05\/Joel-Santos-1.jpg?resize=700%2C400&ssl=1 2x"},"classes":[]},{"id":119867,"url":"https:\/\/lasprimeras.com.do\/index.php\/2026\/01\/18\/ramon-lopez-la-inauguracion-uasd-neiba-un-hito-para-la-educacion-en-bahoruco\/","url_meta":{"origin":50159,"position":1},"title":"Ram\u00f3n L\u00f3pez la inauguraci\u00f3n UASD Neiba: Un hito para la Educaci\u00f3n en Bahoruco","author":"Nelson Feliz","date":"18 de enero de 2026","format":false,"excerpt":"Ram\u00f3n L\u00f3pez","rel":"","context":"En \u00abNACIONALES\u00bb","block_context":{"text":"NACIONALES","link":"https:\/\/lasprimeras.com.do\/index.php\/category\/nacionales\/"},"img":{"alt_text":"Ram\u00f3n L\u00f3pez","src":"https:\/\/i0.wp.com\/lasprimeras.com.do\/wp-content\/uploads\/2026\/01\/Ramon-Lopez.jpg?resize=350%2C200&ssl=1","width":350,"height":200,"srcset":"https:\/\/i0.wp.com\/lasprimeras.com.do\/wp-content\/uploads\/2026\/01\/Ramon-Lopez.jpg?resize=350%2C200&ssl=1 1x, https:\/\/i0.wp.com\/lasprimeras.com.do\/wp-content\/uploads\/2026\/01\/Ramon-Lopez.jpg?resize=525%2C300&ssl=1 1.5x, https:\/\/i0.wp.com\/lasprimeras.com.do\/wp-content\/uploads\/2026\/01\/Ramon-Lopez.jpg?resize=700%2C400&ssl=1 2x"},"classes":[]},{"id":112292,"url":"https:\/\/lasprimeras.com.do\/index.php\/2025\/10\/20\/senador-ricardo-de-los-santos-inauguracion-de-centros-uasd-e-itla-en-cotui-marcan-un-hito-en-la-provincia\/","url_meta":{"origin":50159,"position":2},"title":"Senador Ricardo de los Santos: inauguraci\u00f3n de centros UASD e ITLA en Cotu\u00ed marcan un hito en la provincia","author":"Nelson Feliz","date":"20 de octubre de 2025","format":false,"excerpt":"Por Patricia Jos\u00e9 El presidente del Senado, Ricardo de los Santos, encabez\u00f3 junto al primer mandatario, Luis Abinader, y al ministro de Vivienda y Edificaciones (MIVED), Carlos Bonilla, la inauguraci\u00f3n del Centro Universitario Regional UASD-Cotu\u00ed y de una extensi\u00f3n del Instituto Tecnol\u00f3gico de las Am\u00e9ricas (ITLA) en la provincia S\u00e1nchez\u2026","rel":"","context":"En \u00abNACIONALES\u00bb","block_context":{"text":"NACIONALES","link":"https:\/\/lasprimeras.com.do\/index.php\/category\/nacionales\/"},"img":{"alt_text":"","src":"https:\/\/i0.wp.com\/lasprimeras.com.do\/wp-content\/uploads\/2025\/10\/Ricardo-de-los-Santos-2.jpg?resize=350%2C200&ssl=1","width":350,"height":200,"srcset":"https:\/\/i0.wp.com\/lasprimeras.com.do\/wp-content\/uploads\/2025\/10\/Ricardo-de-los-Santos-2.jpg?resize=350%2C200&ssl=1 1x, https:\/\/i0.wp.com\/lasprimeras.com.do\/wp-content\/uploads\/2025\/10\/Ricardo-de-los-Santos-2.jpg?resize=525%2C300&ssl=1 1.5x, https:\/\/i0.wp.com\/lasprimeras.com.do\/wp-content\/uploads\/2025\/10\/Ricardo-de-los-Santos-2.jpg?resize=700%2C400&ssl=1 2x"},"classes":[]},{"id":108317,"url":"https:\/\/lasprimeras.com.do\/index.php\/2025\/09\/04\/provincia-santo-domingo-se-llevo-el-pastel-mas-grande-en-descentralizacion-de-la-inversion-publica\/","url_meta":{"origin":50159,"position":3},"title":"Provincia Santo Domingo se llev\u00f3 el pastel m\u00e1s grande en descentralizaci\u00f3n de la inversi\u00f3n p\u00fablica","author":"Nelson Feliz","date":"4 de septiembre de 2025","format":false,"excerpt":"Correspondiente con su peso econ\u00f3mico, poblacional y electoral, la provincia de Santo Domingo se llev\u00f3 la mayor cantidad de obras principales durante los 5 a\u00f1os de gobierno del presidente Luis Abinader, con un total de 315 obras de alto impacto terminadas y en desarrollo. La primera es la L\u00ednea 2C\u2026","rel":"","context":"En \u00abECONOM\u00cdA\u00bb","block_context":{"text":"ECONOM\u00cdA","link":"https:\/\/lasprimeras.com.do\/index.php\/category\/economia\/"},"img":{"alt_text":"","src":"https:\/\/i0.wp.com\/lasprimeras.com.do\/wp-content\/uploads\/2025\/09\/obras-1.jpg?resize=350%2C200&ssl=1","width":350,"height":200,"srcset":"https:\/\/i0.wp.com\/lasprimeras.com.do\/wp-content\/uploads\/2025\/09\/obras-1.jpg?resize=350%2C200&ssl=1 1x, https:\/\/i0.wp.com\/lasprimeras.com.do\/wp-content\/uploads\/2025\/09\/obras-1.jpg?resize=525%2C300&ssl=1 1.5x, https:\/\/i0.wp.com\/lasprimeras.com.do\/wp-content\/uploads\/2025\/09\/obras-1.jpg?resize=700%2C400&ssl=1 2x"},"classes":[]},{"id":112201,"url":"https:\/\/lasprimeras.com.do\/index.php\/2025\/10\/19\/abinader-inaugura-centro-universitario-regional-uasd-cotui-con-29-aulas\/","url_meta":{"origin":50159,"position":4},"title":"Abinader inaugura Centro Universitario Regional UASD-Cotu\u00ed con 29 aulas","author":"Nelson Feliz","date":"19 de octubre de 2025","format":false,"excerpt":"El presidente Luis Abinader inaugur\u00f3 a trav\u00e9s del Ministerio de la Vivienda y Edificaciones (MIVED), el Centro Universitario Regional UASD-Cotu\u00ed, la primera extensi\u00f3n de la Universidad Aut\u00f3noma de Santo Domingo (UASD) en la provincia S\u00e1nchez Ram\u00edrez, la cual cuenta con 29 aulas y beneficiar\u00e1 a miles de j\u00f3venes de la\u2026","rel":"","context":"En \u00abNACIONALES\u00bb","block_context":{"text":"NACIONALES","link":"https:\/\/lasprimeras.com.do\/index.php\/category\/nacionales\/"},"img":{"alt_text":"","src":"https:\/\/i0.wp.com\/lasprimeras.com.do\/wp-content\/uploads\/2025\/10\/uasd-cptuy.jpg?resize=350%2C200&ssl=1","width":350,"height":200,"srcset":"https:\/\/i0.wp.com\/lasprimeras.com.do\/wp-content\/uploads\/2025\/10\/uasd-cptuy.jpg?resize=350%2C200&ssl=1 1x, https:\/\/i0.wp.com\/lasprimeras.com.do\/wp-content\/uploads\/2025\/10\/uasd-cptuy.jpg?resize=525%2C300&ssl=1 1.5x, https:\/\/i0.wp.com\/lasprimeras.com.do\/wp-content\/uploads\/2025\/10\/uasd-cptuy.jpg?resize=700%2C400&ssl=1 2x"},"classes":[]},{"id":123276,"url":"https:\/\/lasprimeras.com.do\/index.php\/2026\/02\/27\/abinader-presenta-inversion-historica-y-mayor-descentralizacion-de-obras-publicas-en-la-rendicion-de-cuentas\/","url_meta":{"origin":50159,"position":5},"title":"Abinader presenta inversi\u00f3n hist\u00f3rica y mayor descentralizaci\u00f3n de obras p\u00fablicas en la Rendici\u00f3n de Cuentas","author":"Nelson Feliz","date":"27 de febrero de 2026","format":false,"excerpt":"Con RD$47,290 millones ejecutados en 2025 y m\u00e1s de mil obras en todo el territorio, Gobierno impulsa la transformaci\u00f3n estructural del pa\u00eds, llevando inversi\u00f3n r\u00e9cord a cada provincia y convirtiendo a Pedernales en el mayor polo de desarrollo fuera de Santo Domingo. El presidente Luis Abinader afirm\u00f3 que la Rep\u00fablica\u2026","rel":"","context":"En \u00abECONOM\u00cdA\u00bb","block_context":{"text":"ECONOM\u00cdA","link":"https:\/\/lasprimeras.com.do\/index.php\/category\/economia\/"},"img":{"alt_text":"Rendici\u00f3n de Cuentas","src":"https:\/\/i0.wp.com\/lasprimeras.com.do\/wp-content\/uploads\/2026\/02\/Rendicion-de-Cuentas.jpg?resize=350%2C200&ssl=1","width":350,"height":200,"srcset":"https:\/\/i0.wp.com\/lasprimeras.com.do\/wp-content\/uploads\/2026\/02\/Rendicion-de-Cuentas.jpg?resize=350%2C200&ssl=1 1x, https:\/\/i0.wp.com\/lasprimeras.com.do\/wp-content\/uploads\/2026\/02\/Rendicion-de-Cuentas.jpg?resize=525%2C300&ssl=1 1.5x, https:\/\/i0.wp.com\/lasprimeras.com.do\/wp-content\/uploads\/2026\/02\/Rendicion-de-Cuentas.jpg?resize=700%2C400&ssl=1 2x"},"classes":[]}],"jetpack_sharing_enabled":true,"_links":{"self":[{"href":"https:\/\/lasprimeras.com.do\/index.php\/wp-json\/wp\/v2\/posts\/50159","targetHints":{"allow":["GET"]}}],"collection":[{"href":"https:\/\/lasprimeras.com.do\/index.php\/wp-json\/wp\/v2\/posts"}],"about":[{"href":"https:\/\/lasprimeras.com.do\/index.php\/wp-json\/wp\/v2\/types\/post"}],"author":[{"embeddable":true,"href":"https:\/\/lasprimeras.com.do\/index.php\/wp-json\/wp\/v2\/users\/1"}],"replies":[{"embeddable":true,"href":"https:\/\/lasprimeras.com.do\/index.php\/wp-json\/wp\/v2\/comments?post=50159"}],"version-history":[{"count":0,"href":"https:\/\/lasprimeras.com.do\/index.php\/wp-json\/wp\/v2\/posts\/50159\/revisions"}],"wp:featuredmedia":[{"embeddable":true,"href":"https:\/\/lasprimeras.com.do\/index.php\/wp-json\/"}],"wp:attachment":[{"href":"https:\/\/lasprimeras.com.do\/index.php\/wp-json\/wp\/v2\/media?parent=50159"}],"wp:term":[{"taxonomy":"category","embeddable":true,"href":"https:\/\/lasprimeras.com.do\/index.php\/wp-json\/wp\/v2\/categories?post=50159"},{"taxonomy":"post_tag","embeddable":true,"href":"https:\/\/lasprimeras.com.do\/index.php\/wp-json\/wp\/v2\/tags?post=50159"}],"curies":[{"name":"wp","href":"https:\/\/api.w.org\/{rel}","templated":true}]}}