{"id":50162,"date":"2023-05-17T13:24:18","date_gmt":"2023-05-17T17:24:18","guid":{"rendered":"https:\/\/atento.com.do\/?p=50162"},"modified":"2023-05-17T13:24:18","modified_gmt":"2023-05-17T17:24:18","slug":"corte-ordena-reintegro-de-labores-al-sindicato-que-mantiene-huelga-en-cormidom","status":"publish","type":"post","link":"https:\/\/lasprimeras.com.do\/index.php\/2023\/05\/17\/corte-ordena-reintegro-de-labores-al-sindicato-que-mantiene-huelga-en-cormidom\/","title":{"rendered":"Corte ordena reintegro de labores al sindicato que mantiene huelga en CORMIDOM"},"content":{"rendered":"\n<p>SANTO DOMINGO.- La Corte de Trabajo del Departamento Judicial de la provincia de La Vega orden\u00f3 el reintegro a las labores del Sindicato de Trabajadores de la Mina Cerro de Maim\u00f3n (Sitracema) que mantiene una huelga contra la Corporaci\u00f3n Minera Dominicana (CORMIDOM).<\/p>\n\n\n\n<p>La decisi\u00f3n del tribunal laboral fue tomada por el juez presidente, Miguel Mijig\u00f3n, acogiendo la solicitud de la empresa, ya que \u201cesta situaci\u00f3n pone en riesgo la permanencia de las operaciones mineras en la zona y est\u00e1 impidiendo de forma directa las operaciones de CORMIDOM, lo que pone en riesgo y peligro el trabajo de aproximadamente 700 trabajadores\u201d.<\/p>\n\n\n\n<p>La empresa CORMIDOM est\u00e1 representada en este caso por los juristas Yipssy Roa, Juan Moreno Gautreau y Mart\u00edn Valerio de la oficina Valerio Jimini\u00e1n.<\/p>\n\n\n\n<p>Se recuerda que, debido a las consecuencias de este conflicto, CORMIDOM anunci\u00f3 la suspensi\u00f3n de sus operaciones productivas y entraba en un proceso solamente de mantenimiento.<\/p>\n\n\n\n<p>\u201cA ra\u00edz de la situaci\u00f3n extrema y de fuerza mayor en la cual se encuentra la empresa, y a los fines de salvaguardar la integridad de sus empleados y de las operaciones futuras, los accionistas de la Corporaci\u00f3n Minera Dominicana (CORMIDOM), que opera la mina Cerro de Maim\u00f3n, han tomado la dif\u00edcil decisi\u00f3n de suspender oficialmente las operaciones productivas de la mina y entrar en un proceso solamente de mantenimiento\u201d, informaron.<\/p>\n\n\n\n<p>El anuncio fue dado a conocer por Paul Marinko, presidente de CORMIDOM, quien indic\u00f3 que, para tales fines, ya han iniciado todos los debidos procesos ante las autoridades competentes.<\/p>\n\n\n\n<p>\u201cCon relaci\u00f3n a la situaci\u00f3n presentada con el Sindicato de Trabajadores de la Mina Cerro de Maim\u00f3n (Sitracema), CORMIDOM sigue apostando a la soluci\u00f3n r\u00e1pida por medio del di\u00e1logo y el respeto mutuo, a la vez que confiamos en la mediaci\u00f3n de las autoridades del Ministerio de Trabajo. Y reafirmamos nuestro compromiso con el pueblo de Maim\u00f3n y las comunidades aleda\u00f1as\u201d, manifest\u00f3.<\/p>\n","protected":false},"excerpt":{"rendered":"<p>SANTO DOMINGO.- La Corte de Trabajo del Departamento Judicial de la provincia de La Vega orden\u00f3 el reintegro a las labores del Sindicato de Trabajadores de la Mina Cerro de&hellip;<\/p>\n","protected":false},"author":1,"featured_media":50164,"comment_status":"open","ping_status":"open","sticky":false,"template":"","format":"standard","meta":{"content-type":"","jetpack_post_was_ever_published":false,"_jetpack_newsletter_access":"","_jetpack_dont_email_post_to_subs":false,"_jetpack_newsletter_tier_id":0,"_jetpack_memberships_contains_paywalled_content":false,"_jetpack_memberships_contains_paid_content":false,"footnotes":""},"categories":[39,25],"tags":[1219,1766,1132,721,1767,1768],"class_list":["post-50162","post","type-post","status-publish","format-standard","has-post-thumbnail","hentry","category-economia","category-portada","tag-cormidom","tag-corte-de-trabajo","tag-huelga","tag-labores","tag-reintegro","tag-sindicato"],"jetpack_featured_media_url":"","jetpack-related-posts":[{"id":50649,"url":"https:\/\/lasprimeras.com.do\/index.php\/2023\/05\/22\/cormidom-aboga-porque-prime-respeto-a-las-leyes-y-seguridad-juridica\/","url_meta":{"origin":50162,"position":0},"title":"CORMIDOM aboga porque prime respeto a las leyes y seguridad jur\u00eddica","author":"prenxa100","date":"22 de mayo de 2023","format":false,"excerpt":"La corte conoci\u00f3 el fondo y se reserv\u00f3 el fallo para darlo a conocer en un plazo de cinco d\u00edas. LA VEGA.-\u00a0La empresa Corporaci\u00f3n Minera Dominicana (CORMIDOM) abog\u00f3 \u00a0por que en Rep\u00fablica Dominicana se mantenga el respeto a las leyes y la seguridad jur\u00eddica. El representante legal de CORMIDOM, Miguel\u2026","rel":"","context":"En \u00abNACIONALES\u00bb","block_context":{"text":"NACIONALES","link":"https:\/\/lasprimeras.com.do\/index.php\/category\/nacionales\/"},"img":{"alt_text":"","src":"","width":0,"height":0},"classes":[]},{"id":49550,"url":"https:\/\/lasprimeras.com.do\/index.php\/2023\/05\/11\/camipe-respalda-a-cormidom-llama-al-dialogo-a-sitracema-para-reanudar-operaciones\/","url_meta":{"origin":50162,"position":1},"title":"CAMIPE respalda a CORMIDOM; llama al di\u00e1logo a Sitracema para reanudar operaciones","author":"prenxa100","date":"11 de mayo de 2023","format":false,"excerpt":"Santo Domingo, RD. - La C\u00e1mara Minera Petrolera de la Rep\u00fablica Dominicana (CAMIPE) expresa su preocupaci\u00f3n por la situaci\u00f3n que afecta a la Corporaci\u00f3n Minera Dominicana (CORMIDOM), cuyas operaciones est\u00e1n detenidas desde hace cinco d\u00edas debido a una huelga del Sindicato de Trabajadores de la Mina Cerro de Maim\u00f3n (Sitracema).\u2026","rel":"","context":"En \u00abECONOM\u00cdA\u00bb","block_context":{"text":"ECONOM\u00cdA","link":"https:\/\/lasprimeras.com.do\/index.php\/category\/economia\/"},"img":{"alt_text":"","src":"","width":0,"height":0},"classes":[]},{"id":50027,"url":"https:\/\/lasprimeras.com.do\/index.php\/2023\/05\/16\/preocupa-mesa-paises-mancomunidad-situacion-afecta-cormidom\/","url_meta":{"origin":50162,"position":2},"title":"Preocupa Mesa Pa\u00edses Mancomunidad situaci\u00f3n afecta CORMIDOM","author":"prenxa100","date":"16 de mayo de 2023","format":false,"excerpt":"Gonz\u00e1lez Nicol\u00e1s propone se reanuden las operaciones de esa empresa la cual pertenece al importante sector minero, el cual es base de la econom\u00eda nacional y que representa el 40% de las exportaciones. Santo Domingo, RD.-\u00a0El presidente de la Mesa Redonda de los Pa\u00edses de la Mancomunidad en la Rep\u00fablica\u2026","rel":"","context":"En \u00abNACIONALES\u00bb","block_context":{"text":"NACIONALES","link":"https:\/\/lasprimeras.com.do\/index.php\/category\/nacionales\/"},"img":{"alt_text":"","src":"","width":0,"height":0},"classes":[]},{"id":51398,"url":"https:\/\/lasprimeras.com.do\/index.php\/2023\/05\/30\/cormidom-reitera-respeto-a-las-leyes-de-rd-ante-fallo-del-tribunal-laboral\/","url_meta":{"origin":50162,"position":3},"title":"CORMIDOM reitera respeto a las leyes de RD ante fallo del Tribunal Laboral","author":"prenxa100","date":"30 de mayo de 2023","format":false,"excerpt":"SANTO DOMINGO: La empresa Corporaci\u00f3n Minera Dominicana (CORMIDOM) inform\u00f3 que respeta las leyes de la Rep\u00fablica Dominicana y acata la decisi\u00f3n tomada por la Corte de Trabajo del Departamento Judicial de La Vega, que ordena el desafuero del secretario general del Sindicato de Trabajadores de la Mina Cerro de Maim\u00f3n\u2026","rel":"","context":"En \u00abECONOM\u00cdA\u00bb","block_context":{"text":"ECONOM\u00cdA","link":"https:\/\/lasprimeras.com.do\/index.php\/category\/economia\/"},"img":{"alt_text":"","src":"","width":0,"height":0},"classes":[]},{"id":50430,"url":"https:\/\/lasprimeras.com.do\/index.php\/2023\/05\/20\/fp-llama-a-reactivar-labores-de-cormidom-pero-con-libertad-sindical-y-cumpliendo-la-ley\/","url_meta":{"origin":50162,"position":4},"title":"FP llama a reactivar labores de CORMIDOM, pero con libertad sindical y cumpliendo la ley","author":"prenxa100","date":"20 de mayo de 2023","format":false,"excerpt":"Recomienda a la empresa desistir de intenciones de despedir a dirigentes del sindicato Santo Domingo. - Ante el conflicto laboral surgido en el municipio de Maim\u00f3n, provincia Monse\u00f1or Nouel, entre la Corporaci\u00f3n Minera Dominicana (CORMIDOM) y el sindicato de trabajadores de esa empresa, el partido Fuerza del Pueblo llam\u00f3 a\u2026","rel":"","context":"En \u00abSin categor\u00eda\u00bb","block_context":{"text":"Sin categor\u00eda","link":"https:\/\/lasprimeras.com.do\/index.php\/category\/sin-categoria\/"},"img":{"alt_text":"","src":"","width":0,"height":0},"classes":[]},{"id":49859,"url":"https:\/\/lasprimeras.com.do\/index.php\/2023\/05\/15\/cormidom-suspende-sus-operaciones-productivas\/","url_meta":{"origin":50162,"position":5},"title":"CORMIDOM suspende sus operaciones productivas","author":"prenxa100","date":"15 de mayo de 2023","format":false,"excerpt":"El Presidente de la empresa dijo que sigue apostando a la soluci\u00f3n r\u00e1pida de esta situaci\u00f3n por medio del di\u00e1logo y el respeto mutuo con el sindicato y reafirma su compromiso con el pueblo de Maim\u00f3n. SANTO DOMINGO. - A ra\u00edz de la situaci\u00f3n extrema y de fuerza mayor en\u2026","rel":"","context":"En \u00abECONOM\u00cdA\u00bb","block_context":{"text":"ECONOM\u00cdA","link":"https:\/\/lasprimeras.com.do\/index.php\/category\/economia\/"},"img":{"alt_text":"","src":"","width":0,"height":0},"classes":[]}],"jetpack_sharing_enabled":true,"_links":{"self":[{"href":"https:\/\/lasprimeras.com.do\/index.php\/wp-json\/wp\/v2\/posts\/50162","targetHints":{"allow":["GET"]}}],"collection":[{"href":"https:\/\/lasprimeras.com.do\/index.php\/wp-json\/wp\/v2\/posts"}],"about":[{"href":"https:\/\/lasprimeras.com.do\/index.php\/wp-json\/wp\/v2\/types\/post"}],"author":[{"embeddable":true,"href":"https:\/\/lasprimeras.com.do\/index.php\/wp-json\/wp\/v2\/users\/1"}],"replies":[{"embeddable":true,"href":"https:\/\/lasprimeras.com.do\/index.php\/wp-json\/wp\/v2\/comments?post=50162"}],"version-history":[{"count":0,"href":"https:\/\/lasprimeras.com.do\/index.php\/wp-json\/wp\/v2\/posts\/50162\/revisions"}],"wp:featuredmedia":[{"embeddable":true,"href":"https:\/\/lasprimeras.com.do\/index.php\/wp-json\/"}],"wp:attachment":[{"href":"https:\/\/lasprimeras.com.do\/index.php\/wp-json\/wp\/v2\/media?parent=50162"}],"wp:term":[{"taxonomy":"category","embeddable":true,"href":"https:\/\/lasprimeras.com.do\/index.php\/wp-json\/wp\/v2\/categories?post=50162"},{"taxonomy":"post_tag","embeddable":true,"href":"https:\/\/lasprimeras.com.do\/index.php\/wp-json\/wp\/v2\/tags?post=50162"}],"curies":[{"name":"wp","href":"https:\/\/api.w.org\/{rel}","templated":true}]}}