{"id":50326,"date":"2023-05-19T06:25:31","date_gmt":"2023-05-19T10:25:31","guid":{"rendered":"https:\/\/atento.com.do\/?p=50326"},"modified":"2023-05-19T06:25:31","modified_gmt":"2023-05-19T10:25:31","slug":"google-eliminara-cuentas-no-utilizadas-en-dos-anos","status":"publish","type":"post","link":"https:\/\/lasprimeras.com.do\/index.php\/2023\/05\/19\/google-eliminara-cuentas-no-utilizadas-en-dos-anos\/","title":{"rendered":"Google eliminar\u00e1 cuentas no utilizadas en dos a\u00f1os"},"content":{"rendered":"\n<p><strong>El gigante tecnol\u00f3gico Google ha alert\u00f3 que todas las cuentas que no se han utilizado en un periodo de dos a\u00f1os ser\u00e1n eliminadas a partir del 1 de diciembre del 2023.<\/strong><\/p>\n\n\n\n<p>\u201cSi una cuenta de Google no se ha utilizado o no ha iniciado sesi\u00f3n en un periodo de dos a\u00f1os, podemos eliminar la cuenta y su contenido, incluido el material en Google Workspace (Gmail, Docs, Drive, Meet, Calendar), YouTube y Fotos de Google\u201d, reza un comunicado de la compa\u00f1\u00eda, en el que se precisa que la nueva pol\u00edtica se llevar\u00e1 a cabo en etapas y los usuarios ser\u00e1n notificados con antelaci\u00f3n por correo electr\u00f3nico a la cuenta de Google y al correo de recuperaci\u00f3n (si ha sido proporcionado).<\/p>\n\n\n\n<p>La medida, que solo se aplicar\u00e1 a las cuentas personales y no afectar\u00e1 a las cuentas de organizaciones como escuelas o empresas, se adopta con el fin reducir las amenazas de seguridad, dado que las \u201ccuentas olvidadas\u201d dependen de contrase\u00f1as antiguas o reutilizadas que podr\u00edan haber sido comprometidas.<\/p>\n\n\n\n<p>Seg\u00fan la empresa, una vez que una cuenta se ve comprometida, puede usarse para cualquier cosa, desde el robo de identidad hasta el env\u00edo de contenido no deseado, como el \u2018spam\u2019.<\/p>\n\n\n\n<p>Sin embargo, si el usuario no quiere perder su cuenta, solo necesitar\u00e1 activarla iniciando sesi\u00f3n al menos una vez cada dos a\u00f1os.<\/p>\n\n\n\n<p>La actividad puede incluir leer o enviar un correo electr\u00f3nico, usar Google Drive, ver un video de YouTube, descargar una aplicaci\u00f3n en Google Play Store, usar la funci\u00f3n de b\u00fasqueda de Google, iniciar sesi\u00f3n con Google para iniciar sesi\u00f3n en una aplicaci\u00f3n o servicio de terceros, entre otros.<\/p>\n\n\n\n<p>Fuente RT<\/p>\n","protected":false},"excerpt":{"rendered":"<p>El gigante tecnol\u00f3gico Google ha alert\u00f3 que todas las cuentas que no se han utilizado en un periodo de dos a\u00f1os ser\u00e1n eliminadas a partir del 1 de diciembre del&hellip;<\/p>\n","protected":false},"author":1,"featured_media":50327,"comment_status":"open","ping_status":"open","sticky":false,"template":"","format":"standard","meta":{"content-type":"","jetpack_post_was_ever_published":false,"_jetpack_newsletter_access":"","_jetpack_dont_email_post_to_subs":false,"_jetpack_newsletter_tier_id":0,"_jetpack_memberships_contains_paywalled_content":false,"_jetpack_memberships_contains_paid_content":false,"footnotes":""},"categories":[1],"tags":[1910,1435,1911,1912],"class_list":["post-50326","post","type-post","status-publish","format-standard","has-post-thumbnail","hentry","category-sin-categoria","tag-cuentas","tag-eliminara","tag-google","tag-no-utilizadas"],"jetpack_featured_media_url":"","jetpack-related-posts":[{"id":73061,"url":"https:\/\/lasprimeras.com.do\/index.php\/2024\/01\/05\/google-resuelve-demanda-de-privacidad-por-rastrear-personas-usando-modo-incognito\/","url_meta":{"origin":50326,"position":0},"title":"Google resuelve demanda de privacidad por rastrear personas usando &#8216;modo inc\u00f3gnito&#8217;","author":"Nelson Feliz","date":"5 de enero de 2024","format":false,"excerpt":"SAN FRANCISCO (AP) \u2014 Google acord\u00f3 resolver una demanda de privacidad de 5 mil millones de d\u00f3lares que alega que espi\u00f3 a personas que usaban el modo \u201cinc\u00f3gnito\u201d en su navegador Chrome, junto con modos \u201cprivados\u201d similares en otros navegadores, para rastrear su uso de Internet. . La demanda colectiva\u2026","rel":"","context":"En \u00abSin categor\u00eda\u00bb","block_context":{"text":"Sin categor\u00eda","link":"https:\/\/lasprimeras.com.do\/index.php\/category\/sin-categoria\/"},"img":{"alt_text":"GOOGLE","src":"https:\/\/i0.wp.com\/lasprimeras.com.do\/wp-content\/uploads\/2024\/01\/GOOGLE.jpg?resize=350%2C200&ssl=1","width":350,"height":200,"srcset":"https:\/\/i0.wp.com\/lasprimeras.com.do\/wp-content\/uploads\/2024\/01\/GOOGLE.jpg?resize=350%2C200&ssl=1 1x, https:\/\/i0.wp.com\/lasprimeras.com.do\/wp-content\/uploads\/2024\/01\/GOOGLE.jpg?resize=525%2C300&ssl=1 1.5x"},"classes":[]},{"id":112925,"url":"https:\/\/lasprimeras.com.do\/index.php\/2025\/10\/28\/atlas-el-nuevo-buscador-de-chatgpt-que-busca-disputar-el-dominio-de-google\/","url_meta":{"origin":50326,"position":1},"title":"Atlas, el nuevo buscador de ChatGPT que busca disputar el dominio de Google","author":"Nelson Feliz","date":"28 de octubre de 2025","format":false,"excerpt":"Tomado de BBC mundo OpenAI, creador de ChatGPT, ha presentado un navegador web basado en inteligencia artificial para competir con empresas como Google, que opera Chrome, el navegador m\u00e1s popular del mundo. ChatGPT Atlas elimina la barra de direcciones, una funci\u00f3n clave en las b\u00fasquedas. Su director, Sam Altman, afirm\u00f3\u2026","rel":"","context":"En \u00abTECNOL\u00d3GIA\u00bb","block_context":{"text":"TECNOL\u00d3GIA","link":"https:\/\/lasprimeras.com.do\/index.php\/category\/tecnologia\/"},"img":{"alt_text":"","src":"https:\/\/i0.wp.com\/lasprimeras.com.do\/wp-content\/uploads\/2025\/10\/Atlas.jpg?resize=350%2C200&ssl=1","width":350,"height":200,"srcset":"https:\/\/i0.wp.com\/lasprimeras.com.do\/wp-content\/uploads\/2025\/10\/Atlas.jpg?resize=350%2C200&ssl=1 1x, https:\/\/i0.wp.com\/lasprimeras.com.do\/wp-content\/uploads\/2025\/10\/Atlas.jpg?resize=525%2C300&ssl=1 1.5x, https:\/\/i0.wp.com\/lasprimeras.com.do\/wp-content\/uploads\/2025\/10\/Atlas.jpg?resize=700%2C400&ssl=1 2x"},"classes":[]},{"id":117243,"url":"https:\/\/lasprimeras.com.do\/index.php\/2025\/12\/09\/google-enfrenta-una-nueva-investigacion-antimonopolio-en-europa-por-el-contenido-que-utiliza-para-ia\/","url_meta":{"origin":50326,"position":2},"title":"Google enfrenta una nueva investigaci\u00f3n antimonopolio en Europa por el contenido que utiliza para IA","author":"Nelson Feliz","date":"9 de diciembre de 2025","format":false,"excerpt":"Por KELVIN CHAN LONDRES (AP) \u2014 Google enfrenta un nuevo escrutinio antimonopolio por parte de los reguladores de la Uni\u00f3n Europea, que abrieron el martes una investigaci\u00f3n sobre el uso que hace la compa\u00f1\u00eda de contenido en l\u00ednea para sus modelos y servicios de inteligencia artificial. La \u00faltima muestra de\u2026","rel":"","context":"En \u00abECONOM\u00cdA\u00bb","block_context":{"text":"ECONOM\u00cdA","link":"https:\/\/lasprimeras.com.do\/index.php\/category\/economia\/"},"img":{"alt_text":"Google","src":"https:\/\/i0.wp.com\/lasprimeras.com.do\/wp-content\/uploads\/2025\/12\/Google.jpg?resize=350%2C200&ssl=1","width":350,"height":200,"srcset":"https:\/\/i0.wp.com\/lasprimeras.com.do\/wp-content\/uploads\/2025\/12\/Google.jpg?resize=350%2C200&ssl=1 1x, https:\/\/i0.wp.com\/lasprimeras.com.do\/wp-content\/uploads\/2025\/12\/Google.jpg?resize=525%2C300&ssl=1 1.5x, https:\/\/i0.wp.com\/lasprimeras.com.do\/wp-content\/uploads\/2025\/12\/Google.jpg?resize=700%2C400&ssl=1 2x"},"classes":[]},{"id":112100,"url":"https:\/\/lasprimeras.com.do\/index.php\/2025\/10\/17\/el-guglear-se-va-a-acabar-google-se-rinde-a-la-ia-y-confirma-un-cambio-historico-en-su-buscador\/","url_meta":{"origin":50326,"position":3},"title":"\u00bfEl \u2018guglear\u2019 se va a acabar? Google se rinde a la IA y confirma un cambio hist\u00f3rico en su buscador","author":"Nelson Feliz","date":"17 de octubre de 2025","format":false,"excerpt":"La compa\u00f1\u00eda activa el ModoIA en su ic\u00f3nica p\u00e1gina blanca, uno de los espacios m\u00e1s importantes y protegidos de internet. Manuel G. PascualJordi P\u00e9rez Colom\u00e9 Google ha activado este martes en Espa\u00f1a el ModoIA en su buscador, uno de los espacios digitales m\u00e1s valiosos de internet. Tres a\u00f1os han bastado\u2026","rel":"","context":"En \u00abTECNOL\u00d3GIA\u00bb","block_context":{"text":"TECNOL\u00d3GIA","link":"https:\/\/lasprimeras.com.do\/index.php\/category\/tecnologia\/"},"img":{"alt_text":"","src":"https:\/\/i0.wp.com\/lasprimeras.com.do\/wp-content\/uploads\/2025\/10\/google.jpg?resize=350%2C200&ssl=1","width":350,"height":200,"srcset":"https:\/\/i0.wp.com\/lasprimeras.com.do\/wp-content\/uploads\/2025\/10\/google.jpg?resize=350%2C200&ssl=1 1x, https:\/\/i0.wp.com\/lasprimeras.com.do\/wp-content\/uploads\/2025\/10\/google.jpg?resize=525%2C300&ssl=1 1.5x, https:\/\/i0.wp.com\/lasprimeras.com.do\/wp-content\/uploads\/2025\/10\/google.jpg?resize=700%2C400&ssl=1 2x, https:\/\/i0.wp.com\/lasprimeras.com.do\/wp-content\/uploads\/2025\/10\/google.jpg?resize=1050%2C600&ssl=1 3x"},"classes":[]},{"id":119343,"url":"https:\/\/lasprimeras.com.do\/index.php\/2026\/01\/11\/google-se-asocia-con-walmart-y-otros-minoristas-para-compras-con-chatbot-gemini-ai\/","url_meta":{"origin":50326,"position":4},"title":"Google se asocia con Walmart y otros minoristas para compras con chatbot Gemini AI","author":"Nelson Feliz","date":"11 de enero de 2026","format":false,"excerpt":"POR ANNE D\u2019INNOCENZIO NUEVA YORK (AP) \u2014 Google anunci\u00f3 el domingo que est\u00e1 ampliando las funciones de compra en su chatbot de IA al asociarse con Walmart, Shopify, Wayfair y otros grandes minoristas para convertir la aplicaci\u00f3n Gemini en un comerciante virtual adem\u00e1s de un asistente. Una funci\u00f3n de pago\u2026","rel":"","context":"En \u00abTECNOL\u00d3GIA\u00bb","block_context":{"text":"TECNOL\u00d3GIA","link":"https:\/\/lasprimeras.com.do\/index.php\/category\/tecnologia\/"},"img":{"alt_text":"Sundar Pichai, CEO de Alphabet, en un evento en Mountain View, California, el 20 de mayo del 2025","src":"https:\/\/i0.wp.com\/lasprimeras.com.do\/wp-content\/uploads\/2026\/01\/asocia.jpg?resize=350%2C200&ssl=1","width":350,"height":200,"srcset":"https:\/\/i0.wp.com\/lasprimeras.com.do\/wp-content\/uploads\/2026\/01\/asocia.jpg?resize=350%2C200&ssl=1 1x, https:\/\/i0.wp.com\/lasprimeras.com.do\/wp-content\/uploads\/2026\/01\/asocia.jpg?resize=525%2C300&ssl=1 1.5x, https:\/\/i0.wp.com\/lasprimeras.com.do\/wp-content\/uploads\/2026\/01\/asocia.jpg?resize=700%2C400&ssl=1 2x"},"classes":[]},{"id":72569,"url":"https:\/\/lasprimeras.com.do\/index.php\/2024\/01\/01\/aventura-y-romeo-santos-entre-los-mas-buscados-en-google\/","url_meta":{"origin":50326,"position":5},"title":"Aventura y Romeo Santos entre los m\u00e1s buscados en Google","author":"BIMARY DE JES\u00daS Matos","date":"1 de enero de 2024","format":false,"excerpt":"Santo Domingo.-Los exponentes de m\u00fasica dominicana Romeo Santos y Aventura han sido nombrados dentro de la lista de \u00ablos artistas con m\u00fasica en espa\u00f1ol o portugu\u00e9s m\u00e1s buscados en Google en todo el mundo de todos los tiempos\u00bb. En el listado, el grupo de bachata ocupa la quinta posici\u00f3n mientras\u2026","rel":"","context":"En \u00abENTRETENIMIENTO\u00bb","block_context":{"text":"ENTRETENIMIENTO","link":"https:\/\/lasprimeras.com.do\/index.php\/category\/entretenimiento\/"},"img":{"alt_text":"","src":"https:\/\/i0.wp.com\/lasprimeras.com.do\/wp-content\/uploads\/2024\/01\/Las-portadas-de-la-semana-EH-13-3.jpg?resize=350%2C200&ssl=1","width":350,"height":200,"srcset":"https:\/\/i0.wp.com\/lasprimeras.com.do\/wp-content\/uploads\/2024\/01\/Las-portadas-de-la-semana-EH-13-3.jpg?resize=350%2C200&ssl=1 1x, https:\/\/i0.wp.com\/lasprimeras.com.do\/wp-content\/uploads\/2024\/01\/Las-portadas-de-la-semana-EH-13-3.jpg?resize=525%2C300&ssl=1 1.5x"},"classes":[]}],"jetpack_sharing_enabled":true,"_links":{"self":[{"href":"https:\/\/lasprimeras.com.do\/index.php\/wp-json\/wp\/v2\/posts\/50326","targetHints":{"allow":["GET"]}}],"collection":[{"href":"https:\/\/lasprimeras.com.do\/index.php\/wp-json\/wp\/v2\/posts"}],"about":[{"href":"https:\/\/lasprimeras.com.do\/index.php\/wp-json\/wp\/v2\/types\/post"}],"author":[{"embeddable":true,"href":"https:\/\/lasprimeras.com.do\/index.php\/wp-json\/wp\/v2\/users\/1"}],"replies":[{"embeddable":true,"href":"https:\/\/lasprimeras.com.do\/index.php\/wp-json\/wp\/v2\/comments?post=50326"}],"version-history":[{"count":0,"href":"https:\/\/lasprimeras.com.do\/index.php\/wp-json\/wp\/v2\/posts\/50326\/revisions"}],"wp:featuredmedia":[{"embeddable":true,"href":"https:\/\/lasprimeras.com.do\/index.php\/wp-json\/"}],"wp:attachment":[{"href":"https:\/\/lasprimeras.com.do\/index.php\/wp-json\/wp\/v2\/media?parent=50326"}],"wp:term":[{"taxonomy":"category","embeddable":true,"href":"https:\/\/lasprimeras.com.do\/index.php\/wp-json\/wp\/v2\/categories?post=50326"},{"taxonomy":"post_tag","embeddable":true,"href":"https:\/\/lasprimeras.com.do\/index.php\/wp-json\/wp\/v2\/tags?post=50326"}],"curies":[{"name":"wp","href":"https:\/\/api.w.org\/{rel}","templated":true}]}}